{"id":7857,"date":"2025-06-16T00:01:00","date_gmt":"2025-06-15T22:01:00","guid":{"rendered":"https:\/\/hotelhouse.cz\/?p=7857"},"modified":"2025-06-14T01:43:04","modified_gmt":"2025-06-13T23:43:04","slug":"garden-party-na-prazskem-hrade-se-vraci-tri-dny-chuti-hudby-a-letni-pohody-v-kralovskych-zahradach","status":"publish","type":"post","link":"https:\/\/hotelhouse.cz\/index.php\/2025\/06\/16\/garden-party-na-prazskem-hrade-se-vraci-tri-dny-chuti-hudby-a-letni-pohody-v-kralovskych-zahradach\/","title":{"rendered":"Garden Party na Pra\u017esk\u00e9m hrad\u011b se vrac\u00ed: T\u0159i dny chut\u00ed, hudby a letn\u00ed pohody v Kr\u00e1lovsk\u00fdch zahrad\u00e1ch"},"content":{"rendered":"\n<div style=\"height:35px\" aria-hidden=\"true\" class=\"wp-block-spacer\"><\/div>\n\n\n\n<p class=\"has-medium-font-size\"><strong>Od p\u00e1tku 20. \u010dervna do ned\u011ble 22. \u010dervna leto\u0161n\u00edho roku o\u017eij\u00ed Kr\u00e1lovsk\u00e9 zahrady <a href=\"https:\/\/prazskyhrad.cz\/\">Pra\u017esk\u00e9ho hradu<\/a> druh\u00fdm ro\u010dn\u00edkem festivalu Garden Party. T\u0159i dny nabit\u00e9 chut\u011bmi, hudbou, kv\u011btinami a v\u00fdhledy \u2013 jednodu\u0161e t\u0159i festivaly v jednom.<\/strong><\/p>\n\n\n\n<div style=\"height:35px\" aria-hidden=\"true\" class=\"wp-block-spacer\"><\/div>\n\n\n<div class=\"wp-block-image\">\n<figure class=\"aligncenter size-large\"><img decoding=\"async\" src=\"https:\/\/prazskeprikopy.cz\/wp-content\/uploads\/2025\/06\/Garden-Party-2025-1024x1024.jpg\" alt=\"Garden Party na Pra\u017esk\u00e9m hrad\u011b se vrac\u00ed: T\u0159i dny chut\u00ed, hudby a letn\u00ed pohody v Kr\u00e1lovsk\u00fdch zahrad\u00e1ch\" class=\"wp-image-15291\"\/><\/figure><\/div>\n\n\n<div style=\"height:35px\" aria-hidden=\"true\" class=\"wp-block-spacer\"><\/div>\n\n\n\n<p class=\"has-medium-font-size\">Prvn\u00edm z nich je samotn\u00e1 oslava zahrad. N\u00e1v\u0161t\u011bvn\u00edci se mohou proch\u00e1zet mezi kvetouc\u00edmi z\u00e1hony, stalet\u00fdmi stromy a elegantn\u00ed kolon\u00e1dou Letohr\u00e1dku kr\u00e1lovny Anny. Nechyb\u00ed ikonick\u00e1 Zp\u00edvaj\u00edc\u00ed font\u00e1na ani jeden z nejkr\u00e1sn\u011bj\u0161\u00edch v\u00fdhled\u016f na Prahu z terasy Belvederu, kter\u00e1 je ide\u00e1ln\u00ed kulisou pro letn\u00ed odpo\u010dinek se sklenkou v ruce.<\/p>\n\n\n\n<p class=\"has-medium-font-size\">Druh\u00fd festival, ten nejchutn\u011bj\u0161\u00ed, pat\u0159\u00ed gastronomii. V\u00edce ne\u017e t\u0159icet st\u00e1nk\u016f nab\u00eddne v\u00fdb\u011br specialit z&nbsp;cel\u00e9 Evropy: grilovan\u00e1 masa, mo\u0159sk\u00e9 plody, vyzr\u00e1l\u00e9 s\u00fdry, uzeniny, empanadas, pala\u010dinky, zmrzlinu a&nbsp;mnoho dal\u0161\u00edho. <\/p>\n\n\n\n<p class=\"has-medium-font-size\">Mezi leto\u0161n\u00ed vystavovatele pat\u0159\u00ed nap\u0159\u00edklad Fransyr (evropsk\u00e9 s\u00fdry), Bread Society (klasick\u00e9 francouzsk\u00e9 pe\u010divo), Klob\u00e1sk\u00e1rna, Greek Delikatessy, Milleme, Bistro Manquian, Rooster Gourmet, No Stress Caf\u00e9, Delishop, Francouzsk\u00e9 pala\u010dinky, Gourmet Partners, PrimeWine, Kofi Kofi, Lex Vinum, VinoDome, Bissardon Juices, Farma Sva\u010dek, Cidrerie Jara, La Plage, Ferme Elizaldia, Mon Cr\u00e9mant, Sant\u00e9, Ch\u00e2teau \u0160afa\u0159\u00edkova nebo Oliviers &amp; Co. Nechyb\u00ed ani v\u00fdb\u011br evropsk\u00fdch v\u00edn, cr\u00e9mant\u016f, cider\u016f a piv z mal\u00fdch i zn\u00e1m\u00fdch pivovar\u016f.<\/p>\n\n\n\n<div style=\"height:35px\" aria-hidden=\"true\" class=\"wp-block-spacer\"><\/div>\n\n\n\n<figure class=\"wp-block-gallery has-nested-images columns-default is-cropped wp-block-gallery-1 is-layout-flex wp-block-gallery-is-layout-flex\">\n<figure class=\"wp-block-image size-large\"><img decoding=\"async\" data-id=\"15292\" src=\"https:\/\/prazskeprikopy.cz\/wp-content\/uploads\/2025\/06\/Foto-3-1024x683.jpg\" alt=\"Garden Party na Pra\u017esk\u00e9m hrad\u011b se vrac\u00ed: T\u0159i dny chut\u00ed, hudby a letn\u00ed pohody v Kr\u00e1lovsk\u00fdch zahrad\u00e1ch\" class=\"wp-image-15292\"\/><\/figure>\n\n\n\n<figure class=\"wp-block-image size-large\"><img decoding=\"async\" data-id=\"15293\" src=\"https:\/\/prazskeprikopy.cz\/wp-content\/uploads\/2025\/06\/Foto-1-1024x683.jpg\" alt=\"Garden Party na Pra\u017esk\u00e9m hrad\u011b se vrac\u00ed: T\u0159i dny chut\u00ed, hudby a letn\u00ed pohody v Kr\u00e1lovsk\u00fdch zahrad\u00e1ch\" class=\"wp-image-15293\"\/><\/figure>\n<\/figure>\n\n\n\n<div style=\"height:35px\" aria-hidden=\"true\" class=\"wp-block-spacer\"><\/div>\n\n\n\n<p class=\"has-medium-font-size\">T\u0159et\u00ed festival nab\u00eddne emoce a kulturn\u00ed z\u00e1\u017eitky. Hudebn\u00ed program je pestr\u00fd od flamenca p\u0159es jazz a&nbsp;swing a\u017e po klasiku. Vrcholem v\u00edkendu bude vystoupen\u00ed sboru Cancioneta Praga na n\u00e1dvo\u0159\u00ed Letohr\u00e1dku. V&nbsp;p\u00e1tek vystoup\u00ed Flamenkeria a Morenito de Triana, Jazzpot a Pragason, pro d\u011bti bude p\u0159ipraven Pan Kravata. V sobotu se p\u0159edstav\u00ed Kry\u0161tof Barto\u0161ek, Papermoon Trio a Sophia Lamos Swing Band, s dal\u0161\u00edm vystoupen\u00edm Cancionety. Ned\u011bln\u00ed program uzav\u0159ou Senoritas String, Charlotte Fairman Trio a Chleba se sal\u00e1mem.<\/p>\n\n\n\n<p class=\"has-medium-font-size\"><strong>Festival mysl\u00ed i na rodiny, ka\u017ed\u00fd den je p\u0159ipraven d\u011btsk\u00fd program se sladkou odm\u011bnou. Vstup pro d\u011bti do 15 let je zdarma.<\/strong><\/p>\n\n\n\n<p class=\"has-medium-font-size\">N\u00e1v\u0161t\u011bvn\u00edci si mohou vychutnat odpoledne na tr\u00e1vn\u00edku se sklenkou v\u00edna nebo cr\u00e9mantu a nas\u00e1vat jedine\u010dnou atmosf\u00e9ru jedn\u00e9 z nejmalebn\u011bj\u0161\u00edch zahrad <a href=\"https:\/\/vcentruprahy.cz\/\">v centru Prahy<\/a>. Na festival se pohodln\u011b dostanete tramvajemi \u010d. 22 a 23, vstup je mo\u017en\u00fd od Letohr\u00e1dku nebo are\u00e1lem Hradu. <strong>Otev\u0159eno je denn\u011b od 10:00 do 20:00.<\/strong> Jednodenn\u00ed vstupn\u00e9 \u010din\u00ed 150 K\u010d, t\u0159\u00eddenn\u00ed permanentka je do 15. \u010dervna k\u00a0dost\u00e1n\u00ed za zv\u00fdhodn\u011bnou cenu 200 K\u010d na <a href=\"https:\/\/www.goout.net\/\">www.goout.net<\/a>, pot\u00e9 za 350 K\u010d.<\/p>\n\n\n\n<div style=\"height:35px\" aria-hidden=\"true\" class=\"wp-block-spacer\"><\/div>\n\n\n<div class=\"wp-block-image\">\n<figure class=\"aligncenter size-large\"><img decoding=\"async\" src=\"https:\/\/prazskeprikopy.cz\/wp-content\/uploads\/2025\/06\/Foto-7-1024x683.jpg\" alt=\"Garden Party na Pra\u017esk\u00e9m hrad\u011b se vrac\u00ed: T\u0159i dny chut\u00ed, hudby a letn\u00ed pohody v Kr\u00e1lovsk\u00fdch zahrad\u00e1ch\" class=\"wp-image-15290\"\/><\/figure><\/div>\n\n\n<div style=\"height:35px\" aria-hidden=\"true\" class=\"wp-block-spacer\"><\/div>\n\n\n\n<p class=\"has-medium-font-size\">\u201e<em>M\u00e1me velkou radost, \u017ee se Garden Party letos vrac\u00ed<\/em>,\u201c <strong>\u0159\u00edk\u00e1 Thomas Bouton, zakladatel a hlavn\u00ed organiz\u00e1tor akce<\/strong>. \u201e<em>Premi\u00e9rov\u00fd ro\u010dn\u00edk m\u011bl skv\u011bl\u00e9 ohlasy a je pot\u011b\u0161uj\u00edc\u00ed vid\u011bt, \u017ee se festival u\u017e nyn\u00ed za\u010d\u00edn\u00e1 zabydlovat v pra\u017esk\u00e9m letn\u00edm kulturn\u00edm kalend\u00e1\u0159i. Na\u0161\u00edm p\u0159\u00e1n\u00edm je, aby se Garden Party stala ka\u017edoro\u010dn\u00edm vrcholem l\u00e9ta a ud\u00e1lost\u00ed, na kterou se Pra\u017ean\u00e9 i n\u00e1v\u0161t\u011bvn\u00edci m\u011bsta budou t\u011b\u0161it ka\u017ed\u00fd rok<\/em>.\u201c<\/p>\n\n\n\n<div style=\"height:35px\" aria-hidden=\"true\" class=\"wp-block-spacer\"><\/div>\n\n\n\n<p class=\"has-medium-font-size\"><strong>Podrobn\u00fd program, seznam vystavovatel\u016f a dal\u0161\u00ed informace najdete na: <a href=\"https:\/\/www.praguegardenparty.cz\/\">www.praguegardenparty.cz<\/a>.<\/strong><\/p>\n\n\n\n<div style=\"height:100px\" aria-hidden=\"true\" class=\"wp-block-spacer\"><\/div>\n\n\n\n<figure class=\"wp-block-gallery has-nested-images columns-2 is-cropped wp-block-gallery-3 is-layout-flex wp-block-gallery-is-layout-flex\">\n<figure class=\"wp-block-image size-large\"><img decoding=\"async\" data-id=\"15291\" src=\"https:\/\/prazskeprikopy.cz\/wp-content\/uploads\/2025\/06\/Garden-Party-2025-1024x1024.jpg\" alt=\"Garden Party na Pra\u017esk\u00e9m hrad\u011b se vrac\u00ed: T\u0159i dny chut\u00ed, hudby a letn\u00ed pohody v Kr\u00e1lovsk\u00fdch zahrad\u00e1ch\" class=\"wp-image-15291\"\/><\/figure>\n\n\n\n<figure class=\"wp-block-image size-large\"><img decoding=\"async\" data-id=\"15289\" src=\"https:\/\/prazskeprikopy.cz\/wp-content\/uploads\/2025\/06\/Foto-6-1024x683.jpg\" alt=\"Garden Party na Pra\u017esk\u00e9m hrad\u011b se vrac\u00ed: T\u0159i dny chut\u00ed, hudby a letn\u00ed pohody v Kr\u00e1lovsk\u00fdch zahrad\u00e1ch\" class=\"wp-image-15289\"\/><\/figure>\n\n\n\n<figure class=\"wp-block-image size-large\"><img decoding=\"async\" data-id=\"15292\" src=\"https:\/\/prazskeprikopy.cz\/wp-content\/uploads\/2025\/06\/Foto-3-1024x683.jpg\" alt=\"Garden Party na Pra\u017esk\u00e9m hrad\u011b se vrac\u00ed: T\u0159i dny chut\u00ed, hudby a letn\u00ed pohody v Kr\u00e1lovsk\u00fdch zahrad\u00e1ch\" class=\"wp-image-15292\"\/><\/figure>\n\n\n\n<figure class=\"wp-block-image size-large\"><img decoding=\"async\" data-id=\"15287\" src=\"https:\/\/prazskeprikopy.cz\/wp-content\/uploads\/2025\/06\/Foto-2-1024x683.jpg\" alt=\"Garden Party na Pra\u017esk\u00e9m hrad\u011b se vrac\u00ed: T\u0159i dny chut\u00ed, hudby a letn\u00ed pohody v Kr\u00e1lovsk\u00fdch zahrad\u00e1ch\" class=\"wp-image-15287\"\/><\/figure>\n\n\n\n<figure class=\"wp-block-image size-large\"><img decoding=\"async\" data-id=\"15288\" src=\"https:\/\/prazskeprikopy.cz\/wp-content\/uploads\/2025\/06\/Foto-5-1024x683.jpg\" alt=\"Garden Party na Pra\u017esk\u00e9m hrad\u011b se vrac\u00ed: T\u0159i dny chut\u00ed, hudby a letn\u00ed pohody v Kr\u00e1lovsk\u00fdch zahrad\u00e1ch\" class=\"wp-image-15288\"\/><\/figure>\n\n\n\n<figure class=\"wp-block-image size-large\"><img decoding=\"async\" data-id=\"15294\" src=\"https:\/\/prazskeprikopy.cz\/wp-content\/uploads\/2025\/06\/Foto-4-1024x683.jpg\" alt=\"Garden Party na Pra\u017esk\u00e9m hrad\u011b se vrac\u00ed: T\u0159i dny chut\u00ed, hudby a letn\u00ed pohody v Kr\u00e1lovsk\u00fdch zahrad\u00e1ch\" class=\"wp-image-15294\"\/><\/figure>\n\n\n\n<figure class=\"wp-block-image size-large\"><img decoding=\"async\" data-id=\"15293\" src=\"https:\/\/prazskeprikopy.cz\/wp-content\/uploads\/2025\/06\/Foto-1-1024x683.jpg\" alt=\"Garden Party na Pra\u017esk\u00e9m hrad\u011b se vrac\u00ed: T\u0159i dny chut\u00ed, hudby a letn\u00ed pohody v Kr\u00e1lovsk\u00fdch zahrad\u00e1ch\" class=\"wp-image-15293\"\/><\/figure>\n\n\n\n<figure class=\"wp-block-image size-large\"><img decoding=\"async\" data-id=\"15290\" src=\"https:\/\/prazskeprikopy.cz\/wp-content\/uploads\/2025\/06\/Foto-7-1024x683.jpg\" alt=\"Garden Party na Pra\u017esk\u00e9m hrad\u011b se vrac\u00ed: T\u0159i dny chut\u00ed, hudby a letn\u00ed pohody v Kr\u00e1lovsk\u00fdch zahrad\u00e1ch\" class=\"wp-image-15290\"\/><\/figure>\n<\/figure>\n\n\n\n<div style=\"height:35px\" aria-hidden=\"true\" class=\"wp-block-spacer\"><\/div>\n\n\n\n<p><strong>Zdroj foto: <\/strong>Garden Party<\/p>\n\n\n\n<div style=\"height:65px\" aria-hidden=\"true\" class=\"wp-block-spacer\"><\/div>\n","protected":false},"excerpt":{"rendered":"<p>Od p\u00e1tku 20. \u010dervna do ned\u011ble 22. \u010dervna leto\u0161n\u00edho roku o\u017eij\u00ed Kr\u00e1lovsk\u00e9 zahrady Pra\u017esk\u00e9ho hradu druh\u00fdm ro\u010dn\u00edkem festivalu Garden Party. T\u0159i dny nabit\u00e9 chut\u011bmi, hudbou, kv\u011btinami a v\u00fdhledy \u2013 jednodu\u0161e t\u0159i festivaly v jednom.&#46;&#46;&#46;<\/p>\n","protected":false},"author":10,"featured_media":7858,"comment_status":"closed","ping_status":"closed","sticky":false,"template":"","format":"standard","meta":{"_monsterinsights_skip_tracking":false,"_monsterinsights_sitenote_active":false,"_monsterinsights_sitenote_note":"","_monsterinsights_sitenote_category":0,"footnotes":""},"categories":[2,159,28],"tags":[],"yoast_head":"<!-- This site is optimized with the Yoast SEO plugin v21.5 - https:\/\/yoast.com\/wordpress\/plugins\/seo\/ -->\n<title>Garden Party na Pra\u017esk\u00e9m hrad\u011b se vrac\u00ed: T\u0159i dny chut\u00ed, hudby a letn\u00ed pohody v Kr\u00e1lovsk\u00fdch zahrad\u00e1ch - HOTELHOUSE.cz<\/title>\n<meta name=\"description\" content=\"Od p\u00e1tku 20. \u010dervna do ned\u011ble 22. \u010dervna leto\u0161n\u00edho roku o\u017eij\u00ed Kr\u00e1lovsk\u00e9 zahrady Pra\u017esk\u00e9ho hradu druh\u00fdm ro\u010dn\u00edkem festivalu Garden Party.\" \/>\n<meta name=\"robots\" content=\"index, follow, max-snippet:-1, max-image-preview:large, max-video-preview:-1\" \/>\n<link rel=\"canonical\" href=\"https:\/\/hotelhouse.cz\/index.php\/2025\/06\/16\/garden-party-na-prazskem-hrade-se-vraci-tri-dny-chuti-hudby-a-letni-pohody-v-kralovskych-zahradach\/\" \/>\n<meta property=\"og:locale\" content=\"cs_CZ\" \/>\n<meta property=\"og:type\" content=\"article\" \/>\n<meta property=\"og:title\" content=\"Garden Party na Pra\u017esk\u00e9m hrad\u011b se vrac\u00ed: T\u0159i dny chut\u00ed, hudby a letn\u00ed pohody v Kr\u00e1lovsk\u00fdch zahrad\u00e1ch - HOTELHOUSE.cz\" \/>\n<meta property=\"og:description\" content=\"Od p\u00e1tku 20. \u010dervna do ned\u011ble 22. \u010dervna leto\u0161n\u00edho roku o\u017eij\u00ed Kr\u00e1lovsk\u00e9 zahrady Pra\u017esk\u00e9ho hradu druh\u00fdm ro\u010dn\u00edkem festivalu Garden Party.\" \/>\n<meta property=\"og:url\" content=\"https:\/\/hotelhouse.cz\/index.php\/2025\/06\/16\/garden-party-na-prazskem-hrade-se-vraci-tri-dny-chuti-hudby-a-letni-pohody-v-kralovskych-zahradach\/\" \/>\n<meta property=\"og:site_name\" content=\"HOTELHOUSE.cz\" \/>\n<meta property=\"article:published_time\" content=\"2025-06-15T22:01:00+00:00\" \/>\n<meta property=\"article:modified_time\" content=\"2025-06-13T23:43:04+00:00\" \/>\n<meta property=\"og:image\" content=\"https:\/\/hotelhouse.cz\/wp-content\/uploads\/2025\/06\/Foto-5.jpg\" \/>\n\t<meta property=\"og:image:width\" content=\"1450\" \/>\n\t<meta property=\"og:image:height\" content=\"967\" \/>\n\t<meta property=\"og:image:type\" content=\"image\/jpeg\" \/>\n<meta name=\"author\" content=\"Helen Guardian\" \/>\n<meta name=\"twitter:card\" content=\"summary_large_image\" \/>\n<meta name=\"twitter:label1\" content=\"Napsal(a)\" \/>\n\t<meta name=\"twitter:data1\" content=\"Helen Guardian\" \/>\n\t<meta name=\"twitter:label2\" content=\"Odhadovan\u00e1 doba \u010dten\u00ed\" \/>\n\t<meta name=\"twitter:data2\" content=\"5 minut\" \/>\n<script type=\"application\/ld+json\" class=\"yoast-schema-graph\">{\"@context\":\"https:\/\/schema.org\",\"@graph\":[{\"@type\":\"Article\",\"@id\":\"https:\/\/hotelhouse.cz\/index.php\/2025\/06\/16\/garden-party-na-prazskem-hrade-se-vraci-tri-dny-chuti-hudby-a-letni-pohody-v-kralovskych-zahradach\/#article\",\"isPartOf\":{\"@id\":\"https:\/\/hotelhouse.cz\/index.php\/2025\/06\/16\/garden-party-na-prazskem-hrade-se-vraci-tri-dny-chuti-hudby-a-letni-pohody-v-kralovskych-zahradach\/\"},\"author\":{\"name\":\"Helen Guardian\",\"@id\":\"https:\/\/hotelhouse.cz\/#\/schema\/person\/d632b16c6b63077400f5e36aa5488072\"},\"headline\":\"Garden Party na Pra\u017esk\u00e9m hrad\u011b se vrac\u00ed: T\u0159i dny chut\u00ed, hudby a letn\u00ed pohody v Kr\u00e1lovsk\u00fdch zahrad\u00e1ch\",\"datePublished\":\"2025-06-15T22:01:00+00:00\",\"dateModified\":\"2025-06-13T23:43:04+00:00\",\"mainEntityOfPage\":{\"@id\":\"https:\/\/hotelhouse.cz\/index.php\/2025\/06\/16\/garden-party-na-prazskem-hrade-se-vraci-tri-dny-chuti-hudby-a-letni-pohody-v-kralovskych-zahradach\/\"},\"wordCount\":587,\"publisher\":{\"@id\":\"https:\/\/hotelhouse.cz\/#organization\"},\"articleSection\":[\"NEWS\",\"PRA\u017dSK\u00dd HRAD\",\"TIPY NA J\u00cdDLO\"],\"inLanguage\":\"cs\"},{\"@type\":\"WebPage\",\"@id\":\"https:\/\/hotelhouse.cz\/index.php\/2025\/06\/16\/garden-party-na-prazskem-hrade-se-vraci-tri-dny-chuti-hudby-a-letni-pohody-v-kralovskych-zahradach\/\",\"url\":\"https:\/\/hotelhouse.cz\/index.php\/2025\/06\/16\/garden-party-na-prazskem-hrade-se-vraci-tri-dny-chuti-hudby-a-letni-pohody-v-kralovskych-zahradach\/\",\"name\":\"Garden Party na Pra\u017esk\u00e9m hrad\u011b se vrac\u00ed: T\u0159i dny chut\u00ed, hudby a letn\u00ed pohody v Kr\u00e1lovsk\u00fdch zahrad\u00e1ch - HOTELHOUSE.cz\",\"isPartOf\":{\"@id\":\"https:\/\/hotelhouse.cz\/#website\"},\"datePublished\":\"2025-06-15T22:01:00+00:00\",\"dateModified\":\"2025-06-13T23:43:04+00:00\",\"description\":\"Od p\u00e1tku 20. \u010dervna do ned\u011ble 22. \u010dervna leto\u0161n\u00edho roku o\u017eij\u00ed Kr\u00e1lovsk\u00e9 zahrady Pra\u017esk\u00e9ho hradu druh\u00fdm ro\u010dn\u00edkem festivalu Garden Party.\",\"breadcrumb\":{\"@id\":\"https:\/\/hotelhouse.cz\/index.php\/2025\/06\/16\/garden-party-na-prazskem-hrade-se-vraci-tri-dny-chuti-hudby-a-letni-pohody-v-kralovskych-zahradach\/#breadcrumb\"},\"inLanguage\":\"cs\",\"potentialAction\":[{\"@type\":\"ReadAction\",\"target\":[\"https:\/\/hotelhouse.cz\/index.php\/2025\/06\/16\/garden-party-na-prazskem-hrade-se-vraci-tri-dny-chuti-hudby-a-letni-pohody-v-kralovskych-zahradach\/\"]}]},{\"@type\":\"BreadcrumbList\",\"@id\":\"https:\/\/hotelhouse.cz\/index.php\/2025\/06\/16\/garden-party-na-prazskem-hrade-se-vraci-tri-dny-chuti-hudby-a-letni-pohody-v-kralovskych-zahradach\/#breadcrumb\",\"itemListElement\":[{\"@type\":\"ListItem\",\"position\":1,\"name\":\"Dom\u016f\",\"item\":\"https:\/\/hotelhouse.cz\/\"},{\"@type\":\"ListItem\",\"position\":2,\"name\":\"Garden Party na Pra\u017esk\u00e9m hrad\u011b se vrac\u00ed: T\u0159i dny chut\u00ed, hudby a letn\u00ed pohody v Kr\u00e1lovsk\u00fdch zahrad\u00e1ch\"}]},{\"@type\":\"WebSite\",\"@id\":\"https:\/\/hotelhouse.cz\/#website\",\"url\":\"https:\/\/hotelhouse.cz\/\",\"name\":\"HOTELHOUSE.cz\",\"description\":\"Port\u00e1l o hotelech, pensionech, spa resortech a restaurac\u00edch...\",\"publisher\":{\"@id\":\"https:\/\/hotelhouse.cz\/#organization\"},\"potentialAction\":[{\"@type\":\"SearchAction\",\"target\":{\"@type\":\"EntryPoint\",\"urlTemplate\":\"https:\/\/hotelhouse.cz\/?s={search_term_string}\"},\"query-input\":\"required name=search_term_string\"}],\"inLanguage\":\"cs\"},{\"@type\":\"Organization\",\"@id\":\"https:\/\/hotelhouse.cz\/#organization\",\"name\":\"HOTELHOUSE.cz\",\"url\":\"https:\/\/hotelhouse.cz\/\",\"logo\":{\"@type\":\"ImageObject\",\"inLanguage\":\"cs\",\"@id\":\"https:\/\/hotelhouse.cz\/#\/schema\/logo\/image\/\",\"url\":\"https:\/\/hotelhouse.cz\/wp-content\/uploads\/2024\/12\/cropped-Logo_HotelHouse-2.jpg\",\"contentUrl\":\"https:\/\/hotelhouse.cz\/wp-content\/uploads\/2024\/12\/cropped-Logo_HotelHouse-2.jpg\",\"width\":933,\"height\":516,\"caption\":\"HOTELHOUSE.cz\"},\"image\":{\"@id\":\"https:\/\/hotelhouse.cz\/#\/schema\/logo\/image\/\"},\"sameAs\":[\"https:\/\/www.instagram.com\/hotelhousecz\/\"]},{\"@type\":\"Person\",\"@id\":\"https:\/\/hotelhouse.cz\/#\/schema\/person\/d632b16c6b63077400f5e36aa5488072\",\"name\":\"Helen Guardian\",\"image\":{\"@type\":\"ImageObject\",\"inLanguage\":\"cs\",\"@id\":\"https:\/\/hotelhouse.cz\/#\/schema\/person\/image\/\",\"url\":\"https:\/\/secure.gravatar.com\/avatar\/f62c76287ccbbd3f899549a169c0e6aa?s=96&d=mm&r=g\",\"contentUrl\":\"https:\/\/secure.gravatar.com\/avatar\/f62c76287ccbbd3f899549a169c0e6aa?s=96&d=mm&r=g\",\"caption\":\"Helen Guardian\"},\"sameAs\":[\"http:\/\/HOTELHOUSE.cz\"],\"url\":\"https:\/\/hotelhouse.cz\/index.php\/author\/helgu\/\"}]}<\/script>\n<!-- \/ Yoast SEO plugin. -->","yoast_head_json":{"title":"Garden Party na Pra\u017esk\u00e9m hrad\u011b se vrac\u00ed: T\u0159i dny chut\u00ed, hudby a letn\u00ed pohody v Kr\u00e1lovsk\u00fdch zahrad\u00e1ch - HOTELHOUSE.cz","description":"Od p\u00e1tku 20. \u010dervna do ned\u011ble 22. \u010dervna leto\u0161n\u00edho roku o\u017eij\u00ed Kr\u00e1lovsk\u00e9 zahrady Pra\u017esk\u00e9ho hradu druh\u00fdm ro\u010dn\u00edkem festivalu Garden Party.","robots":{"index":"index","follow":"follow","max-snippet":"max-snippet:-1","max-image-preview":"max-image-preview:large","max-video-preview":"max-video-preview:-1"},"canonical":"https:\/\/hotelhouse.cz\/index.php\/2025\/06\/16\/garden-party-na-prazskem-hrade-se-vraci-tri-dny-chuti-hudby-a-letni-pohody-v-kralovskych-zahradach\/","og_locale":"cs_CZ","og_type":"article","og_title":"Garden Party na Pra\u017esk\u00e9m hrad\u011b se vrac\u00ed: T\u0159i dny chut\u00ed, hudby a letn\u00ed pohody v Kr\u00e1lovsk\u00fdch zahrad\u00e1ch - HOTELHOUSE.cz","og_description":"Od p\u00e1tku 20. \u010dervna do ned\u011ble 22. \u010dervna leto\u0161n\u00edho roku o\u017eij\u00ed Kr\u00e1lovsk\u00e9 zahrady Pra\u017esk\u00e9ho hradu druh\u00fdm ro\u010dn\u00edkem festivalu Garden Party.","og_url":"https:\/\/hotelhouse.cz\/index.php\/2025\/06\/16\/garden-party-na-prazskem-hrade-se-vraci-tri-dny-chuti-hudby-a-letni-pohody-v-kralovskych-zahradach\/","og_site_name":"HOTELHOUSE.cz","article_published_time":"2025-06-15T22:01:00+00:00","article_modified_time":"2025-06-13T23:43:04+00:00","og_image":[{"width":1450,"height":967,"url":"https:\/\/hotelhouse.cz\/wp-content\/uploads\/2025\/06\/Foto-5.jpg","type":"image\/jpeg"}],"author":"Helen Guardian","twitter_card":"summary_large_image","twitter_misc":{"Napsal(a)":"Helen Guardian","Odhadovan\u00e1 doba \u010dten\u00ed":"5 minut"},"schema":{"@context":"https:\/\/schema.org","@graph":[{"@type":"Article","@id":"https:\/\/hotelhouse.cz\/index.php\/2025\/06\/16\/garden-party-na-prazskem-hrade-se-vraci-tri-dny-chuti-hudby-a-letni-pohody-v-kralovskych-zahradach\/#article","isPartOf":{"@id":"https:\/\/hotelhouse.cz\/index.php\/2025\/06\/16\/garden-party-na-prazskem-hrade-se-vraci-tri-dny-chuti-hudby-a-letni-pohody-v-kralovskych-zahradach\/"},"author":{"name":"Helen Guardian","@id":"https:\/\/hotelhouse.cz\/#\/schema\/person\/d632b16c6b63077400f5e36aa5488072"},"headline":"Garden Party na Pra\u017esk\u00e9m hrad\u011b se vrac\u00ed: T\u0159i dny chut\u00ed, hudby a letn\u00ed pohody v Kr\u00e1lovsk\u00fdch zahrad\u00e1ch","datePublished":"2025-06-15T22:01:00+00:00","dateModified":"2025-06-13T23:43:04+00:00","mainEntityOfPage":{"@id":"https:\/\/hotelhouse.cz\/index.php\/2025\/06\/16\/garden-party-na-prazskem-hrade-se-vraci-tri-dny-chuti-hudby-a-letni-pohody-v-kralovskych-zahradach\/"},"wordCount":587,"publisher":{"@id":"https:\/\/hotelhouse.cz\/#organization"},"articleSection":["NEWS","PRA\u017dSK\u00dd HRAD","TIPY NA J\u00cdDLO"],"inLanguage":"cs"},{"@type":"WebPage","@id":"https:\/\/hotelhouse.cz\/index.php\/2025\/06\/16\/garden-party-na-prazskem-hrade-se-vraci-tri-dny-chuti-hudby-a-letni-pohody-v-kralovskych-zahradach\/","url":"https:\/\/hotelhouse.cz\/index.php\/2025\/06\/16\/garden-party-na-prazskem-hrade-se-vraci-tri-dny-chuti-hudby-a-letni-pohody-v-kralovskych-zahradach\/","name":"Garden Party na Pra\u017esk\u00e9m hrad\u011b se vrac\u00ed: T\u0159i dny chut\u00ed, hudby a letn\u00ed pohody v Kr\u00e1lovsk\u00fdch zahrad\u00e1ch - HOTELHOUSE.cz","isPartOf":{"@id":"https:\/\/hotelhouse.cz\/#website"},"datePublished":"2025-06-15T22:01:00+00:00","dateModified":"2025-06-13T23:43:04+00:00","description":"Od p\u00e1tku 20. \u010dervna do ned\u011ble 22. \u010dervna leto\u0161n\u00edho roku o\u017eij\u00ed Kr\u00e1lovsk\u00e9 zahrady Pra\u017esk\u00e9ho hradu druh\u00fdm ro\u010dn\u00edkem festivalu Garden Party.","breadcrumb":{"@id":"https:\/\/hotelhouse.cz\/index.php\/2025\/06\/16\/garden-party-na-prazskem-hrade-se-vraci-tri-dny-chuti-hudby-a-letni-pohody-v-kralovskych-zahradach\/#breadcrumb"},"inLanguage":"cs","potentialAction":[{"@type":"ReadAction","target":["https:\/\/hotelhouse.cz\/index.php\/2025\/06\/16\/garden-party-na-prazskem-hrade-se-vraci-tri-dny-chuti-hudby-a-letni-pohody-v-kralovskych-zahradach\/"]}]},{"@type":"BreadcrumbList","@id":"https:\/\/hotelhouse.cz\/index.php\/2025\/06\/16\/garden-party-na-prazskem-hrade-se-vraci-tri-dny-chuti-hudby-a-letni-pohody-v-kralovskych-zahradach\/#breadcrumb","itemListElement":[{"@type":"ListItem","position":1,"name":"Dom\u016f","item":"https:\/\/hotelhouse.cz\/"},{"@type":"ListItem","position":2,"name":"Garden Party na Pra\u017esk\u00e9m hrad\u011b se vrac\u00ed: T\u0159i dny chut\u00ed, hudby a letn\u00ed pohody v Kr\u00e1lovsk\u00fdch zahrad\u00e1ch"}]},{"@type":"WebSite","@id":"https:\/\/hotelhouse.cz\/#website","url":"https:\/\/hotelhouse.cz\/","name":"HOTELHOUSE.cz","description":"Port\u00e1l o hotelech, pensionech, spa resortech a restaurac\u00edch...","publisher":{"@id":"https:\/\/hotelhouse.cz\/#organization"},"potentialAction":[{"@type":"SearchAction","target":{"@type":"EntryPoint","urlTemplate":"https:\/\/hotelhouse.cz\/?s={search_term_string}"},"query-input":"required name=search_term_string"}],"inLanguage":"cs"},{"@type":"Organization","@id":"https:\/\/hotelhouse.cz\/#organization","name":"HOTELHOUSE.cz","url":"https:\/\/hotelhouse.cz\/","logo":{"@type":"ImageObject","inLanguage":"cs","@id":"https:\/\/hotelhouse.cz\/#\/schema\/logo\/image\/","url":"https:\/\/hotelhouse.cz\/wp-content\/uploads\/2024\/12\/cropped-Logo_HotelHouse-2.jpg","contentUrl":"https:\/\/hotelhouse.cz\/wp-content\/uploads\/2024\/12\/cropped-Logo_HotelHouse-2.jpg","width":933,"height":516,"caption":"HOTELHOUSE.cz"},"image":{"@id":"https:\/\/hotelhouse.cz\/#\/schema\/logo\/image\/"},"sameAs":["https:\/\/www.instagram.com\/hotelhousecz\/"]},{"@type":"Person","@id":"https:\/\/hotelhouse.cz\/#\/schema\/person\/d632b16c6b63077400f5e36aa5488072","name":"Helen Guardian","image":{"@type":"ImageObject","inLanguage":"cs","@id":"https:\/\/hotelhouse.cz\/#\/schema\/person\/image\/","url":"https:\/\/secure.gravatar.com\/avatar\/f62c76287ccbbd3f899549a169c0e6aa?s=96&d=mm&r=g","contentUrl":"https:\/\/secure.gravatar.com\/avatar\/f62c76287ccbbd3f899549a169c0e6aa?s=96&d=mm&r=g","caption":"Helen Guardian"},"sameAs":["http:\/\/HOTELHOUSE.cz"],"url":"https:\/\/hotelhouse.cz\/index.php\/author\/helgu\/"}]}},"_links":{"self":[{"href":"https:\/\/hotelhouse.cz\/index.php\/wp-json\/wp\/v2\/posts\/7857"}],"collection":[{"href":"https:\/\/hotelhouse.cz\/index.php\/wp-json\/wp\/v2\/posts"}],"about":[{"href":"https:\/\/hotelhouse.cz\/index.php\/wp-json\/wp\/v2\/types\/post"}],"author":[{"embeddable":true,"href":"https:\/\/hotelhouse.cz\/index.php\/wp-json\/wp\/v2\/users\/10"}],"replies":[{"embeddable":true,"href":"https:\/\/hotelhouse.cz\/index.php\/wp-json\/wp\/v2\/comments?post=7857"}],"version-history":[{"count":2,"href":"https:\/\/hotelhouse.cz\/index.php\/wp-json\/wp\/v2\/posts\/7857\/revisions"}],"predecessor-version":[{"id":7888,"href":"https:\/\/hotelhouse.cz\/index.php\/wp-json\/wp\/v2\/posts\/7857\/revisions\/7888"}],"wp:featuredmedia":[{"embeddable":true,"href":"https:\/\/hotelhouse.cz\/index.php\/wp-json\/wp\/v2\/media\/7858"}],"wp:attachment":[{"href":"https:\/\/hotelhouse.cz\/index.php\/wp-json\/wp\/v2\/media?parent=7857"}],"wp:term":[{"taxonomy":"category","embeddable":true,"href":"https:\/\/hotelhouse.cz\/index.php\/wp-json\/wp\/v2\/categories?post=7857"},{"taxonomy":"post_tag","embeddable":true,"href":"https:\/\/hotelhouse.cz\/index.php\/wp-json\/wp\/v2\/tags?post=7857"}],"curies":[{"name":"wp","href":"https:\/\/api.w.org\/{rel}","templated":true}]}}