{"id":7870,"date":"2025-06-18T00:01:00","date_gmt":"2025-06-17T22:01:00","guid":{"rendered":"https:\/\/hotelhouse.cz\/?p=7870"},"modified":"2025-06-12T21:50:07","modified_gmt":"2025-06-12T19:50:07","slug":"zvon-svobody-zaznel-nad-prahou-byl-predan-za-pritomnosti-nizozemske-kralovny-a-ceskeho-prezidenta","status":"publish","type":"post","link":"https:\/\/hotelhouse.cz\/index.php\/2025\/06\/18\/zvon-svobody-zaznel-nad-prahou-byl-predan-za-pritomnosti-nizozemske-kralovny-a-ceskeho-prezidenta\/","title":{"rendered":"Zvon svobody \u201ezazn\u011bl\u201c nad Prahou: Byl p\u0159ed\u00e1n za p\u0159\u00edtomnosti nizozemsk\u00e9 kr\u00e1lovny a \u010desk\u00e9ho prezidenta"},"content":{"rendered":"\n<div style=\"height:45px\" aria-hidden=\"true\" class=\"wp-block-spacer\"><\/div>\n\n\n\n<p class=\"has-medium-font-size\"><strong>Spole\u010dnost Huisman se stala d\u016fle\u017eitou sou\u010d\u00e1st\u00ed mimo\u0159\u00e1dn\u00e9ho projektu. Za p\u0159\u00edtomnosti nizozemsk\u00e9 kr\u00e1lovny a \u010desk\u00e9ho prezidenta byl slavnostn\u011b inaugurov\u00e1n Zvon svobody \u2013 symbol m\u00edru, svobody a mezin\u00e1rodn\u00ed solidarity. Hlavn\u00edm sponzorem Zvonu svobody byla spole\u010dnost Huisman. Slavnostn\u00ed ud\u00e1lost se uskute\u010dnila 5. \u010dervna v kostele Nejsv\u011bt\u011bj\u0161\u00edho Salv\u00e1tora v Praze.<\/strong><\/p>\n\n\n\n<div style=\"height:45px\" aria-hidden=\"true\" class=\"wp-block-spacer\"><\/div>\n\n\n<div class=\"wp-block-image\">\n<figure class=\"aligncenter size-large\"><img decoding=\"async\" src=\"https:\/\/prazskametropole.cz\/wp-content\/uploads\/2025\/06\/Min-BZ-Jan-Maly-II-11-840x560.jpg\" alt=\"Zvon svobody\" class=\"wp-image-4172\" \/><\/figure><\/div>\n\n\n<div style=\"height:45px\" aria-hidden=\"true\" class=\"wp-block-spacer\"><\/div>\n\n\n\n<p class=\"has-medium-font-size\">Slavnostn\u00ed inaugurace Zvonu svobody se z\u00fa\u010dastnila kr\u00e1lovna M\u00e1xima z Nizozemska spolu s \u010desk\u00fdm prezidentem Petrem Pavlem a prvn\u00ed d\u00e1mou Evou Pavlovou. Zvon ofici\u00e1ln\u011b p\u0159edal <strong>Karel Pavl\u00ed\u010dek, Managing Director, Huisman Czech Republic<\/strong>, a uvedl k tomu: <em>\u201eJen v prost\u0159ed\u00ed svobody a nez\u00e1vislosti m\u016f\u017eeme posouvat hranice technick\u00fdch mo\u017enost\u00ed. D\u00edky tomu pat\u0159\u00edme mezi sv\u011btov\u00e9 technick\u00e9 l\u00eddry a dok\u00e1\u017eeme prom\u011bnit i ty nejodv\u00e1\u017en\u011bj\u0161\u00ed n\u00e1pady ve skute\u010dnost. Jsme p\u0159esv\u011bd\u010deni, \u017ee m\u00edt odvahu, dr\u017eet p\u0159i sob\u011b a spolupracovat za v\u0161ech okolnost\u00ed nejsou jen hodnoty, kter\u00fdmi se \u0159\u00edd\u00edme p\u0159i ka\u017edodenn\u00ed pr\u00e1ci na technicky n\u00e1ro\u010dn\u00fdch projektech po cel\u00e9m sv\u011bt\u011b, ale tak\u00e9 postoj, kter\u00fdm vyjad\u0159ujeme na\u0161i odpov\u011bdnost v\u016f\u010di cel\u00e9 spole\u010dnosti. Zvon svobody v sob\u011b nese siln\u00e9 a srozumiteln\u00e9 poselstv\u00ed m\u00edru, lidsk\u00e9 d\u016fstojnosti a solidarity, kter\u00e9 p\u0159esahuje hranice st\u00e1t\u016f. Jsme hrd\u00ed na to, \u017ee se m\u016f\u017eeme zapojit do vzniku symbolu, kter\u00fd m\u00edsto ni\u010den\u00ed spojuje a p\u0159ipom\u00edn\u00e1 principy, na kter\u00fdch stoj\u00ed svobodn\u00e1 spole\u010dnost.\u201c<\/em><\/p>\n\n\n\n<p class=\"has-medium-font-size\">Zvon svobody byl vyroben\u00fd z kovu uko\u0159ist\u011bn\u00fdch rusk\u00fdch zbran\u00ed na Ukrajin\u011b. Symbolizuje nizozemsko-\u010deskou solidaritu s Ukrajinou a jeho hlas p\u0159ipom\u00edn\u00e1 hodnoty m\u00edru, svobody a lidsk\u00e9 d\u016fstojnosti. Na zvonu se nach\u00e1z\u00ed biblick\u00fd cit\u00e1t ve t\u0159ech jazyc\u00edch \u2013 \u010de\u0161tin\u011b, nizozem\u0161tin\u011b a ukrajin\u0161tin\u011b. Na t\u011ble zvonu je tak\u00e9 uvedeno, \u017ee byl odlit z poz\u016fstatk\u016f zbran\u00ed. Zvon svobody v\u00e1\u017e\u00ed p\u0159es 220 kg a v pr\u016fm\u011bru m\u011b\u0159\u00ed 69 centimetr\u016f.<\/p>\n\n\n\n<div style=\"height:45px\" aria-hidden=\"true\" class=\"wp-block-spacer\"><\/div>\n\n\n<div class=\"wp-block-image\">\n<figure class=\"aligncenter size-large\"><img decoding=\"async\" src=\"https:\/\/prazskametropole.cz\/wp-content\/uploads\/2025\/06\/Min-BZ-Jan-Maly-II-48-840x560.jpg\" alt=\"Zvon svobody\" class=\"wp-image-4173\" \/><\/figure><\/div>\n\n\n<div style=\"height:45px\" aria-hidden=\"true\" class=\"wp-block-spacer\"><\/div>\n\n\n\n<p class=\"has-medium-font-size\">\u201e<em>Zvon svobody nenavrac\u00ed Praze pouze ztracen\u00fd hlas, ale st\u00e1v\u00e1 se trval\u00fdm symbolem jednoty, odolnosti a evropsk\u00e9 solidarity. Jako otec dvou mal\u00fdch d\u011bt\u00ed a vnuk \u017eidovsk\u00fdch i n\u011bmeck\u00fdch p\u0159edk\u016f jsem vyr\u016fstal s v\u011bdom\u00edm, \u017ee vybudovat bezpe\u010dnou spole\u010dnost trv\u00e1 des\u00edtky let, zato k jej\u00edmu rozpadu m\u016f\u017ee doj\u00edt mnohem rychleji. Tento projekt nen\u00ed jen p\u0159ipom\u00ednkou minulosti, ale i v\u00fdzvou k odpov\u011bdnosti v p\u0159\u00edtomnosti \u2013 chr\u00e1nit hodnoty, kter\u00e9 umo\u017e\u0148uj\u00ed m\u00edrov\u00e9 sou\u017eit\u00ed i pro dal\u0161\u00ed generace,\u201c<\/em> uvedl <strong>David Roodenburg, CEO, Huisman<\/strong>.<\/p>\n\n\n\n<p class=\"has-medium-font-size\">Ve dnech 4. a 5. \u010dervna se spole\u010dnost Huisman p\u0159ipojila k nizozemsk\u00e9 delegaci b\u011bhem st\u00e1tn\u00ed n\u00e1v\u0161t\u011bvy \u010cesk\u00e9 republiky. Dvoudenn\u00ed program zahrnoval kulat\u00fd st\u016fl gener\u00e1ln\u00edch \u0159editel\u016f s \u00fa\u010dast\u00ed vrcholn\u00fdch p\u0159edstavitel\u016f p\u0159edn\u00edch nizozemsk\u00fdch firem, obchodn\u00ed f\u00f3rum a strategick\u00e1 jedn\u00e1n\u00ed zam\u011b\u0159en\u00e1 na pos\u00edlen\u00ed ekonomick\u00fdch a diplomatick\u00fdch vztah\u016f mezi Nizozemskem a \u010ceskou republikou.<\/p>\n\n\n\n<p class=\"has-medium-font-size\">Za vznikem projektu Zvon svobody stoj\u00ed velvyslanectv\u00ed Nizozemsk\u00e9ho kr\u00e1lovstv\u00ed v \u010cesku a spolek Sanctus Castulus, kter\u00fd usiluje o n\u00e1vrat chyb\u011bj\u00edc\u00edch zvon\u016f a obnoven\u00ed jejich hlasu jako symbolu odolnosti a soudr\u017enosti. Hlavn\u00ed sponzorem projektu byla spole\u010dnost Huisman, finan\u010dn\u00ed podporu p\u0159idala tak\u00e9 NN \u017eivotn\u00ed poji\u0161\u0165ovna. Partnerem bylo velvyslanectv\u00ed Ukrajiny v \u010cesk\u00e9 republice. Zvon byl vyroben\u00fd v nizozemsk\u00e9 sl\u00e9v\u00e1rn\u011b Royal Eijsbouts. Dopravu z Nizozem\u00ed do \u010ceska zajistila firma firma Voerman.<\/p>\n\n\n\n<div style=\"height:45px\" aria-hidden=\"true\" class=\"wp-block-spacer\"><\/div>\n\n\n\n<figure class=\"wp-block-gallery has-nested-images columns-default is-cropped wp-block-gallery-1 is-layout-flex wp-block-gallery-is-layout-flex\">\n<figure class=\"wp-block-image size-large\"><img decoding=\"async\" data-id=\"4172\" src=\"https:\/\/prazskametropole.cz\/wp-content\/uploads\/2025\/06\/Min-BZ-Jan-Maly-II-11-840x560.jpg\" alt=\"Zvon svobody\" class=\"wp-image-4172\" \/><\/figure>\n\n\n\n<figure class=\"wp-block-image size-large\"><img decoding=\"async\" data-id=\"4173\" src=\"https:\/\/prazskametropole.cz\/wp-content\/uploads\/2025\/06\/Min-BZ-Jan-Maly-II-48-840x560.jpg\" alt=\"Zvon svobody\" class=\"wp-image-4173\" \/><\/figure>\n<\/figure>\n\n\n\n<div style=\"height:45px\" aria-hidden=\"true\" class=\"wp-block-spacer\"><\/div>\n\n\n\n<p class=\"has-medium-font-size\"><strong>Zdroj foto:&nbsp;<\/strong>Managing Director Huisman Czech Republic<\/p>\n\n\n\n<div style=\"height:45px\" aria-hidden=\"true\" class=\"wp-block-spacer\"><\/div>\n","protected":false},"excerpt":{"rendered":"<p>Spole\u010dnost Huisman se stala d\u016fle\u017eitou sou\u010d\u00e1st\u00ed mimo\u0159\u00e1dn\u00e9ho projektu. Za p\u0159\u00edtomnosti nizozemsk\u00e9 kr\u00e1lovny a \u010desk\u00e9ho prezidenta byl slavnostn\u011b inaugurov\u00e1n Zvon svobody \u2013 symbol m\u00edru, svobody a mezin\u00e1rodn\u00ed solidarity. Hlavn\u00edm sponzorem Zvonu svobody byla spole\u010dnost Huisman.&#46;&#46;&#46;<\/p>\n","protected":false},"author":9,"featured_media":7871,"comment_status":"closed","ping_status":"closed","sticky":false,"template":"","format":"standard","meta":{"_monsterinsights_skip_tracking":false,"_monsterinsights_sitenote_active":false,"_monsterinsights_sitenote_note":"","_monsterinsights_sitenote_category":0,"footnotes":""},"categories":[2,154],"tags":[],"yoast_head":"<!-- This site is optimized with the Yoast SEO plugin v21.5 - https:\/\/yoast.com\/wordpress\/plugins\/seo\/ -->\n<title>Zvon svobody \u201ezazn\u011bl\u201c nad Prahou: Byl p\u0159ed\u00e1n za p\u0159\u00edtomnosti nizozemsk\u00e9 kr\u00e1lovny a \u010desk\u00e9ho prezidenta - HOTELHOUSE.cz<\/title>\n<meta name=\"description\" content=\"Spole\u010dnost Huisman se stala d\u016fle\u017eitou sou\u010d\u00e1st\u00ed mimo\u0159\u00e1dn\u00e9ho projektu. Za p\u0159\u00edtomnosti nizozemsk\u00e9 kr\u00e1lovny a \u010desk\u00e9ho prezidenta...\" \/>\n<meta name=\"robots\" content=\"index, follow, max-snippet:-1, max-image-preview:large, max-video-preview:-1\" \/>\n<link rel=\"canonical\" href=\"https:\/\/hotelhouse.cz\/index.php\/2025\/06\/18\/zvon-svobody-zaznel-nad-prahou-byl-predan-za-pritomnosti-nizozemske-kralovny-a-ceskeho-prezidenta\/\" \/>\n<meta property=\"og:locale\" content=\"cs_CZ\" \/>\n<meta property=\"og:type\" content=\"article\" \/>\n<meta property=\"og:title\" content=\"Zvon svobody \u201ezazn\u011bl\u201c nad Prahou: Byl p\u0159ed\u00e1n za p\u0159\u00edtomnosti nizozemsk\u00e9 kr\u00e1lovny a \u010desk\u00e9ho prezidenta - HOTELHOUSE.cz\" \/>\n<meta property=\"og:description\" content=\"Spole\u010dnost Huisman se stala d\u016fle\u017eitou sou\u010d\u00e1st\u00ed mimo\u0159\u00e1dn\u00e9ho projektu. Za p\u0159\u00edtomnosti nizozemsk\u00e9 kr\u00e1lovny a \u010desk\u00e9ho prezidenta...\" \/>\n<meta property=\"og:url\" content=\"https:\/\/hotelhouse.cz\/index.php\/2025\/06\/18\/zvon-svobody-zaznel-nad-prahou-byl-predan-za-pritomnosti-nizozemske-kralovny-a-ceskeho-prezidenta\/\" \/>\n<meta property=\"og:site_name\" content=\"HOTELHOUSE.cz\" \/>\n<meta property=\"article:published_time\" content=\"2025-06-17T22:01:00+00:00\" \/>\n<meta property=\"article:modified_time\" content=\"2025-06-12T19:50:07+00:00\" \/>\n<meta property=\"og:image\" content=\"https:\/\/hotelhouse.cz\/wp-content\/uploads\/2025\/06\/Min-BZ-Jan-Maly-II-11-scaled.jpg\" \/>\n\t<meta property=\"og:image:width\" content=\"2560\" \/>\n\t<meta property=\"og:image:height\" content=\"1707\" \/>\n\t<meta property=\"og:image:type\" content=\"image\/jpeg\" \/>\n<meta name=\"author\" content=\"Martina Pechov\u00e1\" \/>\n<meta name=\"twitter:card\" content=\"summary_large_image\" \/>\n<meta name=\"twitter:label1\" content=\"Napsal(a)\" \/>\n\t<meta name=\"twitter:data1\" content=\"Martina Pechov\u00e1\" \/>\n\t<meta name=\"twitter:label2\" content=\"Odhadovan\u00e1 doba \u010dten\u00ed\" \/>\n\t<meta name=\"twitter:data2\" content=\"4 minuty\" \/>\n<script type=\"application\/ld+json\" class=\"yoast-schema-graph\">{\"@context\":\"https:\/\/schema.org\",\"@graph\":[{\"@type\":\"Article\",\"@id\":\"https:\/\/hotelhouse.cz\/index.php\/2025\/06\/18\/zvon-svobody-zaznel-nad-prahou-byl-predan-za-pritomnosti-nizozemske-kralovny-a-ceskeho-prezidenta\/#article\",\"isPartOf\":{\"@id\":\"https:\/\/hotelhouse.cz\/index.php\/2025\/06\/18\/zvon-svobody-zaznel-nad-prahou-byl-predan-za-pritomnosti-nizozemske-kralovny-a-ceskeho-prezidenta\/\"},\"author\":{\"name\":\"Martina Pechov\u00e1\",\"@id\":\"https:\/\/hotelhouse.cz\/#\/schema\/person\/def44b172d589b89b7d95d5df5bf4495\"},\"headline\":\"Zvon svobody \u201ezazn\u011bl\u201c nad Prahou: Byl p\u0159ed\u00e1n za p\u0159\u00edtomnosti nizozemsk\u00e9 kr\u00e1lovny a \u010desk\u00e9ho prezidenta\",\"datePublished\":\"2025-06-17T22:01:00+00:00\",\"dateModified\":\"2025-06-12T19:50:07+00:00\",\"mainEntityOfPage\":{\"@id\":\"https:\/\/hotelhouse.cz\/index.php\/2025\/06\/18\/zvon-svobody-zaznel-nad-prahou-byl-predan-za-pritomnosti-nizozemske-kralovny-a-ceskeho-prezidenta\/\"},\"wordCount\":622,\"publisher\":{\"@id\":\"https:\/\/hotelhouse.cz\/#organization\"},\"articleSection\":[\"NEWS\",\"PRA\u017dSK\u00c1 METROPOLE\"],\"inLanguage\":\"cs\"},{\"@type\":\"WebPage\",\"@id\":\"https:\/\/hotelhouse.cz\/index.php\/2025\/06\/18\/zvon-svobody-zaznel-nad-prahou-byl-predan-za-pritomnosti-nizozemske-kralovny-a-ceskeho-prezidenta\/\",\"url\":\"https:\/\/hotelhouse.cz\/index.php\/2025\/06\/18\/zvon-svobody-zaznel-nad-prahou-byl-predan-za-pritomnosti-nizozemske-kralovny-a-ceskeho-prezidenta\/\",\"name\":\"Zvon svobody \u201ezazn\u011bl\u201c nad Prahou: Byl p\u0159ed\u00e1n za p\u0159\u00edtomnosti nizozemsk\u00e9 kr\u00e1lovny a \u010desk\u00e9ho prezidenta - HOTELHOUSE.cz\",\"isPartOf\":{\"@id\":\"https:\/\/hotelhouse.cz\/#website\"},\"datePublished\":\"2025-06-17T22:01:00+00:00\",\"dateModified\":\"2025-06-12T19:50:07+00:00\",\"description\":\"Spole\u010dnost Huisman se stala d\u016fle\u017eitou sou\u010d\u00e1st\u00ed mimo\u0159\u00e1dn\u00e9ho projektu. Za p\u0159\u00edtomnosti nizozemsk\u00e9 kr\u00e1lovny a \u010desk\u00e9ho prezidenta...\",\"breadcrumb\":{\"@id\":\"https:\/\/hotelhouse.cz\/index.php\/2025\/06\/18\/zvon-svobody-zaznel-nad-prahou-byl-predan-za-pritomnosti-nizozemske-kralovny-a-ceskeho-prezidenta\/#breadcrumb\"},\"inLanguage\":\"cs\",\"potentialAction\":[{\"@type\":\"ReadAction\",\"target\":[\"https:\/\/hotelhouse.cz\/index.php\/2025\/06\/18\/zvon-svobody-zaznel-nad-prahou-byl-predan-za-pritomnosti-nizozemske-kralovny-a-ceskeho-prezidenta\/\"]}]},{\"@type\":\"BreadcrumbList\",\"@id\":\"https:\/\/hotelhouse.cz\/index.php\/2025\/06\/18\/zvon-svobody-zaznel-nad-prahou-byl-predan-za-pritomnosti-nizozemske-kralovny-a-ceskeho-prezidenta\/#breadcrumb\",\"itemListElement\":[{\"@type\":\"ListItem\",\"position\":1,\"name\":\"Dom\u016f\",\"item\":\"https:\/\/hotelhouse.cz\/\"},{\"@type\":\"ListItem\",\"position\":2,\"name\":\"Zvon svobody \u201ezazn\u011bl\u201c nad Prahou: Byl p\u0159ed\u00e1n za p\u0159\u00edtomnosti nizozemsk\u00e9 kr\u00e1lovny a \u010desk\u00e9ho prezidenta\"}]},{\"@type\":\"WebSite\",\"@id\":\"https:\/\/hotelhouse.cz\/#website\",\"url\":\"https:\/\/hotelhouse.cz\/\",\"name\":\"HOTELHOUSE.cz\",\"description\":\"Port\u00e1l o hotelech, pensionech, spa resortech a restaurac\u00edch...\",\"publisher\":{\"@id\":\"https:\/\/hotelhouse.cz\/#organization\"},\"potentialAction\":[{\"@type\":\"SearchAction\",\"target\":{\"@type\":\"EntryPoint\",\"urlTemplate\":\"https:\/\/hotelhouse.cz\/?s={search_term_string}\"},\"query-input\":\"required name=search_term_string\"}],\"inLanguage\":\"cs\"},{\"@type\":\"Organization\",\"@id\":\"https:\/\/hotelhouse.cz\/#organization\",\"name\":\"HOTELHOUSE.cz\",\"url\":\"https:\/\/hotelhouse.cz\/\",\"logo\":{\"@type\":\"ImageObject\",\"inLanguage\":\"cs\",\"@id\":\"https:\/\/hotelhouse.cz\/#\/schema\/logo\/image\/\",\"url\":\"https:\/\/hotelhouse.cz\/wp-content\/uploads\/2024\/12\/cropped-Logo_HotelHouse-2.jpg\",\"contentUrl\":\"https:\/\/hotelhouse.cz\/wp-content\/uploads\/2024\/12\/cropped-Logo_HotelHouse-2.jpg\",\"width\":933,\"height\":516,\"caption\":\"HOTELHOUSE.cz\"},\"image\":{\"@id\":\"https:\/\/hotelhouse.cz\/#\/schema\/logo\/image\/\"},\"sameAs\":[\"https:\/\/www.instagram.com\/hotelhousecz\/\"]},{\"@type\":\"Person\",\"@id\":\"https:\/\/hotelhouse.cz\/#\/schema\/person\/def44b172d589b89b7d95d5df5bf4495\",\"name\":\"Martina Pechov\u00e1\",\"image\":{\"@type\":\"ImageObject\",\"inLanguage\":\"cs\",\"@id\":\"https:\/\/hotelhouse.cz\/#\/schema\/person\/image\/\",\"url\":\"https:\/\/secure.gravatar.com\/avatar\/f0b7849f9f82bc20952396010e3c9adb?s=96&d=mm&r=g\",\"contentUrl\":\"https:\/\/secure.gravatar.com\/avatar\/f0b7849f9f82bc20952396010e3c9adb?s=96&d=mm&r=g\",\"caption\":\"Martina Pechov\u00e1\"},\"sameAs\":[\"http:\/\/HOTELHOUSE.cz\"],\"url\":\"https:\/\/hotelhouse.cz\/index.php\/author\/marpech\/\"}]}<\/script>\n<!-- \/ Yoast SEO plugin. -->","yoast_head_json":{"title":"Zvon svobody \u201ezazn\u011bl\u201c nad Prahou: Byl p\u0159ed\u00e1n za p\u0159\u00edtomnosti nizozemsk\u00e9 kr\u00e1lovny a \u010desk\u00e9ho prezidenta - HOTELHOUSE.cz","description":"Spole\u010dnost Huisman se stala d\u016fle\u017eitou sou\u010d\u00e1st\u00ed mimo\u0159\u00e1dn\u00e9ho projektu. Za p\u0159\u00edtomnosti nizozemsk\u00e9 kr\u00e1lovny a \u010desk\u00e9ho prezidenta...","robots":{"index":"index","follow":"follow","max-snippet":"max-snippet:-1","max-image-preview":"max-image-preview:large","max-video-preview":"max-video-preview:-1"},"canonical":"https:\/\/hotelhouse.cz\/index.php\/2025\/06\/18\/zvon-svobody-zaznel-nad-prahou-byl-predan-za-pritomnosti-nizozemske-kralovny-a-ceskeho-prezidenta\/","og_locale":"cs_CZ","og_type":"article","og_title":"Zvon svobody \u201ezazn\u011bl\u201c nad Prahou: Byl p\u0159ed\u00e1n za p\u0159\u00edtomnosti nizozemsk\u00e9 kr\u00e1lovny a \u010desk\u00e9ho prezidenta - HOTELHOUSE.cz","og_description":"Spole\u010dnost Huisman se stala d\u016fle\u017eitou sou\u010d\u00e1st\u00ed mimo\u0159\u00e1dn\u00e9ho projektu. Za p\u0159\u00edtomnosti nizozemsk\u00e9 kr\u00e1lovny a \u010desk\u00e9ho prezidenta...","og_url":"https:\/\/hotelhouse.cz\/index.php\/2025\/06\/18\/zvon-svobody-zaznel-nad-prahou-byl-predan-za-pritomnosti-nizozemske-kralovny-a-ceskeho-prezidenta\/","og_site_name":"HOTELHOUSE.cz","article_published_time":"2025-06-17T22:01:00+00:00","article_modified_time":"2025-06-12T19:50:07+00:00","og_image":[{"width":2560,"height":1707,"url":"https:\/\/hotelhouse.cz\/wp-content\/uploads\/2025\/06\/Min-BZ-Jan-Maly-II-11-scaled.jpg","type":"image\/jpeg"}],"author":"Martina Pechov\u00e1","twitter_card":"summary_large_image","twitter_misc":{"Napsal(a)":"Martina Pechov\u00e1","Odhadovan\u00e1 doba \u010dten\u00ed":"4 minuty"},"schema":{"@context":"https:\/\/schema.org","@graph":[{"@type":"Article","@id":"https:\/\/hotelhouse.cz\/index.php\/2025\/06\/18\/zvon-svobody-zaznel-nad-prahou-byl-predan-za-pritomnosti-nizozemske-kralovny-a-ceskeho-prezidenta\/#article","isPartOf":{"@id":"https:\/\/hotelhouse.cz\/index.php\/2025\/06\/18\/zvon-svobody-zaznel-nad-prahou-byl-predan-za-pritomnosti-nizozemske-kralovny-a-ceskeho-prezidenta\/"},"author":{"name":"Martina Pechov\u00e1","@id":"https:\/\/hotelhouse.cz\/#\/schema\/person\/def44b172d589b89b7d95d5df5bf4495"},"headline":"Zvon svobody \u201ezazn\u011bl\u201c nad Prahou: Byl p\u0159ed\u00e1n za p\u0159\u00edtomnosti nizozemsk\u00e9 kr\u00e1lovny a \u010desk\u00e9ho prezidenta","datePublished":"2025-06-17T22:01:00+00:00","dateModified":"2025-06-12T19:50:07+00:00","mainEntityOfPage":{"@id":"https:\/\/hotelhouse.cz\/index.php\/2025\/06\/18\/zvon-svobody-zaznel-nad-prahou-byl-predan-za-pritomnosti-nizozemske-kralovny-a-ceskeho-prezidenta\/"},"wordCount":622,"publisher":{"@id":"https:\/\/hotelhouse.cz\/#organization"},"articleSection":["NEWS","PRA\u017dSK\u00c1 METROPOLE"],"inLanguage":"cs"},{"@type":"WebPage","@id":"https:\/\/hotelhouse.cz\/index.php\/2025\/06\/18\/zvon-svobody-zaznel-nad-prahou-byl-predan-za-pritomnosti-nizozemske-kralovny-a-ceskeho-prezidenta\/","url":"https:\/\/hotelhouse.cz\/index.php\/2025\/06\/18\/zvon-svobody-zaznel-nad-prahou-byl-predan-za-pritomnosti-nizozemske-kralovny-a-ceskeho-prezidenta\/","name":"Zvon svobody \u201ezazn\u011bl\u201c nad Prahou: Byl p\u0159ed\u00e1n za p\u0159\u00edtomnosti nizozemsk\u00e9 kr\u00e1lovny a \u010desk\u00e9ho prezidenta - HOTELHOUSE.cz","isPartOf":{"@id":"https:\/\/hotelhouse.cz\/#website"},"datePublished":"2025-06-17T22:01:00+00:00","dateModified":"2025-06-12T19:50:07+00:00","description":"Spole\u010dnost Huisman se stala d\u016fle\u017eitou sou\u010d\u00e1st\u00ed mimo\u0159\u00e1dn\u00e9ho projektu. Za p\u0159\u00edtomnosti nizozemsk\u00e9 kr\u00e1lovny a \u010desk\u00e9ho prezidenta...","breadcrumb":{"@id":"https:\/\/hotelhouse.cz\/index.php\/2025\/06\/18\/zvon-svobody-zaznel-nad-prahou-byl-predan-za-pritomnosti-nizozemske-kralovny-a-ceskeho-prezidenta\/#breadcrumb"},"inLanguage":"cs","potentialAction":[{"@type":"ReadAction","target":["https:\/\/hotelhouse.cz\/index.php\/2025\/06\/18\/zvon-svobody-zaznel-nad-prahou-byl-predan-za-pritomnosti-nizozemske-kralovny-a-ceskeho-prezidenta\/"]}]},{"@type":"BreadcrumbList","@id":"https:\/\/hotelhouse.cz\/index.php\/2025\/06\/18\/zvon-svobody-zaznel-nad-prahou-byl-predan-za-pritomnosti-nizozemske-kralovny-a-ceskeho-prezidenta\/#breadcrumb","itemListElement":[{"@type":"ListItem","position":1,"name":"Dom\u016f","item":"https:\/\/hotelhouse.cz\/"},{"@type":"ListItem","position":2,"name":"Zvon svobody \u201ezazn\u011bl\u201c nad Prahou: Byl p\u0159ed\u00e1n za p\u0159\u00edtomnosti nizozemsk\u00e9 kr\u00e1lovny a \u010desk\u00e9ho prezidenta"}]},{"@type":"WebSite","@id":"https:\/\/hotelhouse.cz\/#website","url":"https:\/\/hotelhouse.cz\/","name":"HOTELHOUSE.cz","description":"Port\u00e1l o hotelech, pensionech, spa resortech a restaurac\u00edch...","publisher":{"@id":"https:\/\/hotelhouse.cz\/#organization"},"potentialAction":[{"@type":"SearchAction","target":{"@type":"EntryPoint","urlTemplate":"https:\/\/hotelhouse.cz\/?s={search_term_string}"},"query-input":"required name=search_term_string"}],"inLanguage":"cs"},{"@type":"Organization","@id":"https:\/\/hotelhouse.cz\/#organization","name":"HOTELHOUSE.cz","url":"https:\/\/hotelhouse.cz\/","logo":{"@type":"ImageObject","inLanguage":"cs","@id":"https:\/\/hotelhouse.cz\/#\/schema\/logo\/image\/","url":"https:\/\/hotelhouse.cz\/wp-content\/uploads\/2024\/12\/cropped-Logo_HotelHouse-2.jpg","contentUrl":"https:\/\/hotelhouse.cz\/wp-content\/uploads\/2024\/12\/cropped-Logo_HotelHouse-2.jpg","width":933,"height":516,"caption":"HOTELHOUSE.cz"},"image":{"@id":"https:\/\/hotelhouse.cz\/#\/schema\/logo\/image\/"},"sameAs":["https:\/\/www.instagram.com\/hotelhousecz\/"]},{"@type":"Person","@id":"https:\/\/hotelhouse.cz\/#\/schema\/person\/def44b172d589b89b7d95d5df5bf4495","name":"Martina Pechov\u00e1","image":{"@type":"ImageObject","inLanguage":"cs","@id":"https:\/\/hotelhouse.cz\/#\/schema\/person\/image\/","url":"https:\/\/secure.gravatar.com\/avatar\/f0b7849f9f82bc20952396010e3c9adb?s=96&d=mm&r=g","contentUrl":"https:\/\/secure.gravatar.com\/avatar\/f0b7849f9f82bc20952396010e3c9adb?s=96&d=mm&r=g","caption":"Martina Pechov\u00e1"},"sameAs":["http:\/\/HOTELHOUSE.cz"],"url":"https:\/\/hotelhouse.cz\/index.php\/author\/marpech\/"}]}},"_links":{"self":[{"href":"https:\/\/hotelhouse.cz\/index.php\/wp-json\/wp\/v2\/posts\/7870"}],"collection":[{"href":"https:\/\/hotelhouse.cz\/index.php\/wp-json\/wp\/v2\/posts"}],"about":[{"href":"https:\/\/hotelhouse.cz\/index.php\/wp-json\/wp\/v2\/types\/post"}],"author":[{"embeddable":true,"href":"https:\/\/hotelhouse.cz\/index.php\/wp-json\/wp\/v2\/users\/9"}],"replies":[{"embeddable":true,"href":"https:\/\/hotelhouse.cz\/index.php\/wp-json\/wp\/v2\/comments?post=7870"}],"version-history":[{"count":2,"href":"https:\/\/hotelhouse.cz\/index.php\/wp-json\/wp\/v2\/posts\/7870\/revisions"}],"predecessor-version":[{"id":7874,"href":"https:\/\/hotelhouse.cz\/index.php\/wp-json\/wp\/v2\/posts\/7870\/revisions\/7874"}],"wp:featuredmedia":[{"embeddable":true,"href":"https:\/\/hotelhouse.cz\/index.php\/wp-json\/wp\/v2\/media\/7871"}],"wp:attachment":[{"href":"https:\/\/hotelhouse.cz\/index.php\/wp-json\/wp\/v2\/media?parent=7870"}],"wp:term":[{"taxonomy":"category","embeddable":true,"href":"https:\/\/hotelhouse.cz\/index.php\/wp-json\/wp\/v2\/categories?post=7870"},{"taxonomy":"post_tag","embeddable":true,"href":"https:\/\/hotelhouse.cz\/index.php\/wp-json\/wp\/v2\/tags?post=7870"}],"curies":[{"name":"wp","href":"https:\/\/api.w.org\/{rel}","templated":true}]}}