{"id":7890,"date":"2025-06-19T02:01:59","date_gmt":"2025-06-19T00:01:59","guid":{"rendered":"https:\/\/hotelhouse.cz\/?p=7890"},"modified":"2025-06-19T02:02:00","modified_gmt":"2025-06-19T00:02:00","slug":"hvezdne-leto-na-grilu-startuje-uz-dnes-19-cervna-ve-slovanskem-dome-a-pokracuje-pres-cele-leto","status":"publish","type":"post","link":"https:\/\/hotelhouse.cz\/index.php\/2025\/06\/19\/hvezdne-leto-na-grilu-startuje-uz-dnes-19-cervna-ve-slovanskem-dome-a-pokracuje-pres-cele-leto\/","title":{"rendered":"Hv\u011bzdn\u00e9 l\u00e9to na grilu startuje u\u017e dnes 19. \u010dervna ve Slovansk\u00e9m dom\u011b a pokra\u010duje p\u0159es cel\u00e9 l\u00e9to"},"content":{"rendered":"\n<div style=\"height:42px\" aria-hidden=\"true\" class=\"wp-block-spacer\"><\/div>\n\n\n\n<p class=\"has-medium-font-size\"><strong><a href=\"https:\/\/prazskeprikopy.cz\/\">Pra\u017esk\u00e9 P\u0159\u00edkopy<\/a> se op\u011bt prom\u011bn\u00ed v kulin\u00e1\u0159sk\u00fd st\u0159edobod l\u00e9ta. Ji\u017e p\u00e1t\u00fd ro\u010dn\u00edk gurm\u00e1nsk\u00e9 s\u00e9rie <a href=\"https:\/\/gril.advivum.cz\/\">Hv\u011bzdn\u00e9 l\u00e9to na grilu<\/a> p\u0159iv\u00e1\u017e\u00ed do <a href=\"https:\/\/slovanskydum.cz\/cs_CZ\/zahrada\">zahrady Slovansk\u00e9ho domu<\/a> jedine\u010dnou kombinaci \u0161pi\u010dkov\u00e9 gastronomie, pe\u010dliv\u011b vybran\u00fdch v\u00edn a \u017eiv\u00e9 hudby. <\/strong><\/p>\n\n\n\n<div style=\"height:44px\" aria-hidden=\"true\" class=\"wp-block-spacer\"><\/div>\n\n\n\n<figure class=\"wp-block-image size-large\"><img decoding=\"async\" src=\"https:\/\/prazskeprikopy.cz\/wp-content\/uploads\/2025\/06\/482347215_1258035069038147_8726743254596330568_n-1024x663.jpg\" alt=\"Hv\u011bzdn\u00e9 l\u00e9to na grilu startuje u\u017e dnes 19. \u010dervna ve Slovansk\u00e9m dom\u011b a pokra\u010duje p\u0159es cel\u00e9 l\u00e9to\" class=\"wp-image-15375\"\/><\/figure>\n\n\n\n<div style=\"height:44px\" aria-hidden=\"true\" class=\"wp-block-spacer\"><\/div>\n\n\n\n<p class=\"has-medium-font-size\"><strong>A to v\u0161e v uvoln\u011bn\u00e9, letn\u00ed atmosf\u00e9\u0159e pod \u0161ir\u00fdm nebem v nejkr\u00e1sn\u011bj\u0161\u00ed zahrad\u011b v sam\u00e9m srdci <a href=\"https:\/\/prazskametropole.cz\/\">pra\u017esk\u00e9 Metropole<\/a>.<\/strong><\/p>\n\n\n\n<div style=\"height:42px\" aria-hidden=\"true\" class=\"wp-block-spacer\"><\/div>\n\n\n\n<figure class=\"wp-block-gallery has-nested-images columns-default is-cropped wp-block-gallery-1 is-layout-flex wp-block-gallery-is-layout-flex\">\n<figure class=\"wp-block-image size-large\"><img decoding=\"async\" data-id=\"15374\" src=\"https:\/\/prazskeprikopy.cz\/wp-content\/uploads\/2025\/06\/490498018_1289251422583178_7976405127642558964_n-819x1024.jpg\" alt=\"Hv\u011bzdn\u00e9 l\u00e9to na grilu startuje u\u017e dnes 19. \u010dervna ve Slovansk\u00e9m dom\u011b a pokra\u010duje p\u0159es cel\u00e9 l\u00e9to\" class=\"wp-image-15374\"\/><\/figure>\n\n\n\n<figure class=\"wp-block-image size-large\"><img decoding=\"async\" data-id=\"15373\" src=\"https:\/\/prazskeprikopy.cz\/wp-content\/uploads\/2025\/06\/491333706_1290286119146375_8034660218765853358_n-1024x1024.jpg\" alt=\"Hv\u011bzdn\u00e9 l\u00e9to na grilu startuje u\u017e dnes 19. \u010dervna ve Slovansk\u00e9m dom\u011b a pokra\u010duje p\u0159es cel\u00e9 l\u00e9to\" class=\"wp-image-15373\"\/><\/figure>\n<\/figure>\n\n\n\n<div style=\"height:42px\" aria-hidden=\"true\" class=\"wp-block-spacer\"><\/div>\n\n\n\n<h2 class=\"wp-block-heading\">Nov\u00ed kucha\u0159i, osv\u011bd\u010den\u00fd form\u00e1t<\/h2>\n\n\n\n<div style=\"height:42px\" aria-hidden=\"true\" class=\"wp-block-spacer\"><\/div>\n\n\n\n<p class=\"has-medium-font-size\">Leto\u0161n\u00ed novinkou je \u010derstv\u00e1 sestava kucha\u0159sk\u00fdch osobnost\u00ed, kter\u00e9 vyst\u0159\u00eddaj\u00ed ve\u010dery pln\u00e9 v\u016fn\u00ed, chut\u00ed a kulin\u00e1\u0159sk\u00e9 kreativity. Zv\u011bdavost bud\u00ed nov\u00fd koncept <em>Seafood Bar Rakin<\/em> pod veden\u00edm mlad\u00e9ho Gabriela Bertassa, japonsk\u00e9 grilovac\u00ed um\u011bn\u00ed p\u0159edstav\u00ed Marek Hora z nov\u00e9 restaurace Yamaya a po boku osv\u011bd\u010den\u00fdch matador\u016f Marka Fichtnera (\u010cerven\u00fd Jelen) a Mirka Kaliny (HQ Pipi Gril) se p\u0159edstav\u00ed i legenda z Miura Hotelu \u2013 Michal G\u00f6th.<\/p>\n\n\n\n<div style=\"height:42px\" aria-hidden=\"true\" class=\"wp-block-spacer\"><\/div>\n\n\n<div class=\"wp-block-image\">\n<figure class=\"aligncenter size-full is-resized\"><img decoding=\"async\" loading=\"lazy\" src=\"https:\/\/prazskeprikopy.cz\/wp-content\/uploads\/2025\/06\/Hvezdne-leto-na-grilu-2025-1.jpg\" alt=\"Hv\u011bzdn\u00e9 l\u00e9to na grilu startuje u\u017e dnes 19. \u010dervna ve Slovansk\u00e9m dom\u011b a pokra\u010duje p\u0159es cel\u00e9 l\u00e9to\" class=\"wp-image-15380\" style=\"width:626px;height:893px\" width=\"626\" height=\"893\"\/><\/figure><\/div>\n\n\n<div style=\"height:42px\" aria-hidden=\"true\" class=\"wp-block-spacer\"><\/div>\n\n\n\n<h2 class=\"wp-block-heading\">Ka\u017ed\u00fd ve\u010der jin\u00fd p\u0159\u00edb\u011bh<\/h2>\n\n\n\n<div style=\"height:42px\" aria-hidden=\"true\" class=\"wp-block-spacer\"><\/div>\n\n\n\n<p class=\"has-medium-font-size\"><strong>Program startuje 19. 6. 2024 ve 17:00 hodin slavnostn\u00edm ve\u010derem pod taktovkou Marka Fichtnera a vina\u0159stv\u00ed Le Morette. <\/strong><\/p>\n\n\n\n<div style=\"height:42px\" aria-hidden=\"true\" class=\"wp-block-spacer\"><\/div>\n\n\n<div class=\"wp-block-image\">\n<figure class=\"aligncenter size-large is-resized\"><img decoding=\"async\" loading=\"lazy\" src=\"https:\/\/prazskeprikopy.cz\/wp-content\/uploads\/2025\/06\/Hvezdne-leto-na-grilu-2025-V-1024x430.jpg\" alt=\"Hv\u011bzdn\u00e9 l\u00e9to na grilu startuje u\u017e dnes 19. \u010dervna ve Slovansk\u00e9m dom\u011b a pokra\u010duje p\u0159es cel\u00e9 l\u00e9to\" class=\"wp-image-15378\" style=\"width:836px;height:351px\" width=\"836\" height=\"351\"\/><\/figure><\/div>\n\n\n<div style=\"height:42px\" aria-hidden=\"true\" class=\"wp-block-spacer\"><\/div>\n\n\n\n<p class=\"has-medium-font-size\"><strong>N\u00e1sleduj\u00ed ve\u010dery 10. 7., 24. 7., 7. 8. a 21. 8.<\/strong>, v\u017edy s jin\u00fdm kucha\u0159em, t\u00e9matem i v\u00fdb\u011brem \u0161esti exkluzivn\u00edch v\u00edn. Ka\u017ed\u00fd ve\u010der doprov\u00e1z\u00ed \u017eiv\u00e1 hudba a neform\u00e1ln\u00ed atmosf\u00e9ra, kter\u00e1 vyb\u00edz\u00ed k zastaven\u00ed a u\u017eit\u00ed si letn\u00edch ve\u010der\u016f v sam\u00e9m <a href=\"https:\/\/vcentruprahy.cz\/\"><strong>centru Prahy.<\/strong><\/a><\/p>\n\n\n\n<div style=\"height:42px\" aria-hidden=\"true\" class=\"wp-block-spacer\"><\/div>\n\n\n\n<figure class=\"wp-block-gallery has-nested-images columns-default is-cropped wp-block-gallery-3 is-layout-flex wp-block-gallery-is-layout-flex\">\n<figure class=\"wp-block-image size-large\"><img decoding=\"async\" data-id=\"15376\" src=\"https:\/\/prazskeprikopy.cz\/wp-content\/uploads\/2025\/06\/503396903_1287118536547046_3781646514404856826_n-768x1024.jpg\" alt=\"Hv\u011bzdn\u00e9 l\u00e9to na grilu startuje u\u017e dnes 19. \u010dervna ve Slovansk\u00e9m dom\u011b a pokra\u010duje p\u0159es cel\u00e9 l\u00e9to\" class=\"wp-image-15376\"\/><\/figure>\n\n\n\n<figure class=\"wp-block-image size-large\"><img decoding=\"async\" data-id=\"15372\" src=\"https:\/\/prazskeprikopy.cz\/wp-content\/uploads\/2025\/06\/504667829_1287118456547054_408882220361580926_n-820x1024.jpg\" alt=\"Hv\u011bzdn\u00e9 l\u00e9to na grilu startuje u\u017e dnes 19. \u010dervna ve Slovansk\u00e9m dom\u011b a pokra\u010duje p\u0159es cel\u00e9 l\u00e9to\" class=\"wp-image-15372\"\/><\/figure>\n<\/figure>\n\n\n\n<div style=\"height:42px\" aria-hidden=\"true\" class=\"wp-block-spacer\"><\/div>\n\n\n\n<h2 class=\"wp-block-heading\">Zahrada Slovansk\u00e9ho domu o\u017e\u00edv\u00e1 chut\u011bmi<\/h2>\n\n\n\n<div style=\"height:42px\" aria-hidden=\"true\" class=\"wp-block-spacer\"><\/div>\n\n\n\n<p class=\"has-medium-font-size\">Stylov\u00e9 prost\u0159ed\u00ed zahrady <strong>Advivum Wine Bar &amp; Glass Shop<\/strong> v <strong>Na P\u0159\u00edkop\u011b 22<\/strong> je jako stvo\u0159en\u00e9 pro ve\u010dery, kdy hraje hlavn\u00ed roli gril, v\u00edno, \u017eiv\u00e1 hudba a z\u00e1\u017eitek. <\/p>\n\n\n\n<p class=\"has-medium-font-size\"><strong>Cena za osobu \u010din\u00ed 990 K\u010d<\/strong> a zahrnuje nejen gurm\u00e1nsk\u00e9 menu, ale i neomezenou konzumaci vybran\u00e9ho v\u00edna.<\/p>\n\n\n\n<div style=\"height:22px\" aria-hidden=\"true\" class=\"wp-block-spacer\"><\/div>\n\n\n\n<p class=\"has-medium-font-size\"><strong>V\u00edce informac\u00ed a rezervace na: <a href=\"http:\/\/www.gril.advivum.cz\/\">gril.advivum.cz<\/a><\/strong><\/p>\n\n\n\n<div style=\"height:100px\" aria-hidden=\"true\" class=\"wp-block-spacer\"><\/div>\n\n\n\n<figure class=\"wp-block-gallery has-nested-images columns-2 is-cropped wp-block-gallery-5 is-layout-flex wp-block-gallery-is-layout-flex\">\n<figure class=\"wp-block-image size-large\"><img decoding=\"async\" data-id=\"15377\" src=\"https:\/\/prazskeprikopy.cz\/wp-content\/uploads\/2025\/06\/67472281_1485711971568473_4590790414121828352_n-1024x768.jpg\" alt=\"Hv\u011bzdn\u00e9 l\u00e9to na grilu startuje u\u017e dnes 19. \u010dervna ve Slovansk\u00e9m dom\u011b a pokra\u010duje p\u0159es cel\u00e9 l\u00e9to\" class=\"wp-image-15377\"\/><\/figure>\n\n\n\n<figure class=\"wp-block-image size-large\"><img decoding=\"async\" data-id=\"15371\" src=\"https:\/\/prazskeprikopy.cz\/wp-content\/uploads\/2025\/06\/456305457_18074169742531430_4662994039962296147_n-1024x1024.jpg\" alt=\"Hv\u011bzdn\u00e9 l\u00e9to na grilu startuje u\u017e dnes 19. \u010dervna ve Slovansk\u00e9m dom\u011b a pokra\u010duje p\u0159es cel\u00e9 l\u00e9to\" class=\"wp-image-15371\"\/><\/figure>\n\n\n\n<figure class=\"wp-block-image size-large\"><img decoding=\"async\" data-id=\"15373\" src=\"https:\/\/prazskeprikopy.cz\/wp-content\/uploads\/2025\/06\/491333706_1290286119146375_8034660218765853358_n-1024x1024.jpg\" alt=\"Hv\u011bzdn\u00e9 l\u00e9to na grilu startuje u\u017e dnes 19. \u010dervna ve Slovansk\u00e9m dom\u011b a pokra\u010duje p\u0159es cel\u00e9 l\u00e9to\" class=\"wp-image-15373\"\/><\/figure>\n\n\n\n<figure class=\"wp-block-image size-large\"><img decoding=\"async\" data-id=\"15369\" src=\"https:\/\/prazskeprikopy.cz\/wp-content\/uploads\/2025\/06\/467999722_18083778958531430_1530960327929573545_n-1024x1024.jpg\" alt=\"Hv\u011bzdn\u00e9 l\u00e9to na grilu startuje u\u017e dnes 19. \u010dervna ve Slovansk\u00e9m dom\u011b a pokra\u010duje p\u0159es cel\u00e9 l\u00e9to\" class=\"wp-image-15369\"\/><\/figure>\n\n\n\n<figure class=\"wp-block-image size-large\"><img decoding=\"async\" data-id=\"15374\" src=\"https:\/\/prazskeprikopy.cz\/wp-content\/uploads\/2025\/06\/490498018_1289251422583178_7976405127642558964_n-819x1024.jpg\" alt=\"Hv\u011bzdn\u00e9 l\u00e9to na grilu startuje u\u017e dnes 19. \u010dervna ve Slovansk\u00e9m dom\u011b a pokra\u010duje p\u0159es cel\u00e9 l\u00e9to\" class=\"wp-image-15374\"\/><\/figure>\n\n\n\n<figure class=\"wp-block-image size-full\"><img decoding=\"async\" data-id=\"15380\" src=\"https:\/\/prazskeprikopy.cz\/wp-content\/uploads\/2025\/06\/Hvezdne-leto-na-grilu-2025-1.jpg\" alt=\"Hv\u011bzdn\u00e9 l\u00e9to na grilu startuje u\u017e dnes 19. \u010dervna ve Slovansk\u00e9m dom\u011b a pokra\u010duje p\u0159es cel\u00e9 l\u00e9to\" class=\"wp-image-15380\"\/><\/figure>\n\n\n\n<figure class=\"wp-block-image size-large\"><img decoding=\"async\" data-id=\"15376\" src=\"https:\/\/prazskeprikopy.cz\/wp-content\/uploads\/2025\/06\/503396903_1287118536547046_3781646514404856826_n-768x1024.jpg\" alt=\"Hv\u011bzdn\u00e9 l\u00e9to na grilu startuje u\u017e dnes 19. \u010dervna ve Slovansk\u00e9m dom\u011b a pokra\u010duje p\u0159es cel\u00e9 l\u00e9to\" class=\"wp-image-15376\"\/><\/figure>\n\n\n\n<figure class=\"wp-block-image size-large\"><img decoding=\"async\" data-id=\"15372\" src=\"https:\/\/prazskeprikopy.cz\/wp-content\/uploads\/2025\/06\/504667829_1287118456547054_408882220361580926_n-820x1024.jpg\" alt=\"Hv\u011bzdn\u00e9 l\u00e9to na grilu startuje u\u017e dnes 19. \u010dervna ve Slovansk\u00e9m dom\u011b a pokra\u010duje p\u0159es cel\u00e9 l\u00e9to\" class=\"wp-image-15372\"\/><\/figure>\n\n\n\n<figure class=\"wp-block-image size-large\"><img decoding=\"async\" data-id=\"15378\" src=\"https:\/\/prazskeprikopy.cz\/wp-content\/uploads\/2025\/06\/Hvezdne-leto-na-grilu-2025-V-1024x430.jpg\" alt=\"Hv\u011bzdn\u00e9 l\u00e9to na grilu startuje u\u017e dnes 19. \u010dervna ve Slovansk\u00e9m dom\u011b a pokra\u010duje p\u0159es cel\u00e9 l\u00e9to\" class=\"wp-image-15378\"\/><\/figure>\n\n\n\n<figure class=\"wp-block-image size-large\"><img decoding=\"async\" data-id=\"15375\" src=\"https:\/\/prazskeprikopy.cz\/wp-content\/uploads\/2025\/06\/482347215_1258035069038147_8726743254596330568_n-1024x663.jpg\" alt=\"Hv\u011bzdn\u00e9 l\u00e9to na grilu startuje u\u017e dnes 19. \u010dervna ve Slovansk\u00e9m dom\u011b a pokra\u010duje p\u0159es cel\u00e9 l\u00e9to\" class=\"wp-image-15375\"\/><\/figure>\n\n\n\n<figure class=\"wp-block-image size-large\"><img decoding=\"async\" data-id=\"15379\" src=\"https:\/\/prazskeprikopy.cz\/wp-content\/uploads\/2025\/06\/Hvezdne-leto-na-grilu-2025-TTL-1-1024x627.jpg\" alt=\"Hv\u011bzdn\u00e9 l\u00e9to na grilu startuje u\u017e dnes 19. \u010dervna ve Slovansk\u00e9m dom\u011b a pokra\u010duje p\u0159es cel\u00e9 l\u00e9to\" class=\"wp-image-15379\"\/><\/figure>\n<\/figure>\n\n\n\n<div style=\"height:30px\" aria-hidden=\"true\" class=\"wp-block-spacer\"><\/div>\n\n\n\n<p><strong>Zdroj foto: <\/strong>Slovansk\u00fd d\u016fm, Advivum<\/p>\n\n\n\n<div style=\"height:56px\" aria-hidden=\"true\" class=\"wp-block-spacer\"><\/div>\n","protected":false},"excerpt":{"rendered":"<p>Pra\u017esk\u00e9 P\u0159\u00edkopy se op\u011bt prom\u011bn\u00ed v kulin\u00e1\u0159sk\u00fd st\u0159edobod l\u00e9ta. Ji\u017e p\u00e1t\u00fd ro\u010dn\u00edk gurm\u00e1nsk\u00e9 s\u00e9rie Hv\u011bzdn\u00e9 l\u00e9to na grilu p\u0159iv\u00e1\u017e\u00ed do zahrady Slovansk\u00e9ho domu jedine\u010dnou kombinaci \u0161pi\u010dkov\u00e9 gastronomie, pe\u010dliv\u011b vybran\u00fdch v\u00edn a \u017eiv\u00e9 hudby. A&#46;&#46;&#46;<\/p>\n","protected":false},"author":3,"featured_media":7891,"comment_status":"closed","ping_status":"closed","sticky":false,"template":"","format":"standard","meta":{"_monsterinsights_skip_tracking":false,"_monsterinsights_sitenote_active":false,"_monsterinsights_sitenote_note":"","_monsterinsights_sitenote_category":0,"footnotes":""},"categories":[163,9,26,22,2,154,156,166,28,11],"tags":[],"yoast_head":"<!-- This site is optimized with the Yoast SEO plugin v21.5 - https:\/\/yoast.com\/wordpress\/plugins\/seo\/ -->\n<title>Hv\u011bzdn\u00e9 l\u00e9to na grilu startuje u\u017e dnes 19. \u010dervna ve Slovansk\u00e9m dom\u011b a pokra\u010duje p\u0159es cel\u00e9 l\u00e9to - HOTELHOUSE.cz<\/title>\n<meta name=\"description\" content=\"Centrum se op\u011bt prom\u011bn\u00ed v kulin\u00e1\u0159sk\u00fd st\u0159edobod l\u00e9ta. Ji\u017e p\u00e1t\u00fd ro\u010dn\u00edk gurm\u00e1nsk\u00e9 s\u00e9rie Hv\u011bzdn\u00e9 l\u00e9to na grilu startuje ve Slovansk\u00e9m dom\u011b.\" \/>\n<meta name=\"robots\" content=\"index, follow, max-snippet:-1, max-image-preview:large, max-video-preview:-1\" \/>\n<link rel=\"canonical\" href=\"https:\/\/hotelhouse.cz\/index.php\/2025\/06\/19\/hvezdne-leto-na-grilu-startuje-uz-dnes-19-cervna-ve-slovanskem-dome-a-pokracuje-pres-cele-leto\/\" \/>\n<meta property=\"og:locale\" content=\"cs_CZ\" \/>\n<meta property=\"og:type\" content=\"article\" \/>\n<meta property=\"og:title\" content=\"Hv\u011bzdn\u00e9 l\u00e9to na grilu startuje u\u017e dnes 19. \u010dervna ve Slovansk\u00e9m dom\u011b a pokra\u010duje p\u0159es cel\u00e9 l\u00e9to - HOTELHOUSE.cz\" \/>\n<meta property=\"og:description\" content=\"Centrum se op\u011bt prom\u011bn\u00ed v kulin\u00e1\u0159sk\u00fd st\u0159edobod l\u00e9ta. Ji\u017e p\u00e1t\u00fd ro\u010dn\u00edk gurm\u00e1nsk\u00e9 s\u00e9rie Hv\u011bzdn\u00e9 l\u00e9to na grilu startuje ve Slovansk\u00e9m dom\u011b.\" \/>\n<meta property=\"og:url\" content=\"https:\/\/hotelhouse.cz\/index.php\/2025\/06\/19\/hvezdne-leto-na-grilu-startuje-uz-dnes-19-cervna-ve-slovanskem-dome-a-pokracuje-pres-cele-leto\/\" \/>\n<meta property=\"og:site_name\" content=\"HOTELHOUSE.cz\" \/>\n<meta property=\"article:published_time\" content=\"2025-06-19T00:01:59+00:00\" \/>\n<meta property=\"article:modified_time\" content=\"2025-06-19T00:02:00+00:00\" \/>\n<meta property=\"og:image\" content=\"https:\/\/hotelhouse.cz\/wp-content\/uploads\/2025\/06\/Hvezdne-leto-na-grilu-2025-TTL.jpg\" \/>\n\t<meta property=\"og:image:width\" content=\"1176\" \/>\n\t<meta property=\"og:image:height\" content=\"720\" \/>\n\t<meta property=\"og:image:type\" content=\"image\/jpeg\" \/>\n<meta name=\"author\" content=\"Van\u011bk Miroslav\" \/>\n<meta name=\"twitter:card\" content=\"summary_large_image\" \/>\n<meta name=\"twitter:label1\" content=\"Napsal(a)\" \/>\n\t<meta name=\"twitter:data1\" content=\"Van\u011bk Miroslav\" \/>\n\t<meta name=\"twitter:label2\" content=\"Odhadovan\u00e1 doba \u010dten\u00ed\" \/>\n\t<meta name=\"twitter:data2\" content=\"5 minut\" \/>\n<script type=\"application\/ld+json\" class=\"yoast-schema-graph\">{\"@context\":\"https:\/\/schema.org\",\"@graph\":[{\"@type\":\"Article\",\"@id\":\"https:\/\/hotelhouse.cz\/index.php\/2025\/06\/19\/hvezdne-leto-na-grilu-startuje-uz-dnes-19-cervna-ve-slovanskem-dome-a-pokracuje-pres-cele-leto\/#article\",\"isPartOf\":{\"@id\":\"https:\/\/hotelhouse.cz\/index.php\/2025\/06\/19\/hvezdne-leto-na-grilu-startuje-uz-dnes-19-cervna-ve-slovanskem-dome-a-pokracuje-pres-cele-leto\/\"},\"author\":{\"name\":\"Van\u011bk Miroslav\",\"@id\":\"https:\/\/hotelhouse.cz\/#\/schema\/person\/fa8caee3f0a9c6134afed3c541204812\"},\"headline\":\"Hv\u011bzdn\u00e9 l\u00e9to na grilu startuje u\u017e dnes 19. \u010dervna ve Slovansk\u00e9m dom\u011b a pokra\u010duje p\u0159es cel\u00e9 l\u00e9to\",\"datePublished\":\"2025-06-19T00:01:59+00:00\",\"dateModified\":\"2025-06-19T00:02:00+00:00\",\"mainEntityOfPage\":{\"@id\":\"https:\/\/hotelhouse.cz\/index.php\/2025\/06\/19\/hvezdne-leto-na-grilu-startuje-uz-dnes-19-cervna-ve-slovanskem-dome-a-pokracuje-pres-cele-leto\/\"},\"wordCount\":343,\"publisher\":{\"@id\":\"https:\/\/hotelhouse.cz\/#organization\"},\"articleSection\":[\"GASTRO TIPY\",\"LOBY &amp; BARY &amp; ALKOHOL\",\"N\u00e1dhern\u00e1M\u00edsta.cz\",\"NaDovolenouDoPrahy.cz\",\"NEWS\",\"PRA\u017dSK\u00c1 METROPOLE\",\"PRA\u017dSK\u00c9 P\u0158\u00cdKOPY\",\"SLOVANSK\u00dd D\u016eM\",\"TIPY NA J\u00cdDLO\",\"VIN\u00c1RNY &amp; VINA\u0158STV\u00cd\"],\"inLanguage\":\"cs\"},{\"@type\":\"WebPage\",\"@id\":\"https:\/\/hotelhouse.cz\/index.php\/2025\/06\/19\/hvezdne-leto-na-grilu-startuje-uz-dnes-19-cervna-ve-slovanskem-dome-a-pokracuje-pres-cele-leto\/\",\"url\":\"https:\/\/hotelhouse.cz\/index.php\/2025\/06\/19\/hvezdne-leto-na-grilu-startuje-uz-dnes-19-cervna-ve-slovanskem-dome-a-pokracuje-pres-cele-leto\/\",\"name\":\"Hv\u011bzdn\u00e9 l\u00e9to na grilu startuje u\u017e dnes 19. \u010dervna ve Slovansk\u00e9m dom\u011b a pokra\u010duje p\u0159es cel\u00e9 l\u00e9to - HOTELHOUSE.cz\",\"isPartOf\":{\"@id\":\"https:\/\/hotelhouse.cz\/#website\"},\"datePublished\":\"2025-06-19T00:01:59+00:00\",\"dateModified\":\"2025-06-19T00:02:00+00:00\",\"description\":\"Centrum se op\u011bt prom\u011bn\u00ed v kulin\u00e1\u0159sk\u00fd st\u0159edobod l\u00e9ta. Ji\u017e p\u00e1t\u00fd ro\u010dn\u00edk gurm\u00e1nsk\u00e9 s\u00e9rie Hv\u011bzdn\u00e9 l\u00e9to na grilu startuje ve Slovansk\u00e9m dom\u011b.\",\"breadcrumb\":{\"@id\":\"https:\/\/hotelhouse.cz\/index.php\/2025\/06\/19\/hvezdne-leto-na-grilu-startuje-uz-dnes-19-cervna-ve-slovanskem-dome-a-pokracuje-pres-cele-leto\/#breadcrumb\"},\"inLanguage\":\"cs\",\"potentialAction\":[{\"@type\":\"ReadAction\",\"target\":[\"https:\/\/hotelhouse.cz\/index.php\/2025\/06\/19\/hvezdne-leto-na-grilu-startuje-uz-dnes-19-cervna-ve-slovanskem-dome-a-pokracuje-pres-cele-leto\/\"]}]},{\"@type\":\"BreadcrumbList\",\"@id\":\"https:\/\/hotelhouse.cz\/index.php\/2025\/06\/19\/hvezdne-leto-na-grilu-startuje-uz-dnes-19-cervna-ve-slovanskem-dome-a-pokracuje-pres-cele-leto\/#breadcrumb\",\"itemListElement\":[{\"@type\":\"ListItem\",\"position\":1,\"name\":\"Dom\u016f\",\"item\":\"https:\/\/hotelhouse.cz\/\"},{\"@type\":\"ListItem\",\"position\":2,\"name\":\"Hv\u011bzdn\u00e9 l\u00e9to na grilu startuje u\u017e dnes 19. \u010dervna ve Slovansk\u00e9m dom\u011b a pokra\u010duje p\u0159es cel\u00e9 l\u00e9to\"}]},{\"@type\":\"WebSite\",\"@id\":\"https:\/\/hotelhouse.cz\/#website\",\"url\":\"https:\/\/hotelhouse.cz\/\",\"name\":\"HOTELHOUSE.cz\",\"description\":\"Port\u00e1l o hotelech, pensionech, spa resortech a restaurac\u00edch...\",\"publisher\":{\"@id\":\"https:\/\/hotelhouse.cz\/#organization\"},\"potentialAction\":[{\"@type\":\"SearchAction\",\"target\":{\"@type\":\"EntryPoint\",\"urlTemplate\":\"https:\/\/hotelhouse.cz\/?s={search_term_string}\"},\"query-input\":\"required name=search_term_string\"}],\"inLanguage\":\"cs\"},{\"@type\":\"Organization\",\"@id\":\"https:\/\/hotelhouse.cz\/#organization\",\"name\":\"HOTELHOUSE.cz\",\"url\":\"https:\/\/hotelhouse.cz\/\",\"logo\":{\"@type\":\"ImageObject\",\"inLanguage\":\"cs\",\"@id\":\"https:\/\/hotelhouse.cz\/#\/schema\/logo\/image\/\",\"url\":\"https:\/\/hotelhouse.cz\/wp-content\/uploads\/2024\/12\/cropped-Logo_HotelHouse-2.jpg\",\"contentUrl\":\"https:\/\/hotelhouse.cz\/wp-content\/uploads\/2024\/12\/cropped-Logo_HotelHouse-2.jpg\",\"width\":933,\"height\":516,\"caption\":\"HOTELHOUSE.cz\"},\"image\":{\"@id\":\"https:\/\/hotelhouse.cz\/#\/schema\/logo\/image\/\"},\"sameAs\":[\"https:\/\/www.instagram.com\/hotelhousecz\/\"]},{\"@type\":\"Person\",\"@id\":\"https:\/\/hotelhouse.cz\/#\/schema\/person\/fa8caee3f0a9c6134afed3c541204812\",\"name\":\"Van\u011bk Miroslav\",\"image\":{\"@type\":\"ImageObject\",\"inLanguage\":\"cs\",\"@id\":\"https:\/\/hotelhouse.cz\/#\/schema\/person\/image\/\",\"url\":\"https:\/\/secure.gravatar.com\/avatar\/cc93dbecbfc820d69a964ea4a1c72377?s=96&d=mm&r=g\",\"contentUrl\":\"https:\/\/secure.gravatar.com\/avatar\/cc93dbecbfc820d69a964ea4a1c72377?s=96&d=mm&r=g\",\"caption\":\"Van\u011bk Miroslav\"},\"sameAs\":[\"http:\/\/www.hotelhouse.cz\"],\"url\":\"https:\/\/hotelhouse.cz\/index.php\/author\/mirvan\/\"}]}<\/script>\n<!-- \/ Yoast SEO plugin. -->","yoast_head_json":{"title":"Hv\u011bzdn\u00e9 l\u00e9to na grilu startuje u\u017e dnes 19. \u010dervna ve Slovansk\u00e9m dom\u011b a pokra\u010duje p\u0159es cel\u00e9 l\u00e9to - HOTELHOUSE.cz","description":"Centrum se op\u011bt prom\u011bn\u00ed v kulin\u00e1\u0159sk\u00fd st\u0159edobod l\u00e9ta. Ji\u017e p\u00e1t\u00fd ro\u010dn\u00edk gurm\u00e1nsk\u00e9 s\u00e9rie Hv\u011bzdn\u00e9 l\u00e9to na grilu startuje ve Slovansk\u00e9m dom\u011b.","robots":{"index":"index","follow":"follow","max-snippet":"max-snippet:-1","max-image-preview":"max-image-preview:large","max-video-preview":"max-video-preview:-1"},"canonical":"https:\/\/hotelhouse.cz\/index.php\/2025\/06\/19\/hvezdne-leto-na-grilu-startuje-uz-dnes-19-cervna-ve-slovanskem-dome-a-pokracuje-pres-cele-leto\/","og_locale":"cs_CZ","og_type":"article","og_title":"Hv\u011bzdn\u00e9 l\u00e9to na grilu startuje u\u017e dnes 19. \u010dervna ve Slovansk\u00e9m dom\u011b a pokra\u010duje p\u0159es cel\u00e9 l\u00e9to - HOTELHOUSE.cz","og_description":"Centrum se op\u011bt prom\u011bn\u00ed v kulin\u00e1\u0159sk\u00fd st\u0159edobod l\u00e9ta. Ji\u017e p\u00e1t\u00fd ro\u010dn\u00edk gurm\u00e1nsk\u00e9 s\u00e9rie Hv\u011bzdn\u00e9 l\u00e9to na grilu startuje ve Slovansk\u00e9m dom\u011b.","og_url":"https:\/\/hotelhouse.cz\/index.php\/2025\/06\/19\/hvezdne-leto-na-grilu-startuje-uz-dnes-19-cervna-ve-slovanskem-dome-a-pokracuje-pres-cele-leto\/","og_site_name":"HOTELHOUSE.cz","article_published_time":"2025-06-19T00:01:59+00:00","article_modified_time":"2025-06-19T00:02:00+00:00","og_image":[{"width":1176,"height":720,"url":"https:\/\/hotelhouse.cz\/wp-content\/uploads\/2025\/06\/Hvezdne-leto-na-grilu-2025-TTL.jpg","type":"image\/jpeg"}],"author":"Van\u011bk Miroslav","twitter_card":"summary_large_image","twitter_misc":{"Napsal(a)":"Van\u011bk Miroslav","Odhadovan\u00e1 doba \u010dten\u00ed":"5 minut"},"schema":{"@context":"https:\/\/schema.org","@graph":[{"@type":"Article","@id":"https:\/\/hotelhouse.cz\/index.php\/2025\/06\/19\/hvezdne-leto-na-grilu-startuje-uz-dnes-19-cervna-ve-slovanskem-dome-a-pokracuje-pres-cele-leto\/#article","isPartOf":{"@id":"https:\/\/hotelhouse.cz\/index.php\/2025\/06\/19\/hvezdne-leto-na-grilu-startuje-uz-dnes-19-cervna-ve-slovanskem-dome-a-pokracuje-pres-cele-leto\/"},"author":{"name":"Van\u011bk Miroslav","@id":"https:\/\/hotelhouse.cz\/#\/schema\/person\/fa8caee3f0a9c6134afed3c541204812"},"headline":"Hv\u011bzdn\u00e9 l\u00e9to na grilu startuje u\u017e dnes 19. \u010dervna ve Slovansk\u00e9m dom\u011b a pokra\u010duje p\u0159es cel\u00e9 l\u00e9to","datePublished":"2025-06-19T00:01:59+00:00","dateModified":"2025-06-19T00:02:00+00:00","mainEntityOfPage":{"@id":"https:\/\/hotelhouse.cz\/index.php\/2025\/06\/19\/hvezdne-leto-na-grilu-startuje-uz-dnes-19-cervna-ve-slovanskem-dome-a-pokracuje-pres-cele-leto\/"},"wordCount":343,"publisher":{"@id":"https:\/\/hotelhouse.cz\/#organization"},"articleSection":["GASTRO TIPY","LOBY &amp; BARY &amp; ALKOHOL","N\u00e1dhern\u00e1M\u00edsta.cz","NaDovolenouDoPrahy.cz","NEWS","PRA\u017dSK\u00c1 METROPOLE","PRA\u017dSK\u00c9 P\u0158\u00cdKOPY","SLOVANSK\u00dd D\u016eM","TIPY NA J\u00cdDLO","VIN\u00c1RNY &amp; VINA\u0158STV\u00cd"],"inLanguage":"cs"},{"@type":"WebPage","@id":"https:\/\/hotelhouse.cz\/index.php\/2025\/06\/19\/hvezdne-leto-na-grilu-startuje-uz-dnes-19-cervna-ve-slovanskem-dome-a-pokracuje-pres-cele-leto\/","url":"https:\/\/hotelhouse.cz\/index.php\/2025\/06\/19\/hvezdne-leto-na-grilu-startuje-uz-dnes-19-cervna-ve-slovanskem-dome-a-pokracuje-pres-cele-leto\/","name":"Hv\u011bzdn\u00e9 l\u00e9to na grilu startuje u\u017e dnes 19. \u010dervna ve Slovansk\u00e9m dom\u011b a pokra\u010duje p\u0159es cel\u00e9 l\u00e9to - HOTELHOUSE.cz","isPartOf":{"@id":"https:\/\/hotelhouse.cz\/#website"},"datePublished":"2025-06-19T00:01:59+00:00","dateModified":"2025-06-19T00:02:00+00:00","description":"Centrum se op\u011bt prom\u011bn\u00ed v kulin\u00e1\u0159sk\u00fd st\u0159edobod l\u00e9ta. Ji\u017e p\u00e1t\u00fd ro\u010dn\u00edk gurm\u00e1nsk\u00e9 s\u00e9rie Hv\u011bzdn\u00e9 l\u00e9to na grilu startuje ve Slovansk\u00e9m dom\u011b.","breadcrumb":{"@id":"https:\/\/hotelhouse.cz\/index.php\/2025\/06\/19\/hvezdne-leto-na-grilu-startuje-uz-dnes-19-cervna-ve-slovanskem-dome-a-pokracuje-pres-cele-leto\/#breadcrumb"},"inLanguage":"cs","potentialAction":[{"@type":"ReadAction","target":["https:\/\/hotelhouse.cz\/index.php\/2025\/06\/19\/hvezdne-leto-na-grilu-startuje-uz-dnes-19-cervna-ve-slovanskem-dome-a-pokracuje-pres-cele-leto\/"]}]},{"@type":"BreadcrumbList","@id":"https:\/\/hotelhouse.cz\/index.php\/2025\/06\/19\/hvezdne-leto-na-grilu-startuje-uz-dnes-19-cervna-ve-slovanskem-dome-a-pokracuje-pres-cele-leto\/#breadcrumb","itemListElement":[{"@type":"ListItem","position":1,"name":"Dom\u016f","item":"https:\/\/hotelhouse.cz\/"},{"@type":"ListItem","position":2,"name":"Hv\u011bzdn\u00e9 l\u00e9to na grilu startuje u\u017e dnes 19. \u010dervna ve Slovansk\u00e9m dom\u011b a pokra\u010duje p\u0159es cel\u00e9 l\u00e9to"}]},{"@type":"WebSite","@id":"https:\/\/hotelhouse.cz\/#website","url":"https:\/\/hotelhouse.cz\/","name":"HOTELHOUSE.cz","description":"Port\u00e1l o hotelech, pensionech, spa resortech a restaurac\u00edch...","publisher":{"@id":"https:\/\/hotelhouse.cz\/#organization"},"potentialAction":[{"@type":"SearchAction","target":{"@type":"EntryPoint","urlTemplate":"https:\/\/hotelhouse.cz\/?s={search_term_string}"},"query-input":"required name=search_term_string"}],"inLanguage":"cs"},{"@type":"Organization","@id":"https:\/\/hotelhouse.cz\/#organization","name":"HOTELHOUSE.cz","url":"https:\/\/hotelhouse.cz\/","logo":{"@type":"ImageObject","inLanguage":"cs","@id":"https:\/\/hotelhouse.cz\/#\/schema\/logo\/image\/","url":"https:\/\/hotelhouse.cz\/wp-content\/uploads\/2024\/12\/cropped-Logo_HotelHouse-2.jpg","contentUrl":"https:\/\/hotelhouse.cz\/wp-content\/uploads\/2024\/12\/cropped-Logo_HotelHouse-2.jpg","width":933,"height":516,"caption":"HOTELHOUSE.cz"},"image":{"@id":"https:\/\/hotelhouse.cz\/#\/schema\/logo\/image\/"},"sameAs":["https:\/\/www.instagram.com\/hotelhousecz\/"]},{"@type":"Person","@id":"https:\/\/hotelhouse.cz\/#\/schema\/person\/fa8caee3f0a9c6134afed3c541204812","name":"Van\u011bk Miroslav","image":{"@type":"ImageObject","inLanguage":"cs","@id":"https:\/\/hotelhouse.cz\/#\/schema\/person\/image\/","url":"https:\/\/secure.gravatar.com\/avatar\/cc93dbecbfc820d69a964ea4a1c72377?s=96&d=mm&r=g","contentUrl":"https:\/\/secure.gravatar.com\/avatar\/cc93dbecbfc820d69a964ea4a1c72377?s=96&d=mm&r=g","caption":"Van\u011bk Miroslav"},"sameAs":["http:\/\/www.hotelhouse.cz"],"url":"https:\/\/hotelhouse.cz\/index.php\/author\/mirvan\/"}]}},"_links":{"self":[{"href":"https:\/\/hotelhouse.cz\/index.php\/wp-json\/wp\/v2\/posts\/7890"}],"collection":[{"href":"https:\/\/hotelhouse.cz\/index.php\/wp-json\/wp\/v2\/posts"}],"about":[{"href":"https:\/\/hotelhouse.cz\/index.php\/wp-json\/wp\/v2\/types\/post"}],"author":[{"embeddable":true,"href":"https:\/\/hotelhouse.cz\/index.php\/wp-json\/wp\/v2\/users\/3"}],"replies":[{"embeddable":true,"href":"https:\/\/hotelhouse.cz\/index.php\/wp-json\/wp\/v2\/comments?post=7890"}],"version-history":[{"count":1,"href":"https:\/\/hotelhouse.cz\/index.php\/wp-json\/wp\/v2\/posts\/7890\/revisions"}],"predecessor-version":[{"id":7892,"href":"https:\/\/hotelhouse.cz\/index.php\/wp-json\/wp\/v2\/posts\/7890\/revisions\/7892"}],"wp:featuredmedia":[{"embeddable":true,"href":"https:\/\/hotelhouse.cz\/index.php\/wp-json\/wp\/v2\/media\/7891"}],"wp:attachment":[{"href":"https:\/\/hotelhouse.cz\/index.php\/wp-json\/wp\/v2\/media?parent=7890"}],"wp:term":[{"taxonomy":"category","embeddable":true,"href":"https:\/\/hotelhouse.cz\/index.php\/wp-json\/wp\/v2\/categories?post=7890"},{"taxonomy":"post_tag","embeddable":true,"href":"https:\/\/hotelhouse.cz\/index.php\/wp-json\/wp\/v2\/tags?post=7890"}],"curies":[{"name":"wp","href":"https:\/\/api.w.org\/{rel}","templated":true}]}}