{"id":7926,"date":"2025-06-24T00:01:00","date_gmt":"2025-06-23T22:01:00","guid":{"rendered":"https:\/\/hotelhouse.cz\/?p=7926"},"modified":"2025-06-23T23:26:58","modified_gmt":"2025-06-23T21:26:58","slug":"spindlerovska-pout-tri-dny-hudby-zabavy-a-tradic-v-centru-krkonos","status":"publish","type":"post","link":"https:\/\/hotelhouse.cz\/index.php\/2025\/06\/24\/spindlerovska-pout-tri-dny-hudby-zabavy-a-tradic-v-centru-krkonos\/","title":{"rendered":"\u0160pindlerovsk\u00e1 pou\u0165: T\u0159i dny hudby, z\u00e1bavy a tradic v centru Krkono\u0161"},"content":{"rendered":"\n<div style=\"height:41px\" aria-hidden=\"true\" class=\"wp-block-spacer\"><\/div>\n\n\n\n<p class=\"has-medium-font-size\"><strong>\u0160pindler\u016fv Ml\u00fdn, malebn\u00e9 horsk\u00e9 m\u011bsto v centru Krkono\u0161, zve v\u0161echny n\u00e1v\u0161t\u011bvn\u00edky na tradi\u010dn\u00ed \u0160pindlerovskou pou\u0165, kter\u00e1 se letos kon\u00e1 ji\u017e po dvaat\u0159ic\u00e1t\u00e9. <\/strong><\/p>\n\n\n\n<p class=\"has-medium-font-size\"><strong>Od p\u00e1tku 27. do ned\u011ble 29. \u010dervna 2025 se parkovi\u0161t\u011b P2 Hromovka prom\u011bn\u00ed ve vesel\u00fd sv\u011bt koloto\u010d\u016f, \u0159emesel, hudby a lahodn\u00e9ho j\u00eddla. Letn\u00ed atmosf\u00e9ra, v\u016fn\u011b \u010derstv\u011b upe\u010den\u00e9ho pern\u00edku a sm\u00edch d\u011bt\u00ed rozezn\u00ed cel\u00fd \u0160pindler\u016fv Ml\u00fdn.<\/strong><\/p>\n\n\n\n<div style=\"height:41px\" aria-hidden=\"true\" class=\"wp-block-spacer\"><\/div>\n\n\n<div class=\"wp-block-image\">\n<figure class=\"aligncenter size-full\"><img decoding=\"async\" src=\"https:\/\/spindleruvmlyn.cz\/wp-content\/uploads\/2025\/06\/c1457_1a.jpg\" alt=\"\u0160pindlerovsk\u00e1 pou\u0165: T\u0159i dny hudby, z\u00e1bavy a tradic v srdci Krkono\u0161\" class=\"wp-image-3586\"\/><\/figure><\/div>\n\n\n<div style=\"height:41px\" aria-hidden=\"true\" class=\"wp-block-spacer\"><\/div>\n\n\n\n<h2 class=\"wp-block-heading\">T\u0159i dny pln\u00e9 radosti pro mal\u00e9 i velk\u00e9<\/h2>\n\n\n\n<div style=\"height:41px\" aria-hidden=\"true\" class=\"wp-block-spacer\"><\/div>\n\n\n\n<p class=\"has-medium-font-size\"><strong><a href=\"https:\/\/www.mestospindleruvmlyn.cz\/spindlerovska-pout-2025\">\u0160pindlerovsk\u00e1 pou\u0165<\/a><\/strong> nen\u00ed jen o tradi\u010dn\u00edch atrakc\u00edch, ale tak\u00e9 o z\u00e1\u017eitc\u00edch, kter\u00e9 spojuj\u00ed generace. Program je bohat\u00fd a pestr\u00fd \u2013 od dechovky a folkloru a\u017e po modern\u00ed hudbu a sportovn\u00ed vystoupen\u00ed. Nechyb\u00ed ani rukod\u011bln\u00e9 trhy s v\u00fdrobky z regionu, st\u00e1nky s pochoutkami a z\u00e1bava pro d\u011bti i dosp\u011bl\u00e9. V\u0161echno se odehr\u00e1v\u00e1 v p\u0159ekr\u00e1sn\u00e9m prost\u0159ed\u00ed hor, kter\u00e9 jen podtrhuje jedine\u010dnost cel\u00e9 akce.<\/p>\n\n\n\n<div style=\"height:41px\" aria-hidden=\"true\" class=\"wp-block-spacer\"><\/div>\n\n\n\n<figure class=\"wp-block-embed is-type-video is-provider-youtube wp-block-embed-youtube wp-embed-aspect-16-9 wp-has-aspect-ratio\"><div class=\"wp-block-embed__wrapper\">\n<div class=\"video-container\"><iframe loading=\"lazy\" title=\"Pou\u0165ov\u00fd b\u011bh, \u0160pindler\u016fv Ml\u00fdn\" width=\"500\" height=\"281\" src=\"https:\/\/www.youtube.com\/embed\/dj0CFStAUws?feature=oembed&#038;wmode=opaque\" frameborder=\"0\" allow=\"accelerometer; autoplay; clipboard-write; encrypted-media; gyroscope; picture-in-picture; web-share\" referrerpolicy=\"strict-origin-when-cross-origin\" allowfullscreen><\/iframe><\/div>\n<\/div><\/figure>\n\n\n\n<div style=\"height:41px\" aria-hidden=\"true\" class=\"wp-block-spacer\"><\/div>\n\n\n\n<h2 class=\"wp-block-heading\">P\u00e1te\u010dn\u00ed rozjezd ve znamen\u00ed hudby a sportu<\/h2>\n\n\n\n<div style=\"height:41px\" aria-hidden=\"true\" class=\"wp-block-spacer\"><\/div>\n\n\n\n<p class=\"has-medium-font-size\">Poutn\u00ed v\u00edkend odstartuje v p\u00e1tek odpoledne tradi\u010dn\u00edm b\u011bhem do vrchu, kter\u00fd se pob\u011b\u017e\u00ed z centra m\u011bsta. Sportovn\u00ed nad\u0161en\u00ed pak vyst\u0159\u00edd\u00e1 hudba \u2013 nejprve zahraje m\u00edstn\u00ed kapela <strong>Bandor<\/strong> a ve\u010der vystoup\u00ed <strong>LUCIE Revival Praha<\/strong>, kter\u00e1 zaru\u010den\u011b roztan\u010d\u00ed cel\u00e9 n\u00e1m\u011bst\u00ed. U\u017e p\u00e1te\u010dn\u00ed ve\u010der slibuje atmosf\u00e9ru, na kterou se nezapom\u00edn\u00e1.<\/p>\n\n\n\n<div style=\"height:41px\" aria-hidden=\"true\" class=\"wp-block-spacer\"><\/div>\n\n\n\n<figure class=\"wp-block-image size-full\"><img decoding=\"async\" src=\"https:\/\/spindleruvmlyn.cz\/wp-content\/uploads\/2025\/06\/Spindlerovska-pout-2.jpg\" alt=\"\u0160pindlerovsk\u00e1 pou\u0165: T\u0159i dny hudby, z\u00e1bavy a tradic v srdci Krkono\u0161\" class=\"wp-image-3589\"\/><\/figure>\n\n\n\n<div style=\"height:41px\" aria-hidden=\"true\" class=\"wp-block-spacer\"><\/div>\n\n\n\n<h2 class=\"wp-block-heading\">Sobota \u2013 vrchol poutn\u00edho vesel\u00ed<\/h2>\n\n\n\n<div style=\"height:41px\" aria-hidden=\"true\" class=\"wp-block-spacer\"><\/div>\n\n\n\n<p class=\"has-medium-font-size\">Sobotn\u00ed program je nabit\u00fd od r\u00e1na a\u017e do noci. Po slavnostn\u00edm zah\u00e1jen\u00ed se m\u016f\u017eete t\u011b\u0161it na dechovou kapelu <strong>T\u00e1boranka<\/strong>, d\u011btsk\u00fd folkl\u00f3rn\u00ed soubor <strong>\u0160pindler\u00e1\u010dek<\/strong>, gymnastick\u00e1 a aerobn\u00ed vystoupen\u00ed, divadeln\u00ed p\u0159edstaven\u00ed <strong>K\u016fzle<\/strong> pro nejmen\u0161\u00ed i koncerty zn\u00e1m\u00fdch jmen. Vystoup\u00ed nap\u0159\u00edklad <strong>PLAVCI a Jan Van\u010dura<\/strong>, <strong>Pavel Callta s kapelou<\/strong>, <strong>Balage Band feat. Tereza Bare\u0161ov\u00e1<\/strong> a ve\u010der zakon\u010d\u00ed energick\u00e1 rockov\u00e1 kapela <strong>FL\u00c1M<\/strong>.<\/p>\n\n\n\n<div style=\"height:41px\" aria-hidden=\"true\" class=\"wp-block-spacer\"><\/div>\n\n\n<div class=\"wp-block-image is-resized\">\n<figure class=\"aligncenter size-full\"><img decoding=\"async\" src=\"https:\/\/spindleruvmlyn.cz\/wp-content\/uploads\/2025\/06\/A3-Pout-SM-program-2025.jpg\" alt=\"\u0160pindlerovsk\u00e1 pou\u0165: T\u0159i dny hudby, z\u00e1bavy a tradic v srdci Krkono\u0161\" class=\"wp-image-3593\"\/><\/figure><\/div>\n\n\n<div style=\"height:41px\" aria-hidden=\"true\" class=\"wp-block-spacer\"><\/div>\n\n\n\n<h2 class=\"wp-block-heading\">Kompletn\u00ed program<\/h2>\n\n\n\n<div style=\"height:41px\" aria-hidden=\"true\" class=\"wp-block-spacer\"><\/div>\n\n\n\n<p class=\"has-medium-font-size\"><strong>P\u00c1TEK 27. 6.<\/strong><\/p>\n\n\n\n<div style=\"height:18px\" aria-hidden=\"true\" class=\"wp-block-spacer\"><\/div>\n\n\n\n<p class=\"has-medium-font-size\"><img decoding=\"async\" loading=\"lazy\" height=\"16\" width=\"16\" alt=\"?\" src=\"https:\/\/static.xx.fbcdn.net\/images\/emoji.php\/v9\/tf3\/1\/16\/1f539.png\"> 16:00 &#8211; Pou\u0165ov\u00fd b\u011bh do vrchu (start v centru m\u011bsta)<\/p>\n\n\n\n<p class=\"has-medium-font-size\"><img decoding=\"async\" loading=\"lazy\" height=\"16\" width=\"16\" alt=\"?\" src=\"https:\/\/static.xx.fbcdn.net\/images\/emoji.php\/v9\/tf3\/1\/16\/1f539.png\"> 18:00 &#8211; Bandor (m\u00edstn\u00ed kapela)<\/p>\n\n\n\n<p class=\"has-medium-font-size\"><img decoding=\"async\" loading=\"lazy\" height=\"16\" width=\"16\" alt=\"?\" src=\"https:\/\/static.xx.fbcdn.net\/images\/emoji.php\/v9\/tf3\/1\/16\/1f539.png\"> 20:00 &#8211; LUCIE Revival Praha<\/p>\n\n\n\n<div style=\"height:18px\" aria-hidden=\"true\" class=\"wp-block-spacer\"><\/div>\n\n\n\n<p class=\"has-medium-font-size\"><strong>SOBOTA 28. 6.<\/strong><\/p>\n\n\n\n<div style=\"height:18px\" aria-hidden=\"true\" class=\"wp-block-spacer\"><\/div>\n\n\n\n<p class=\"has-medium-font-size\"><img decoding=\"async\" loading=\"lazy\" height=\"16\" width=\"16\" alt=\"?\" src=\"https:\/\/static.xx.fbcdn.net\/images\/emoji.php\/v9\/tf3\/1\/16\/1f539.png\"> 11:00 &#8211; Slavnostn\u00ed zah\u00e1jen\u00ed<\/p>\n\n\n\n<p class=\"has-medium-font-size\"><img decoding=\"async\" loading=\"lazy\" height=\"16\" width=\"16\" alt=\"?\" src=\"https:\/\/static.xx.fbcdn.net\/images\/emoji.php\/v9\/tf3\/1\/16\/1f539.png\"> 11:05 &#8211; T\u00e1boranka (dechovka)<\/p>\n\n\n\n<p class=\"has-medium-font-size\"><img decoding=\"async\" loading=\"lazy\" height=\"16\" width=\"16\" alt=\"?\" src=\"https:\/\/static.xx.fbcdn.net\/images\/emoji.php\/v9\/tf3\/1\/16\/1f539.png\"> 12:30 &#8211; \u0160pindler\u00e1\u010dek (d\u011btsk\u00fd folkl\u00f3r)<\/p>\n\n\n\n<p class=\"has-medium-font-size\"><img decoding=\"async\" loading=\"lazy\" height=\"16\" width=\"16\" alt=\"?\" src=\"https:\/\/static.xx.fbcdn.net\/images\/emoji.php\/v9\/tf3\/1\/16\/1f539.png\"> 13:30 &#8211; Gymnastika &amp; aerobic<\/p>\n\n\n\n<p class=\"has-medium-font-size\"><img decoding=\"async\" loading=\"lazy\" height=\"16\" width=\"16\" alt=\"?\" src=\"https:\/\/static.xx.fbcdn.net\/images\/emoji.php\/v9\/tf3\/1\/16\/1f539.png\"> 14:30 &#8211; K\u016fzle (p\u0159edstaven\u00ed pro d\u011bti)<\/p>\n\n\n\n<p class=\"has-medium-font-size\"><img decoding=\"async\" loading=\"lazy\" height=\"16\" width=\"16\" alt=\"?\" src=\"https:\/\/static.xx.fbcdn.net\/images\/emoji.php\/v9\/tf3\/1\/16\/1f539.png\"> 16:00 \u2013 PLAVCI a Jan Van\u010dura<\/p>\n\n\n\n<p class=\"has-medium-font-size\"><img decoding=\"async\" loading=\"lazy\" height=\"16\" width=\"16\" alt=\"?\" src=\"https:\/\/static.xx.fbcdn.net\/images\/emoji.php\/v9\/tf3\/1\/16\/1f539.png\"> 18:00 &#8211; Pavel Callta s kapelou<\/p>\n\n\n\n<p class=\"has-medium-font-size\"><img decoding=\"async\" loading=\"lazy\" height=\"16\" width=\"16\" alt=\"?\" src=\"https:\/\/static.xx.fbcdn.net\/images\/emoji.php\/v9\/tf3\/1\/16\/1f539.png\"> 20:00 &#8211; Balage Band feat. Tereza Bare\u0161ov\u00e1<\/p>\n\n\n\n<p class=\"has-medium-font-size\"><img decoding=\"async\" loading=\"lazy\" height=\"16\" width=\"16\" alt=\"?\" src=\"https:\/\/static.xx.fbcdn.net\/images\/emoji.php\/v9\/tf3\/1\/16\/1f539.png\"> 22:00 &#8211; FL\u00c1M (rockov\u00e1 kapela)<\/p>\n\n\n\n<div style=\"height:18px\" aria-hidden=\"true\" class=\"wp-block-spacer\"><\/div>\n\n\n\n<p class=\"has-medium-font-size\"><strong>NED\u011aLE 29. 6.<\/strong><\/p>\n\n\n\n<div style=\"height:18px\" aria-hidden=\"true\" class=\"wp-block-spacer\"><\/div>\n\n\n\n<p class=\"has-medium-font-size\"><img decoding=\"async\" loading=\"lazy\" height=\"16\" width=\"16\" alt=\"?\" src=\"https:\/\/static.xx.fbcdn.net\/images\/emoji.php\/v9\/tf3\/1\/16\/1f539.png\"> 14:00 &#8211; M\u0161e svat\u00e1 ke cti sv. Petra<\/p>\n\n\n\n<div style=\"height:41px\" aria-hidden=\"true\" class=\"wp-block-spacer\"><\/div>\n\n\n\n<h2 class=\"wp-block-heading\">Ned\u011bln\u00ed zti\u0161en\u00ed a duchovn\u00ed rozm\u011br<\/h2>\n\n\n\n<div style=\"height:41px\" aria-hidden=\"true\" class=\"wp-block-spacer\"><\/div>\n\n\n\n<p class=\"has-medium-font-size\">Po dvou dnech pln\u00fdch hudby a z\u00e1bavy nab\u00eddne ned\u011ble klidn\u011bj\u0161\u00ed notu \u2013 <strong>ve 14:00 prob\u011bhne m\u0161e svat\u00e1 ke cti sv. Petra<\/strong>, patrona pouti. Je to kr\u00e1sn\u00e1 p\u0159\u00edle\u017eitost k zastaven\u00ed, pod\u011bkov\u00e1n\u00ed a pro\u017eit\u00ed duchovn\u00ed str\u00e1nky cel\u00e9 ud\u00e1losti.<\/p>\n\n\n\n<div style=\"height:41px\" aria-hidden=\"true\" class=\"wp-block-spacer\"><\/div>\n\n\n<div class=\"wp-block-image\">\n<figure class=\"aligncenter size-full\"><img decoding=\"async\" src=\"https:\/\/spindleruvmlyn.cz\/wp-content\/uploads\/2025\/06\/Spindlerovska-pout-1.jpg\" alt=\"\u0160pindlerovsk\u00e1 pou\u0165: T\u0159i dny hudby, z\u00e1bavy a tradic v srdci Krkono\u0161\" class=\"wp-image-3588\"\/><\/figure><\/div>\n\n\n<div style=\"height:41px\" aria-hidden=\"true\" class=\"wp-block-spacer\"><\/div>\n\n\n\n<h2 class=\"wp-block-heading\">Za\u010dn\u011bte l\u00e9to ve \u0160pindlerov\u011b Ml\u00fdn\u011b<\/h2>\n\n\n\n<div style=\"height:41px\" aria-hidden=\"true\" class=\"wp-block-spacer\"><\/div>\n\n\n\n<p class=\"has-medium-font-size\">P\u0159ije\u010fte si u\u017e\u00edt jedine\u010dnou atmosf\u00e9ru do <strong>\u0160pindlerova Ml\u00fdna<\/strong>, kde v\u00e1s \u010dek\u00e1 nejen skv\u011bl\u00fd program, ale i p\u0159\u00e1telsk\u00e9 prost\u0159ed\u00ed v centru Krkono\u0161. <strong>\u0160pindlerovsk\u00e1 pou\u0165<\/strong> je ide\u00e1ln\u00ed p\u0159\u00edle\u017eitost\u00ed, jak str\u00e1vit v\u00edkend s rodinou, p\u0159\u00e1teli nebo partnerem. Hory, tradice, hudba a dobr\u00e1 n\u00e1lada \u2013 to je \u0160pindler\u016fv Ml\u00fdn na p\u0159elomu \u010dervna.<\/p>\n\n\n\n<div style=\"height:11px\" aria-hidden=\"true\" class=\"wp-block-spacer\"><\/div>\n\n\n\n<p class=\"has-medium-font-size\"><strong>T\u011b\u0161\u00edme se na v\u00e1s na 32. ro\u010dn\u00edku \u0160pindlerovsk\u00e9 pouti!<\/strong><\/p>\n\n\n\n<div style=\"height:100px\" aria-hidden=\"true\" class=\"wp-block-spacer\"><\/div>\n\n\n\n<figure class=\"wp-block-gallery has-nested-images columns-2 is-cropped wp-block-gallery-1 is-layout-flex wp-block-gallery-is-layout-flex\">\n<figure class=\"wp-block-image size-large\"><img decoding=\"async\" data-id=\"3586\" src=\"https:\/\/spindleruvmlyn.cz\/wp-content\/uploads\/2025\/06\/c1457_1a.jpg\" alt=\"\u0160pindlerovsk\u00e1 pou\u0165: T\u0159i dny hudby, z\u00e1bavy a tradic v srdci Krkono\u0161\" class=\"wp-image-3586\"\/><\/figure>\n\n\n\n<figure class=\"wp-block-image size-large\"><img decoding=\"async\" data-id=\"3588\" src=\"https:\/\/spindleruvmlyn.cz\/wp-content\/uploads\/2025\/06\/Spindlerovska-pout-1.jpg\" alt=\"\u0160pindlerovsk\u00e1 pou\u0165: T\u0159i dny hudby, z\u00e1bavy a tradic v srdci Krkono\u0161\" class=\"wp-image-3588\"\/><\/figure>\n\n\n\n<figure class=\"wp-block-image size-large\"><img decoding=\"async\" data-id=\"3589\" src=\"https:\/\/spindleruvmlyn.cz\/wp-content\/uploads\/2025\/06\/Spindlerovska-pout-2.jpg\" alt=\"\u0160pindlerovsk\u00e1 pou\u0165: T\u0159i dny hudby, z\u00e1bavy a tradic v srdci Krkono\u0161\" class=\"wp-image-3589\"\/><\/figure>\n\n\n\n<figure class=\"wp-block-image size-large\"><img decoding=\"async\" data-id=\"3593\" src=\"https:\/\/spindleruvmlyn.cz\/wp-content\/uploads\/2025\/06\/A3-Pout-SM-program-2025-734x1024.jpg\" alt=\"\u0160pindlerovsk\u00e1 pou\u0165: T\u0159i dny hudby, z\u00e1bavy a tradic v srdci Krkono\u0161\" class=\"wp-image-3593\"\/><\/figure>\n\n\n\n<figure class=\"wp-block-image size-large\"><img decoding=\"async\" data-id=\"3592\" src=\"https:\/\/spindleruvmlyn.cz\/wp-content\/uploads\/2025\/06\/495403691_1273547074774207_TTL-1024x543.jpg\" alt=\"\u0160pindlerovsk\u00e1 pou\u0165: T\u0159i dny hudby, z\u00e1bavy a tradic v srdci Krkono\u0161\" class=\"wp-image-3592\"\/><\/figure>\n<\/figure>\n\n\n\n<div style=\"height:33px\" aria-hidden=\"true\" class=\"wp-block-spacer\"><\/div>\n\n\n\n<p class=\"has-medium-font-size\"><strong>Zdroj foto a video: <\/strong>\u0160pindler\u016fv Ml\u00fdn<\/p>\n\n\n\n<div style=\"height:54px\" aria-hidden=\"true\" class=\"wp-block-spacer\"><\/div>\n","protected":false},"excerpt":{"rendered":"<p>\u0160pindler\u016fv Ml\u00fdn, malebn\u00e9 horsk\u00e9 m\u011bsto v centru Krkono\u0161, zve v\u0161echny n\u00e1v\u0161t\u011bvn\u00edky na tradi\u010dn\u00ed \u0160pindlerovskou pou\u0165, kter\u00e1 se letos kon\u00e1 ji\u017e po dvaat\u0159ic\u00e1t\u00e9. Od p\u00e1tku 27. do ned\u011ble 29. \u010dervna 2025 se parkovi\u0161t\u011b P2 Hromovka&#46;&#46;&#46;<\/p>\n","protected":false},"author":3,"featured_media":7927,"comment_status":"closed","ping_status":"closed","sticky":false,"template":"","format":"standard","meta":{"_monsterinsights_skip_tracking":false,"_monsterinsights_sitenote_active":false,"_monsterinsights_sitenote_note":"","_monsterinsights_sitenote_category":0,"footnotes":""},"categories":[26,2,160,23,17],"tags":[],"yoast_head":"<!-- This site is optimized with the Yoast SEO plugin v21.5 - https:\/\/yoast.com\/wordpress\/plugins\/seo\/ -->\n<title>\u0160pindlerovsk\u00e1 pou\u0165: T\u0159i dny hudby, z\u00e1bavy a tradic v centru Krkono\u0161 - HOTELHOUSE.cz<\/title>\n<meta name=\"description\" content=\"Od p\u00e1tku 27. do ned\u011ble 29. \u010dervna 2025 se parkovi\u0161t\u011b P2 Hromovka prom\u011bn\u00ed ve vesel\u00fd sv\u011bt koloto\u010d\u016f, \u0159emesel, hudby a lahodn\u00e9ho j\u00eddla.\" \/>\n<meta name=\"robots\" content=\"index, follow, max-snippet:-1, max-image-preview:large, max-video-preview:-1\" \/>\n<link rel=\"canonical\" href=\"https:\/\/hotelhouse.cz\/index.php\/2025\/06\/24\/spindlerovska-pout-tri-dny-hudby-zabavy-a-tradic-v-centru-krkonos\/\" \/>\n<meta property=\"og:locale\" content=\"cs_CZ\" \/>\n<meta property=\"og:type\" content=\"article\" \/>\n<meta property=\"og:title\" content=\"\u0160pindlerovsk\u00e1 pou\u0165: T\u0159i dny hudby, z\u00e1bavy a tradic v centru Krkono\u0161 - HOTELHOUSE.cz\" \/>\n<meta property=\"og:description\" content=\"Od p\u00e1tku 27. do ned\u011ble 29. \u010dervna 2025 se parkovi\u0161t\u011b P2 Hromovka prom\u011bn\u00ed ve vesel\u00fd sv\u011bt koloto\u010d\u016f, \u0159emesel, hudby a lahodn\u00e9ho j\u00eddla.\" \/>\n<meta property=\"og:url\" content=\"https:\/\/hotelhouse.cz\/index.php\/2025\/06\/24\/spindlerovska-pout-tri-dny-hudby-zabavy-a-tradic-v-centru-krkonos\/\" \/>\n<meta property=\"og:site_name\" content=\"HOTELHOUSE.cz\" \/>\n<meta property=\"article:published_time\" content=\"2025-06-23T22:01:00+00:00\" \/>\n<meta property=\"article:modified_time\" content=\"2025-06-23T21:26:58+00:00\" \/>\n<meta property=\"og:image\" content=\"https:\/\/hotelhouse.cz\/wp-content\/uploads\/2025\/06\/495403691_1273547074774207_TTL.jpg\" \/>\n\t<meta property=\"og:image:width\" content=\"2381\" \/>\n\t<meta property=\"og:image:height\" content=\"1263\" \/>\n\t<meta property=\"og:image:type\" content=\"image\/jpeg\" \/>\n<meta name=\"author\" content=\"Van\u011bk Miroslav\" \/>\n<meta name=\"twitter:card\" content=\"summary_large_image\" \/>\n<meta name=\"twitter:label1\" content=\"Napsal(a)\" \/>\n\t<meta name=\"twitter:data1\" content=\"Van\u011bk Miroslav\" \/>\n\t<meta name=\"twitter:label2\" content=\"Odhadovan\u00e1 doba \u010dten\u00ed\" \/>\n\t<meta name=\"twitter:data2\" content=\"7 minut\" \/>\n<script type=\"application\/ld+json\" class=\"yoast-schema-graph\">{\"@context\":\"https:\/\/schema.org\",\"@graph\":[{\"@type\":\"Article\",\"@id\":\"https:\/\/hotelhouse.cz\/index.php\/2025\/06\/24\/spindlerovska-pout-tri-dny-hudby-zabavy-a-tradic-v-centru-krkonos\/#article\",\"isPartOf\":{\"@id\":\"https:\/\/hotelhouse.cz\/index.php\/2025\/06\/24\/spindlerovska-pout-tri-dny-hudby-zabavy-a-tradic-v-centru-krkonos\/\"},\"author\":{\"name\":\"Van\u011bk Miroslav\",\"@id\":\"https:\/\/hotelhouse.cz\/#\/schema\/person\/fa8caee3f0a9c6134afed3c541204812\"},\"headline\":\"\u0160pindlerovsk\u00e1 pou\u0165: T\u0159i dny hudby, z\u00e1bavy a tradic v centru Krkono\u0161\",\"datePublished\":\"2025-06-23T22:01:00+00:00\",\"dateModified\":\"2025-06-23T21:26:58+00:00\",\"mainEntityOfPage\":{\"@id\":\"https:\/\/hotelhouse.cz\/index.php\/2025\/06\/24\/spindlerovska-pout-tri-dny-hudby-zabavy-a-tradic-v-centru-krkonos\/\"},\"wordCount\":578,\"publisher\":{\"@id\":\"https:\/\/hotelhouse.cz\/#organization\"},\"articleSection\":[\"N\u00e1dhern\u00e1M\u00edsta.cz\",\"NEWS\",\"\u0160PINDLER\u016eV ML\u00ddN\",\"TIPY NA CESTOV\u00c1N\u00cd\",\"VIDEO\"],\"inLanguage\":\"cs\"},{\"@type\":\"WebPage\",\"@id\":\"https:\/\/hotelhouse.cz\/index.php\/2025\/06\/24\/spindlerovska-pout-tri-dny-hudby-zabavy-a-tradic-v-centru-krkonos\/\",\"url\":\"https:\/\/hotelhouse.cz\/index.php\/2025\/06\/24\/spindlerovska-pout-tri-dny-hudby-zabavy-a-tradic-v-centru-krkonos\/\",\"name\":\"\u0160pindlerovsk\u00e1 pou\u0165: T\u0159i dny hudby, z\u00e1bavy a tradic v centru Krkono\u0161 - HOTELHOUSE.cz\",\"isPartOf\":{\"@id\":\"https:\/\/hotelhouse.cz\/#website\"},\"datePublished\":\"2025-06-23T22:01:00+00:00\",\"dateModified\":\"2025-06-23T21:26:58+00:00\",\"description\":\"Od p\u00e1tku 27. do ned\u011ble 29. \u010dervna 2025 se parkovi\u0161t\u011b P2 Hromovka prom\u011bn\u00ed ve vesel\u00fd sv\u011bt koloto\u010d\u016f, \u0159emesel, hudby a lahodn\u00e9ho j\u00eddla.\",\"breadcrumb\":{\"@id\":\"https:\/\/hotelhouse.cz\/index.php\/2025\/06\/24\/spindlerovska-pout-tri-dny-hudby-zabavy-a-tradic-v-centru-krkonos\/#breadcrumb\"},\"inLanguage\":\"cs\",\"potentialAction\":[{\"@type\":\"ReadAction\",\"target\":[\"https:\/\/hotelhouse.cz\/index.php\/2025\/06\/24\/spindlerovska-pout-tri-dny-hudby-zabavy-a-tradic-v-centru-krkonos\/\"]}]},{\"@type\":\"BreadcrumbList\",\"@id\":\"https:\/\/hotelhouse.cz\/index.php\/2025\/06\/24\/spindlerovska-pout-tri-dny-hudby-zabavy-a-tradic-v-centru-krkonos\/#breadcrumb\",\"itemListElement\":[{\"@type\":\"ListItem\",\"position\":1,\"name\":\"Dom\u016f\",\"item\":\"https:\/\/hotelhouse.cz\/\"},{\"@type\":\"ListItem\",\"position\":2,\"name\":\"\u0160pindlerovsk\u00e1 pou\u0165: T\u0159i dny hudby, z\u00e1bavy a tradic v centru Krkono\u0161\"}]},{\"@type\":\"WebSite\",\"@id\":\"https:\/\/hotelhouse.cz\/#website\",\"url\":\"https:\/\/hotelhouse.cz\/\",\"name\":\"HOTELHOUSE.cz\",\"description\":\"Port\u00e1l o hotelech, pensionech, spa resortech a restaurac\u00edch...\",\"publisher\":{\"@id\":\"https:\/\/hotelhouse.cz\/#organization\"},\"potentialAction\":[{\"@type\":\"SearchAction\",\"target\":{\"@type\":\"EntryPoint\",\"urlTemplate\":\"https:\/\/hotelhouse.cz\/?s={search_term_string}\"},\"query-input\":\"required name=search_term_string\"}],\"inLanguage\":\"cs\"},{\"@type\":\"Organization\",\"@id\":\"https:\/\/hotelhouse.cz\/#organization\",\"name\":\"HOTELHOUSE.cz\",\"url\":\"https:\/\/hotelhouse.cz\/\",\"logo\":{\"@type\":\"ImageObject\",\"inLanguage\":\"cs\",\"@id\":\"https:\/\/hotelhouse.cz\/#\/schema\/logo\/image\/\",\"url\":\"https:\/\/hotelhouse.cz\/wp-content\/uploads\/2024\/12\/cropped-Logo_HotelHouse-2.jpg\",\"contentUrl\":\"https:\/\/hotelhouse.cz\/wp-content\/uploads\/2024\/12\/cropped-Logo_HotelHouse-2.jpg\",\"width\":933,\"height\":516,\"caption\":\"HOTELHOUSE.cz\"},\"image\":{\"@id\":\"https:\/\/hotelhouse.cz\/#\/schema\/logo\/image\/\"},\"sameAs\":[\"https:\/\/www.instagram.com\/hotelhousecz\/\"]},{\"@type\":\"Person\",\"@id\":\"https:\/\/hotelhouse.cz\/#\/schema\/person\/fa8caee3f0a9c6134afed3c541204812\",\"name\":\"Van\u011bk Miroslav\",\"image\":{\"@type\":\"ImageObject\",\"inLanguage\":\"cs\",\"@id\":\"https:\/\/hotelhouse.cz\/#\/schema\/person\/image\/\",\"url\":\"https:\/\/secure.gravatar.com\/avatar\/cc93dbecbfc820d69a964ea4a1c72377?s=96&d=mm&r=g\",\"contentUrl\":\"https:\/\/secure.gravatar.com\/avatar\/cc93dbecbfc820d69a964ea4a1c72377?s=96&d=mm&r=g\",\"caption\":\"Van\u011bk Miroslav\"},\"sameAs\":[\"http:\/\/www.hotelhouse.cz\"],\"url\":\"https:\/\/hotelhouse.cz\/index.php\/author\/mirvan\/\"}]}<\/script>\n<!-- \/ Yoast SEO plugin. -->","yoast_head_json":{"title":"\u0160pindlerovsk\u00e1 pou\u0165: T\u0159i dny hudby, z\u00e1bavy a tradic v centru Krkono\u0161 - HOTELHOUSE.cz","description":"Od p\u00e1tku 27. do ned\u011ble 29. \u010dervna 2025 se parkovi\u0161t\u011b P2 Hromovka prom\u011bn\u00ed ve vesel\u00fd sv\u011bt koloto\u010d\u016f, \u0159emesel, hudby a lahodn\u00e9ho j\u00eddla.","robots":{"index":"index","follow":"follow","max-snippet":"max-snippet:-1","max-image-preview":"max-image-preview:large","max-video-preview":"max-video-preview:-1"},"canonical":"https:\/\/hotelhouse.cz\/index.php\/2025\/06\/24\/spindlerovska-pout-tri-dny-hudby-zabavy-a-tradic-v-centru-krkonos\/","og_locale":"cs_CZ","og_type":"article","og_title":"\u0160pindlerovsk\u00e1 pou\u0165: T\u0159i dny hudby, z\u00e1bavy a tradic v centru Krkono\u0161 - HOTELHOUSE.cz","og_description":"Od p\u00e1tku 27. do ned\u011ble 29. \u010dervna 2025 se parkovi\u0161t\u011b P2 Hromovka prom\u011bn\u00ed ve vesel\u00fd sv\u011bt koloto\u010d\u016f, \u0159emesel, hudby a lahodn\u00e9ho j\u00eddla.","og_url":"https:\/\/hotelhouse.cz\/index.php\/2025\/06\/24\/spindlerovska-pout-tri-dny-hudby-zabavy-a-tradic-v-centru-krkonos\/","og_site_name":"HOTELHOUSE.cz","article_published_time":"2025-06-23T22:01:00+00:00","article_modified_time":"2025-06-23T21:26:58+00:00","og_image":[{"width":2381,"height":1263,"url":"https:\/\/hotelhouse.cz\/wp-content\/uploads\/2025\/06\/495403691_1273547074774207_TTL.jpg","type":"image\/jpeg"}],"author":"Van\u011bk Miroslav","twitter_card":"summary_large_image","twitter_misc":{"Napsal(a)":"Van\u011bk Miroslav","Odhadovan\u00e1 doba \u010dten\u00ed":"7 minut"},"schema":{"@context":"https:\/\/schema.org","@graph":[{"@type":"Article","@id":"https:\/\/hotelhouse.cz\/index.php\/2025\/06\/24\/spindlerovska-pout-tri-dny-hudby-zabavy-a-tradic-v-centru-krkonos\/#article","isPartOf":{"@id":"https:\/\/hotelhouse.cz\/index.php\/2025\/06\/24\/spindlerovska-pout-tri-dny-hudby-zabavy-a-tradic-v-centru-krkonos\/"},"author":{"name":"Van\u011bk Miroslav","@id":"https:\/\/hotelhouse.cz\/#\/schema\/person\/fa8caee3f0a9c6134afed3c541204812"},"headline":"\u0160pindlerovsk\u00e1 pou\u0165: T\u0159i dny hudby, z\u00e1bavy a tradic v centru Krkono\u0161","datePublished":"2025-06-23T22:01:00+00:00","dateModified":"2025-06-23T21:26:58+00:00","mainEntityOfPage":{"@id":"https:\/\/hotelhouse.cz\/index.php\/2025\/06\/24\/spindlerovska-pout-tri-dny-hudby-zabavy-a-tradic-v-centru-krkonos\/"},"wordCount":578,"publisher":{"@id":"https:\/\/hotelhouse.cz\/#organization"},"articleSection":["N\u00e1dhern\u00e1M\u00edsta.cz","NEWS","\u0160PINDLER\u016eV ML\u00ddN","TIPY NA CESTOV\u00c1N\u00cd","VIDEO"],"inLanguage":"cs"},{"@type":"WebPage","@id":"https:\/\/hotelhouse.cz\/index.php\/2025\/06\/24\/spindlerovska-pout-tri-dny-hudby-zabavy-a-tradic-v-centru-krkonos\/","url":"https:\/\/hotelhouse.cz\/index.php\/2025\/06\/24\/spindlerovska-pout-tri-dny-hudby-zabavy-a-tradic-v-centru-krkonos\/","name":"\u0160pindlerovsk\u00e1 pou\u0165: T\u0159i dny hudby, z\u00e1bavy a tradic v centru Krkono\u0161 - HOTELHOUSE.cz","isPartOf":{"@id":"https:\/\/hotelhouse.cz\/#website"},"datePublished":"2025-06-23T22:01:00+00:00","dateModified":"2025-06-23T21:26:58+00:00","description":"Od p\u00e1tku 27. do ned\u011ble 29. \u010dervna 2025 se parkovi\u0161t\u011b P2 Hromovka prom\u011bn\u00ed ve vesel\u00fd sv\u011bt koloto\u010d\u016f, \u0159emesel, hudby a lahodn\u00e9ho j\u00eddla.","breadcrumb":{"@id":"https:\/\/hotelhouse.cz\/index.php\/2025\/06\/24\/spindlerovska-pout-tri-dny-hudby-zabavy-a-tradic-v-centru-krkonos\/#breadcrumb"},"inLanguage":"cs","potentialAction":[{"@type":"ReadAction","target":["https:\/\/hotelhouse.cz\/index.php\/2025\/06\/24\/spindlerovska-pout-tri-dny-hudby-zabavy-a-tradic-v-centru-krkonos\/"]}]},{"@type":"BreadcrumbList","@id":"https:\/\/hotelhouse.cz\/index.php\/2025\/06\/24\/spindlerovska-pout-tri-dny-hudby-zabavy-a-tradic-v-centru-krkonos\/#breadcrumb","itemListElement":[{"@type":"ListItem","position":1,"name":"Dom\u016f","item":"https:\/\/hotelhouse.cz\/"},{"@type":"ListItem","position":2,"name":"\u0160pindlerovsk\u00e1 pou\u0165: T\u0159i dny hudby, z\u00e1bavy a tradic v centru Krkono\u0161"}]},{"@type":"WebSite","@id":"https:\/\/hotelhouse.cz\/#website","url":"https:\/\/hotelhouse.cz\/","name":"HOTELHOUSE.cz","description":"Port\u00e1l o hotelech, pensionech, spa resortech a restaurac\u00edch...","publisher":{"@id":"https:\/\/hotelhouse.cz\/#organization"},"potentialAction":[{"@type":"SearchAction","target":{"@type":"EntryPoint","urlTemplate":"https:\/\/hotelhouse.cz\/?s={search_term_string}"},"query-input":"required name=search_term_string"}],"inLanguage":"cs"},{"@type":"Organization","@id":"https:\/\/hotelhouse.cz\/#organization","name":"HOTELHOUSE.cz","url":"https:\/\/hotelhouse.cz\/","logo":{"@type":"ImageObject","inLanguage":"cs","@id":"https:\/\/hotelhouse.cz\/#\/schema\/logo\/image\/","url":"https:\/\/hotelhouse.cz\/wp-content\/uploads\/2024\/12\/cropped-Logo_HotelHouse-2.jpg","contentUrl":"https:\/\/hotelhouse.cz\/wp-content\/uploads\/2024\/12\/cropped-Logo_HotelHouse-2.jpg","width":933,"height":516,"caption":"HOTELHOUSE.cz"},"image":{"@id":"https:\/\/hotelhouse.cz\/#\/schema\/logo\/image\/"},"sameAs":["https:\/\/www.instagram.com\/hotelhousecz\/"]},{"@type":"Person","@id":"https:\/\/hotelhouse.cz\/#\/schema\/person\/fa8caee3f0a9c6134afed3c541204812","name":"Van\u011bk Miroslav","image":{"@type":"ImageObject","inLanguage":"cs","@id":"https:\/\/hotelhouse.cz\/#\/schema\/person\/image\/","url":"https:\/\/secure.gravatar.com\/avatar\/cc93dbecbfc820d69a964ea4a1c72377?s=96&d=mm&r=g","contentUrl":"https:\/\/secure.gravatar.com\/avatar\/cc93dbecbfc820d69a964ea4a1c72377?s=96&d=mm&r=g","caption":"Van\u011bk Miroslav"},"sameAs":["http:\/\/www.hotelhouse.cz"],"url":"https:\/\/hotelhouse.cz\/index.php\/author\/mirvan\/"}]}},"_links":{"self":[{"href":"https:\/\/hotelhouse.cz\/index.php\/wp-json\/wp\/v2\/posts\/7926"}],"collection":[{"href":"https:\/\/hotelhouse.cz\/index.php\/wp-json\/wp\/v2\/posts"}],"about":[{"href":"https:\/\/hotelhouse.cz\/index.php\/wp-json\/wp\/v2\/types\/post"}],"author":[{"embeddable":true,"href":"https:\/\/hotelhouse.cz\/index.php\/wp-json\/wp\/v2\/users\/3"}],"replies":[{"embeddable":true,"href":"https:\/\/hotelhouse.cz\/index.php\/wp-json\/wp\/v2\/comments?post=7926"}],"version-history":[{"count":1,"href":"https:\/\/hotelhouse.cz\/index.php\/wp-json\/wp\/v2\/posts\/7926\/revisions"}],"predecessor-version":[{"id":7928,"href":"https:\/\/hotelhouse.cz\/index.php\/wp-json\/wp\/v2\/posts\/7926\/revisions\/7928"}],"wp:featuredmedia":[{"embeddable":true,"href":"https:\/\/hotelhouse.cz\/index.php\/wp-json\/wp\/v2\/media\/7927"}],"wp:attachment":[{"href":"https:\/\/hotelhouse.cz\/index.php\/wp-json\/wp\/v2\/media?parent=7926"}],"wp:term":[{"taxonomy":"category","embeddable":true,"href":"https:\/\/hotelhouse.cz\/index.php\/wp-json\/wp\/v2\/categories?post=7926"},{"taxonomy":"post_tag","embeddable":true,"href":"https:\/\/hotelhouse.cz\/index.php\/wp-json\/wp\/v2\/tags?post=7926"}],"curies":[{"name":"wp","href":"https:\/\/api.w.org\/{rel}","templated":true}]}}