{"id":7950,"date":"2025-07-04T00:01:00","date_gmt":"2025-07-03T22:01:00","guid":{"rendered":"https:\/\/hotelhouse.cz\/?p=7950"},"modified":"2025-07-05T01:48:58","modified_gmt":"2025-07-04T23:48:58","slug":"mlynarovy-toulky-ve-spindlu-den-plny-her-pohadkovych-pribehu-a-krkonosskeho-dobrodruzstvi","status":"publish","type":"post","link":"https:\/\/hotelhouse.cz\/index.php\/2025\/07\/04\/mlynarovy-toulky-ve-spindlu-den-plny-her-pohadkovych-pribehu-a-krkonosskeho-dobrodruzstvi\/","title":{"rendered":"Mlyn\u00e1\u0159ovy toulky ve \u0160pindlu: Den pln\u00fd her, poh\u00e1dkov\u00fdch p\u0159\u00edb\u011bh\u016f a krkono\u0161sk\u00e9ho dobrodru\u017estv\u00ed"},"content":{"rendered":"\n<div style=\"height:41px\" aria-hidden=\"true\" class=\"wp-block-spacer\"><\/div>\n\n\n\n<p class=\"has-medium-font-size\"><strong>L\u00e9to ve \u0160pindlerov\u011b Ml\u00fdn\u011b je tady a s n\u00edm i obl\u00edben\u00e1 akce pro rodiny s d\u011btmi \u2013 Mlyn\u00e1\u0159ovy toulky!<\/strong> <\/p>\n\n\n\n<p class=\"has-medium-font-size\"><strong>U\u017e v sobotu 5. \u010dervence o\u017eije m\u011bstsk\u00fd park v <a href=\"https:\/\/centrumkrkonos.cz\/\">centru Krkono\u0161<\/a> sm\u00edchem, radost\u00ed a dobrodru\u017estv\u00edm pro mal\u00e9 i velk\u00e9 n\u00e1v\u0161t\u011bvn\u00edky. P\u0159ij\u010fte si u\u017e\u00edt den pln\u00fd z\u00e1\u017eitk\u016f v nejhez\u010d\u00edm horsk\u00e9m st\u0159edisku v <a href=\"https:\/\/centrumkrkonos.cz\/\">Krkono\u0161\u00edch<\/a>.<\/strong><\/p>\n\n\n\n<div style=\"height:41px\" aria-hidden=\"true\" class=\"wp-block-spacer\"><\/div>\n\n\n<div class=\"wp-block-image\">\n<figure class=\"aligncenter size-large\"><img decoding=\"async\" src=\"https:\/\/spindleruvmlyn.cz\/wp-content\/uploads\/2025\/07\/516094031_1306128294849418_1835405682991637255_n-1024x576.jpg\" alt=\"U\u017e z\u00edtra startuj\u00ed Mlyn\u00e1\u0159ovy toulky! Den pln\u00fd her, poh\u00e1dkov\u00fdch p\u0159\u00edb\u011bh\u016f a krkono\u0161sk\u00e9ho dobrodru\u017estv\u00ed ve \u0160pindlu\" class=\"wp-image-3609\"\/><\/figure><\/div>\n\n\n<div style=\"height:41px\" aria-hidden=\"true\" class=\"wp-block-spacer\"><\/div>\n\n\n\n<h2 class=\"wp-block-heading\">Kouzeln\u00e1 trasa pod\u00e9l Labe i superhrdinov\u00e9<\/h2>\n\n\n\n<div style=\"height:41px\" aria-hidden=\"true\" class=\"wp-block-spacer\"><\/div>\n\n\n\n<p class=\"has-medium-font-size\">Cel\u00e1 akce odstartuje v <strong>10:00 hodin<\/strong>, kdy se otev\u0159e <strong>poh\u00e1dkov\u00e1 trasa se superhrdiny<\/strong>, dlouh\u00e1 p\u0159ibli\u017en\u011b 3 km. D\u011bti i dosp\u011bl\u00ed se mohou t\u011b\u0161it na cestu plnou hrav\u00fdch \u00fakol\u016f, z\u00e1bavn\u00fdch zastaven\u00ed a sb\u00edr\u00e1n\u00ed raz\u00edtek. Trasa vede malebnou p\u0159\u00edrodou pod\u00e9l Labe a ka\u017ed\u00fd mal\u00fd \u00fa\u010dastn\u00edk si odnese nejen z\u00e1\u017eitky, ale i zaslou\u017eenou <strong>odm\u011bnu na konci dobrodru\u017estv\u00ed<\/strong>.<\/p>\n\n\n\n<p class=\"has-medium-font-size\">Nezapome\u0148te \u2013 <strong>posledn\u00ed mo\u017en\u00fd start je ve 15:30<\/strong> hodin, tak dorazte v\u010das, a\u0165 si to v\u0161echno stihnete po\u0159\u00e1dn\u011b u\u017e\u00edt!<\/p>\n\n\n\n<div style=\"height:41px\" aria-hidden=\"true\" class=\"wp-block-spacer\"><\/div>\n\n\n<div class=\"wp-block-image is-resized\">\n<figure class=\"aligncenter size-large\"><img decoding=\"async\" src=\"https:\/\/spindleruvmlyn.cz\/wp-content\/uploads\/2025\/07\/514420262_1306128351516079_1417078946302157863_n-724x1024.jpg\" alt=\"U\u017e z\u00edtra startuj\u00ed Mlyn\u00e1\u0159ovy toulky! Den pln\u00fd her, poh\u00e1dkov\u00fdch p\u0159\u00edb\u011bh\u016f a krkono\u0161sk\u00e9ho dobrodru\u017estv\u00ed ve \u0160pindlu\" class=\"wp-image-3613\"\/><\/figure><\/div>\n\n\n<div style=\"height:41px\" aria-hidden=\"true\" class=\"wp-block-spacer\"><\/div>\n\n\n\n<h2 class=\"wp-block-heading\">Festival her a poh\u00e1dkov\u00e9 Krkono\u0161e<\/h2>\n\n\n\n<div style=\"height:41px\" aria-hidden=\"true\" class=\"wp-block-spacer\"><\/div>\n\n\n\n<p class=\"has-medium-font-size\">Od <strong>11:00 do 16:00<\/strong> se bude cel\u00fd m\u011bstsk\u00fd park ve <strong><a href=\"https:\/\/spindleruvmlyn.cz\/\">\u0160pindlerov\u011b Ml\u00fdn\u011b<\/a><\/strong>, srdci Krkono\u0161, hem\u017eit aktivitami pro d\u011bti. T\u011b\u0161it se m\u016f\u017eete na <strong>festival her<\/strong>, kde nebude chyb\u011bt sm\u00edch, sout\u011b\u017een\u00ed a spousta legrace.<\/p>\n\n\n\n<p class=\"has-medium-font-size\">Sou\u010d\u00e1st\u00ed akce je i <strong>projekt Poh\u00e1dkov\u00e9 Krkono\u0161e<\/strong> \u2013 p\u0159i \u00fa\u010dasti na trase z\u00edsk\u00e1te do sv\u00e9 sb\u00edrky dal\u0161\u00ed raz\u00edtko, kter\u00e9 je k vyzvednut\u00ed v Turistick\u00e9m informa\u010dn\u00edm centru (TIC). <\/p>\n\n\n\n<p class=\"has-medium-font-size\">Za symbolick\u00e9 startovn\u00e9 <strong>10 K\u010d<\/strong> si odnesete spoustu z\u00e1\u017eitk\u016f, radosti a \u00fasm\u011bv\u016f.<\/p>\n\n\n\n<div style=\"height:41px\" aria-hidden=\"true\" class=\"wp-block-spacer\"><\/div>\n\n\n<div class=\"wp-block-image is-resized\">\n<figure class=\"aligncenter size-large\"><img decoding=\"async\" src=\"https:\/\/spindleruvmlyn.cz\/wp-content\/uploads\/2025\/07\/514340343_1302614798534101_5602925285084922751_n-819x1024.jpg\" alt=\"U\u017e z\u00edtra startuj\u00ed Mlyn\u00e1\u0159ovy toulky! Den pln\u00fd her, poh\u00e1dkov\u00fdch p\u0159\u00edb\u011bh\u016f a krkono\u0161sk\u00e9ho dobrodru\u017estv\u00ed ve \u0160pindlu\" class=\"wp-image-3615\"\/><\/figure><\/div>\n\n\n<div style=\"height:41px\" aria-hidden=\"true\" class=\"wp-block-spacer\"><\/div>\n\n\n\n<h2 class=\"wp-block-heading\">Hudebn\u00ed te\u010dka s Kyti aTomem<\/h2>\n\n\n\n<div style=\"height:41px\" aria-hidden=\"true\" class=\"wp-block-spacer\"><\/div>\n\n\n\n<p class=\"has-medium-font-size\">A jak zakon\u010dit den pln\u00fd pohybu a poh\u00e1dek? P\u0159eci hudbou! Od <strong>16:00 hodin<\/strong> v\u00e1s \u010dek\u00e1 koncert v r\u00e1mci <strong>\u0160pindl Unplugged<\/strong>, kde vystoup\u00ed <strong>Kyti aTom<\/strong>. P\u0159ij\u010fte si odpo\u010dinout do parku, nechte d\u011bti pob\u00edhat mezi hern\u00edmi stanovi\u0161ti a vychutnejte si pohodovou atmosf\u00e9ru v srdci Krkono\u0161.<\/p>\n\n\n\n<div style=\"height:41px\" aria-hidden=\"true\" class=\"wp-block-spacer\"><\/div>\n\n\n\n<figure class=\"wp-block-image size-large\"><img decoding=\"async\" src=\"https:\/\/spindleruvmlyn.cz\/wp-content\/uploads\/2025\/07\/513872937_1302614791867435_1345329807470477490_n-1024x683.jpg\" alt=\"U\u017e z\u00edtra startuj\u00ed Mlyn\u00e1\u0159ovy toulky! Den pln\u00fd her, poh\u00e1dkov\u00fdch p\u0159\u00edb\u011bh\u016f a krkono\u0161sk\u00e9ho dobrodru\u017estv\u00ed ve \u0160pindlu\" class=\"wp-image-3616\"\/><\/figure>\n\n\n\n<div style=\"height:41px\" aria-hidden=\"true\" class=\"wp-block-spacer\"><\/div>\n\n\n\n<h2 class=\"wp-block-heading\">Odm\u011bna pro ka\u017ed\u00e9ho mal\u00e9ho hrdinu<\/h2>\n\n\n\n<div style=\"height:41px\" aria-hidden=\"true\" class=\"wp-block-spacer\"><\/div>\n\n\n\n<p class=\"has-medium-font-size\">V <strong>17:00<\/strong> hod. se m\u016f\u017eete t\u011b\u0161it na slavnostn\u00ed p\u0159ed\u00e1v\u00e1n\u00ed odm\u011bn pro v\u0161echny d\u011btsk\u00e9 \u00fa\u010dastn\u00edky, kte\u0159\u00ed pro\u0161li trasu a splnili poh\u00e1dkov\u00e9 \u00fakoly. <strong><a href=\"https:\/\/fb.me\/e\/3gQcQeCgu\">Mlyn\u00e1\u0159ovy toulky<\/a><\/strong> nejsou o v\u00fdkonech, ale o radosti, h\u0159e a spole\u010dn\u00e9m z\u00e1\u017eitku.<\/p>\n\n\n\n<div style=\"height:41px\" aria-hidden=\"true\" class=\"wp-block-spacer\"><\/div>\n\n\n<div class=\"wp-block-image\">\n<figure class=\"aligncenter size-large\"><img decoding=\"async\" src=\"https:\/\/spindleruvmlyn.cz\/wp-content\/uploads\/2025\/07\/515338164_1306128411516073_3133943857544024266_n-1024x576.jpg\" alt=\"U\u017e z\u00edtra startuj\u00ed Mlyn\u00e1\u0159ovy toulky! Den pln\u00fd her, poh\u00e1dkov\u00fdch p\u0159\u00edb\u011bh\u016f a krkono\u0161sk\u00e9ho dobrodru\u017estv\u00ed ve \u0160pindlu\" class=\"wp-image-3607\"\/><\/figure><\/div>\n\n\n<div style=\"height:41px\" aria-hidden=\"true\" class=\"wp-block-spacer\"><\/div>\n\n\n\n<h2 class=\"wp-block-heading\">P\u0159ij\u010fte si u\u017e\u00edt den, na kter\u00fd nezapomenete<\/h2>\n\n\n\n<div style=\"height:41px\" aria-hidden=\"true\" class=\"wp-block-spacer\"><\/div>\n\n\n\n<p class=\"has-medium-font-size\">A\u0165 u\u017e jste ve <strong><a href=\"https:\/\/hotelhouse.cz\/index.php\/category\/spindleruv-mlyn\/\">\u0160pindlerov\u011b Ml\u00fdn\u011b<\/a><\/strong> na dovolen\u00e9, nebo p\u0159ij\u00ed\u017ed\u00edte jen na den, <strong>Mlyn\u00e1\u0159ovy toulky jsou skv\u011blou p\u0159\u00edle\u017eitost\u00ed, jak si naplno vychutnat <a href=\"https:\/\/centrumkrkonos.cz\/category\/krkonose\/\">kr\u00e1sy Krkono\u0161<\/a><\/strong> a u\u017e\u00edt si den pln\u00fd dobrodru\u017estv\u00ed, her a pohody. Nav\u0161tivte <strong><a href=\"https:\/\/centrumkrkonos.cz\/category\/spindleruv-mlyn\/\">nejhez\u010d\u00ed horsk\u00e9 st\u0159edisko v Krkono\u0161\u00edch<\/a><\/strong> a sta\u0148te se sou\u010d\u00e1st\u00ed kouzeln\u00e9ho p\u0159\u00edb\u011bhu, kter\u00fd si d\u011bti i rodi\u010de ponesou v srdci je\u0161t\u011b dlouho pot\u00e9.<\/p>\n\n\n\n<p class=\"has-medium-font-size\"><strong>Mlyn\u00e1\u0159ovy toulky \u2013 sobota 5. \u010dervence v m\u011bstsk\u00e9m parku ve \u0160pindlerov\u011b Ml\u00fdn\u011b. <\/strong><\/p>\n\n\n\n<p class=\"has-medium-font-size\"><strong>T\u011b\u0161\u00edme se na v\u00e1s!<\/strong><\/p>\n\n\n\n<div style=\"height:100px\" aria-hidden=\"true\" class=\"wp-block-spacer\"><\/div>\n\n\n\n<figure class=\"wp-block-gallery has-nested-images columns-2 is-cropped wp-block-gallery-1 is-layout-flex wp-block-gallery-is-layout-flex\">\n<figure class=\"wp-block-image size-large\"><img decoding=\"async\" data-id=\"3610\" src=\"https:\/\/spindleruvmlyn.cz\/wp-content\/uploads\/2025\/07\/504265671_1286628526799395_6553869052111198011_n-724x1024.jpg\" alt=\"U\u017e z\u00edtra startuj\u00ed Mlyn\u00e1\u0159ovy toulky! Den pln\u00fd her, poh\u00e1dkov\u00fdch p\u0159\u00edb\u011bh\u016f a krkono\u0161sk\u00e9ho dobrodru\u017estv\u00ed ve \u0160pindlu\" class=\"wp-image-3610\"\/><\/figure>\n\n\n\n<figure class=\"wp-block-image size-large\"><img decoding=\"async\" data-id=\"3611\" src=\"https:\/\/spindleruvmlyn.cz\/wp-content\/uploads\/2025\/07\/515013104_1306128321516082_1909715295999873576_n-768x1024.jpg\" alt=\"U\u017e z\u00edtra startuj\u00ed Mlyn\u00e1\u0159ovy toulky! Den pln\u00fd her, poh\u00e1dkov\u00fdch p\u0159\u00edb\u011bh\u016f a krkono\u0161sk\u00e9ho dobrodru\u017estv\u00ed ve \u0160pindlu\" class=\"wp-image-3611\"\/><\/figure>\n\n\n\n<figure class=\"wp-block-image size-large\"><img decoding=\"async\" data-id=\"3607\" src=\"https:\/\/spindleruvmlyn.cz\/wp-content\/uploads\/2025\/07\/515338164_1306128411516073_3133943857544024266_n-1024x576.jpg\" alt=\"U\u017e z\u00edtra startuj\u00ed Mlyn\u00e1\u0159ovy toulky! Den pln\u00fd her, poh\u00e1dkov\u00fdch p\u0159\u00edb\u011bh\u016f a krkono\u0161sk\u00e9ho dobrodru\u017estv\u00ed ve \u0160pindlu\" class=\"wp-image-3607\"\/><\/figure>\n\n\n\n<figure class=\"wp-block-image size-large\"><img decoding=\"async\" data-id=\"3609\" src=\"https:\/\/spindleruvmlyn.cz\/wp-content\/uploads\/2025\/07\/516094031_1306128294849418_1835405682991637255_n-1024x576.jpg\" alt=\"U\u017e z\u00edtra startuj\u00ed Mlyn\u00e1\u0159ovy toulky! Den pln\u00fd her, poh\u00e1dkov\u00fdch p\u0159\u00edb\u011bh\u016f a krkono\u0161sk\u00e9ho dobrodru\u017estv\u00ed ve \u0160pindlu\" class=\"wp-image-3609\"\/><\/figure>\n\n\n\n<figure class=\"wp-block-image size-large\"><img decoding=\"async\" data-id=\"3612\" src=\"https:\/\/spindleruvmlyn.cz\/wp-content\/uploads\/2025\/07\/516556550_1306128341516080_5500250132011276493_n-1024x576.jpg\" alt=\"U\u017e z\u00edtra startuj\u00ed Mlyn\u00e1\u0159ovy toulky! Den pln\u00fd her, poh\u00e1dkov\u00fdch p\u0159\u00edb\u011bh\u016f a krkono\u0161sk\u00e9ho dobrodru\u017estv\u00ed ve \u0160pindlu\" class=\"wp-image-3612\"\/><\/figure>\n\n\n\n<figure class=\"wp-block-image size-large\"><img decoding=\"async\" data-id=\"3616\" src=\"https:\/\/spindleruvmlyn.cz\/wp-content\/uploads\/2025\/07\/513872937_1302614791867435_1345329807470477490_n-1024x683.jpg\" alt=\"U\u017e z\u00edtra startuj\u00ed Mlyn\u00e1\u0159ovy toulky! Den pln\u00fd her, poh\u00e1dkov\u00fdch p\u0159\u00edb\u011bh\u016f a krkono\u0161sk\u00e9ho dobrodru\u017estv\u00ed ve \u0160pindlu\" class=\"wp-image-3616\"\/><\/figure>\n\n\n\n<figure class=\"wp-block-image size-large\"><img decoding=\"async\" data-id=\"3615\" src=\"https:\/\/spindleruvmlyn.cz\/wp-content\/uploads\/2025\/07\/514340343_1302614798534101_5602925285084922751_n-819x1024.jpg\" alt=\"U\u017e z\u00edtra startuj\u00ed Mlyn\u00e1\u0159ovy toulky! Den pln\u00fd her, poh\u00e1dkov\u00fdch p\u0159\u00edb\u011bh\u016f a krkono\u0161sk\u00e9ho dobrodru\u017estv\u00ed ve \u0160pindlu\" class=\"wp-image-3615\"\/><\/figure>\n\n\n\n<figure class=\"wp-block-image size-large\"><img decoding=\"async\" data-id=\"3613\" src=\"https:\/\/spindleruvmlyn.cz\/wp-content\/uploads\/2025\/07\/514420262_1306128351516079_1417078946302157863_n-724x1024.jpg\" alt=\"U\u017e z\u00edtra startuj\u00ed Mlyn\u00e1\u0159ovy toulky! Den pln\u00fd her, poh\u00e1dkov\u00fdch p\u0159\u00edb\u011bh\u016f a krkono\u0161sk\u00e9ho dobrodru\u017estv\u00ed ve \u0160pindlu\" class=\"wp-image-3613\"\/><\/figure>\n\n\n\n<figure class=\"wp-block-image size-large\"><img decoding=\"async\" data-id=\"3608\" src=\"https:\/\/spindleruvmlyn.cz\/wp-content\/uploads\/2025\/07\/502637951_1286627603466154_458177007185760479_n-1024x390.jpg\" alt=\"U\u017e z\u00edtra startuj\u00ed Mlyn\u00e1\u0159ovy toulky! Den pln\u00fd her, poh\u00e1dkov\u00fdch p\u0159\u00edb\u011bh\u016f a krkono\u0161sk\u00e9ho dobrodru\u017estv\u00ed ve \u0160pindlu\" class=\"wp-image-3608\"\/><\/figure>\n<\/figure>\n\n\n\n<div style=\"height:31px\" aria-hidden=\"true\" class=\"wp-block-spacer\"><\/div>\n\n\n\n<p class=\"has-medium-font-size\"><strong>Zdroj foto: <\/strong>\u0160pindler\u016fv Ml\u00fdn<\/p>\n\n\n\n<div style=\"height:58px\" aria-hidden=\"true\" class=\"wp-block-spacer\"><\/div>\n","protected":false},"excerpt":{"rendered":"<p>L\u00e9to ve \u0160pindlerov\u011b Ml\u00fdn\u011b je tady a s n\u00edm i obl\u00edben\u00e1 akce pro rodiny s d\u011btmi \u2013 Mlyn\u00e1\u0159ovy toulky! U\u017e v sobotu 5. \u010dervence o\u017eije m\u011bstsk\u00fd park v centru Krkono\u0161 sm\u00edchem, radost\u00ed a dobrodru\u017estv\u00edm&#46;&#46;&#46;<\/p>\n","protected":false},"author":2,"featured_media":7951,"comment_status":"closed","ping_status":"closed","sticky":false,"template":"","format":"standard","meta":{"_monsterinsights_skip_tracking":false,"_monsterinsights_sitenote_active":false,"_monsterinsights_sitenote_note":"","_monsterinsights_sitenote_category":0,"footnotes":""},"categories":[26,2,160,23],"tags":[],"yoast_head":"<!-- This site is optimized with the Yoast SEO plugin v21.5 - https:\/\/yoast.com\/wordpress\/plugins\/seo\/ -->\n<title>Mlyn\u00e1\u0159ovy toulky ve \u0160pindlu: Den pln\u00fd her, poh\u00e1dkov\u00fdch p\u0159\u00edb\u011bh\u016f a krkono\u0161sk\u00e9ho dobrodru\u017estv\u00ed - HOTELHOUSE.cz<\/title>\n<meta name=\"description\" content=\"U\u017e v sobotu 5. \u010dervence o\u017eije m\u011bstsk\u00fd park v centru Krkono\u0161 sm\u00edchem, radost\u00ed a dobrodru\u017estv\u00edm pro mal\u00e9 i velk\u00e9 n\u00e1v\u0161t\u011bvn\u00edky.\" \/>\n<meta name=\"robots\" content=\"index, follow, max-snippet:-1, max-image-preview:large, max-video-preview:-1\" \/>\n<link rel=\"canonical\" href=\"https:\/\/hotelhouse.cz\/index.php\/2025\/07\/04\/mlynarovy-toulky-ve-spindlu-den-plny-her-pohadkovych-pribehu-a-krkonosskeho-dobrodruzstvi\/\" \/>\n<meta property=\"og:locale\" content=\"cs_CZ\" \/>\n<meta property=\"og:type\" content=\"article\" \/>\n<meta property=\"og:title\" content=\"Mlyn\u00e1\u0159ovy toulky ve \u0160pindlu: Den pln\u00fd her, poh\u00e1dkov\u00fdch p\u0159\u00edb\u011bh\u016f a krkono\u0161sk\u00e9ho dobrodru\u017estv\u00ed - HOTELHOUSE.cz\" \/>\n<meta property=\"og:description\" content=\"U\u017e v sobotu 5. \u010dervence o\u017eije m\u011bstsk\u00fd park v centru Krkono\u0161 sm\u00edchem, radost\u00ed a dobrodru\u017estv\u00edm pro mal\u00e9 i velk\u00e9 n\u00e1v\u0161t\u011bvn\u00edky.\" \/>\n<meta property=\"og:url\" content=\"https:\/\/hotelhouse.cz\/index.php\/2025\/07\/04\/mlynarovy-toulky-ve-spindlu-den-plny-her-pohadkovych-pribehu-a-krkonosskeho-dobrodruzstvi\/\" \/>\n<meta property=\"og:site_name\" content=\"HOTELHOUSE.cz\" \/>\n<meta property=\"article:published_time\" content=\"2025-07-03T22:01:00+00:00\" \/>\n<meta property=\"article:modified_time\" content=\"2025-07-04T23:48:58+00:00\" \/>\n<meta property=\"og:image\" content=\"https:\/\/hotelhouse.cz\/wp-content\/uploads\/2025\/07\/502637951_1286627603466154_458177007185760479_n_TTL.jpg\" \/>\n\t<meta property=\"og:image:width\" content=\"2533\" \/>\n\t<meta property=\"og:image:height\" content=\"1263\" \/>\n\t<meta property=\"og:image:type\" content=\"image\/jpeg\" \/>\n<meta name=\"author\" content=\"Hol\u00e1\u0148ov\u00e1 Jolana\" \/>\n<meta name=\"twitter:card\" content=\"summary_large_image\" \/>\n<meta name=\"twitter:label1\" content=\"Napsal(a)\" \/>\n\t<meta name=\"twitter:data1\" content=\"Hol\u00e1\u0148ov\u00e1 Jolana\" \/>\n\t<meta name=\"twitter:label2\" content=\"Odhadovan\u00e1 doba \u010dten\u00ed\" \/>\n\t<meta name=\"twitter:data2\" content=\"5 minut\" \/>\n<script type=\"application\/ld+json\" class=\"yoast-schema-graph\">{\"@context\":\"https:\/\/schema.org\",\"@graph\":[{\"@type\":\"Article\",\"@id\":\"https:\/\/hotelhouse.cz\/index.php\/2025\/07\/04\/mlynarovy-toulky-ve-spindlu-den-plny-her-pohadkovych-pribehu-a-krkonosskeho-dobrodruzstvi\/#article\",\"isPartOf\":{\"@id\":\"https:\/\/hotelhouse.cz\/index.php\/2025\/07\/04\/mlynarovy-toulky-ve-spindlu-den-plny-her-pohadkovych-pribehu-a-krkonosskeho-dobrodruzstvi\/\"},\"author\":{\"name\":\"Hol\u00e1\u0148ov\u00e1 Jolana\",\"@id\":\"https:\/\/hotelhouse.cz\/#\/schema\/person\/4a69eae39f069d4a695854158f0891cd\"},\"headline\":\"Mlyn\u00e1\u0159ovy toulky ve \u0160pindlu: Den pln\u00fd her, poh\u00e1dkov\u00fdch p\u0159\u00edb\u011bh\u016f a krkono\u0161sk\u00e9ho dobrodru\u017estv\u00ed\",\"datePublished\":\"2025-07-03T22:01:00+00:00\",\"dateModified\":\"2025-07-04T23:48:58+00:00\",\"mainEntityOfPage\":{\"@id\":\"https:\/\/hotelhouse.cz\/index.php\/2025\/07\/04\/mlynarovy-toulky-ve-spindlu-den-plny-her-pohadkovych-pribehu-a-krkonosskeho-dobrodruzstvi\/\"},\"wordCount\":524,\"publisher\":{\"@id\":\"https:\/\/hotelhouse.cz\/#organization\"},\"articleSection\":[\"N\u00e1dhern\u00e1M\u00edsta.cz\",\"NEWS\",\"\u0160PINDLER\u016eV ML\u00ddN\",\"TIPY NA CESTOV\u00c1N\u00cd\"],\"inLanguage\":\"cs\"},{\"@type\":\"WebPage\",\"@id\":\"https:\/\/hotelhouse.cz\/index.php\/2025\/07\/04\/mlynarovy-toulky-ve-spindlu-den-plny-her-pohadkovych-pribehu-a-krkonosskeho-dobrodruzstvi\/\",\"url\":\"https:\/\/hotelhouse.cz\/index.php\/2025\/07\/04\/mlynarovy-toulky-ve-spindlu-den-plny-her-pohadkovych-pribehu-a-krkonosskeho-dobrodruzstvi\/\",\"name\":\"Mlyn\u00e1\u0159ovy toulky ve \u0160pindlu: Den pln\u00fd her, poh\u00e1dkov\u00fdch p\u0159\u00edb\u011bh\u016f a krkono\u0161sk\u00e9ho dobrodru\u017estv\u00ed - HOTELHOUSE.cz\",\"isPartOf\":{\"@id\":\"https:\/\/hotelhouse.cz\/#website\"},\"datePublished\":\"2025-07-03T22:01:00+00:00\",\"dateModified\":\"2025-07-04T23:48:58+00:00\",\"description\":\"U\u017e v sobotu 5. \u010dervence o\u017eije m\u011bstsk\u00fd park v centru Krkono\u0161 sm\u00edchem, radost\u00ed a dobrodru\u017estv\u00edm pro mal\u00e9 i velk\u00e9 n\u00e1v\u0161t\u011bvn\u00edky.\",\"breadcrumb\":{\"@id\":\"https:\/\/hotelhouse.cz\/index.php\/2025\/07\/04\/mlynarovy-toulky-ve-spindlu-den-plny-her-pohadkovych-pribehu-a-krkonosskeho-dobrodruzstvi\/#breadcrumb\"},\"inLanguage\":\"cs\",\"potentialAction\":[{\"@type\":\"ReadAction\",\"target\":[\"https:\/\/hotelhouse.cz\/index.php\/2025\/07\/04\/mlynarovy-toulky-ve-spindlu-den-plny-her-pohadkovych-pribehu-a-krkonosskeho-dobrodruzstvi\/\"]}]},{\"@type\":\"BreadcrumbList\",\"@id\":\"https:\/\/hotelhouse.cz\/index.php\/2025\/07\/04\/mlynarovy-toulky-ve-spindlu-den-plny-her-pohadkovych-pribehu-a-krkonosskeho-dobrodruzstvi\/#breadcrumb\",\"itemListElement\":[{\"@type\":\"ListItem\",\"position\":1,\"name\":\"Dom\u016f\",\"item\":\"https:\/\/hotelhouse.cz\/\"},{\"@type\":\"ListItem\",\"position\":2,\"name\":\"Mlyn\u00e1\u0159ovy toulky ve \u0160pindlu: Den pln\u00fd her, poh\u00e1dkov\u00fdch p\u0159\u00edb\u011bh\u016f a krkono\u0161sk\u00e9ho dobrodru\u017estv\u00ed\"}]},{\"@type\":\"WebSite\",\"@id\":\"https:\/\/hotelhouse.cz\/#website\",\"url\":\"https:\/\/hotelhouse.cz\/\",\"name\":\"HOTELHOUSE.cz\",\"description\":\"Port\u00e1l o hotelech, pensionech, spa resortech a restaurac\u00edch...\",\"publisher\":{\"@id\":\"https:\/\/hotelhouse.cz\/#organization\"},\"potentialAction\":[{\"@type\":\"SearchAction\",\"target\":{\"@type\":\"EntryPoint\",\"urlTemplate\":\"https:\/\/hotelhouse.cz\/?s={search_term_string}\"},\"query-input\":\"required name=search_term_string\"}],\"inLanguage\":\"cs\"},{\"@type\":\"Organization\",\"@id\":\"https:\/\/hotelhouse.cz\/#organization\",\"name\":\"HOTELHOUSE.cz\",\"url\":\"https:\/\/hotelhouse.cz\/\",\"logo\":{\"@type\":\"ImageObject\",\"inLanguage\":\"cs\",\"@id\":\"https:\/\/hotelhouse.cz\/#\/schema\/logo\/image\/\",\"url\":\"https:\/\/hotelhouse.cz\/wp-content\/uploads\/2024\/12\/cropped-Logo_HotelHouse-2.jpg\",\"contentUrl\":\"https:\/\/hotelhouse.cz\/wp-content\/uploads\/2024\/12\/cropped-Logo_HotelHouse-2.jpg\",\"width\":933,\"height\":516,\"caption\":\"HOTELHOUSE.cz\"},\"image\":{\"@id\":\"https:\/\/hotelhouse.cz\/#\/schema\/logo\/image\/\"},\"sameAs\":[\"https:\/\/www.instagram.com\/hotelhousecz\/\"]},{\"@type\":\"Person\",\"@id\":\"https:\/\/hotelhouse.cz\/#\/schema\/person\/4a69eae39f069d4a695854158f0891cd\",\"name\":\"Hol\u00e1\u0148ov\u00e1 Jolana\",\"image\":{\"@type\":\"ImageObject\",\"inLanguage\":\"cs\",\"@id\":\"https:\/\/hotelhouse.cz\/#\/schema\/person\/image\/\",\"url\":\"https:\/\/secure.gravatar.com\/avatar\/5863c504ed89cd419ff3a5e812c722ff?s=96&d=mm&r=g\",\"contentUrl\":\"https:\/\/secure.gravatar.com\/avatar\/5863c504ed89cd419ff3a5e812c722ff?s=96&d=mm&r=g\",\"caption\":\"Hol\u00e1\u0148ov\u00e1 Jolana\"},\"sameAs\":[\"http:\/\/www.hotelhouse.cz\"],\"url\":\"https:\/\/hotelhouse.cz\/index.php\/author\/jolhol\/\"}]}<\/script>\n<!-- \/ Yoast SEO plugin. -->","yoast_head_json":{"title":"Mlyn\u00e1\u0159ovy toulky ve \u0160pindlu: Den pln\u00fd her, poh\u00e1dkov\u00fdch p\u0159\u00edb\u011bh\u016f a krkono\u0161sk\u00e9ho dobrodru\u017estv\u00ed - HOTELHOUSE.cz","description":"U\u017e v sobotu 5. \u010dervence o\u017eije m\u011bstsk\u00fd park v centru Krkono\u0161 sm\u00edchem, radost\u00ed a dobrodru\u017estv\u00edm pro mal\u00e9 i velk\u00e9 n\u00e1v\u0161t\u011bvn\u00edky.","robots":{"index":"index","follow":"follow","max-snippet":"max-snippet:-1","max-image-preview":"max-image-preview:large","max-video-preview":"max-video-preview:-1"},"canonical":"https:\/\/hotelhouse.cz\/index.php\/2025\/07\/04\/mlynarovy-toulky-ve-spindlu-den-plny-her-pohadkovych-pribehu-a-krkonosskeho-dobrodruzstvi\/","og_locale":"cs_CZ","og_type":"article","og_title":"Mlyn\u00e1\u0159ovy toulky ve \u0160pindlu: Den pln\u00fd her, poh\u00e1dkov\u00fdch p\u0159\u00edb\u011bh\u016f a krkono\u0161sk\u00e9ho dobrodru\u017estv\u00ed - HOTELHOUSE.cz","og_description":"U\u017e v sobotu 5. \u010dervence o\u017eije m\u011bstsk\u00fd park v centru Krkono\u0161 sm\u00edchem, radost\u00ed a dobrodru\u017estv\u00edm pro mal\u00e9 i velk\u00e9 n\u00e1v\u0161t\u011bvn\u00edky.","og_url":"https:\/\/hotelhouse.cz\/index.php\/2025\/07\/04\/mlynarovy-toulky-ve-spindlu-den-plny-her-pohadkovych-pribehu-a-krkonosskeho-dobrodruzstvi\/","og_site_name":"HOTELHOUSE.cz","article_published_time":"2025-07-03T22:01:00+00:00","article_modified_time":"2025-07-04T23:48:58+00:00","og_image":[{"width":2533,"height":1263,"url":"https:\/\/hotelhouse.cz\/wp-content\/uploads\/2025\/07\/502637951_1286627603466154_458177007185760479_n_TTL.jpg","type":"image\/jpeg"}],"author":"Hol\u00e1\u0148ov\u00e1 Jolana","twitter_card":"summary_large_image","twitter_misc":{"Napsal(a)":"Hol\u00e1\u0148ov\u00e1 Jolana","Odhadovan\u00e1 doba \u010dten\u00ed":"5 minut"},"schema":{"@context":"https:\/\/schema.org","@graph":[{"@type":"Article","@id":"https:\/\/hotelhouse.cz\/index.php\/2025\/07\/04\/mlynarovy-toulky-ve-spindlu-den-plny-her-pohadkovych-pribehu-a-krkonosskeho-dobrodruzstvi\/#article","isPartOf":{"@id":"https:\/\/hotelhouse.cz\/index.php\/2025\/07\/04\/mlynarovy-toulky-ve-spindlu-den-plny-her-pohadkovych-pribehu-a-krkonosskeho-dobrodruzstvi\/"},"author":{"name":"Hol\u00e1\u0148ov\u00e1 Jolana","@id":"https:\/\/hotelhouse.cz\/#\/schema\/person\/4a69eae39f069d4a695854158f0891cd"},"headline":"Mlyn\u00e1\u0159ovy toulky ve \u0160pindlu: Den pln\u00fd her, poh\u00e1dkov\u00fdch p\u0159\u00edb\u011bh\u016f a krkono\u0161sk\u00e9ho dobrodru\u017estv\u00ed","datePublished":"2025-07-03T22:01:00+00:00","dateModified":"2025-07-04T23:48:58+00:00","mainEntityOfPage":{"@id":"https:\/\/hotelhouse.cz\/index.php\/2025\/07\/04\/mlynarovy-toulky-ve-spindlu-den-plny-her-pohadkovych-pribehu-a-krkonosskeho-dobrodruzstvi\/"},"wordCount":524,"publisher":{"@id":"https:\/\/hotelhouse.cz\/#organization"},"articleSection":["N\u00e1dhern\u00e1M\u00edsta.cz","NEWS","\u0160PINDLER\u016eV ML\u00ddN","TIPY NA CESTOV\u00c1N\u00cd"],"inLanguage":"cs"},{"@type":"WebPage","@id":"https:\/\/hotelhouse.cz\/index.php\/2025\/07\/04\/mlynarovy-toulky-ve-spindlu-den-plny-her-pohadkovych-pribehu-a-krkonosskeho-dobrodruzstvi\/","url":"https:\/\/hotelhouse.cz\/index.php\/2025\/07\/04\/mlynarovy-toulky-ve-spindlu-den-plny-her-pohadkovych-pribehu-a-krkonosskeho-dobrodruzstvi\/","name":"Mlyn\u00e1\u0159ovy toulky ve \u0160pindlu: Den pln\u00fd her, poh\u00e1dkov\u00fdch p\u0159\u00edb\u011bh\u016f a krkono\u0161sk\u00e9ho dobrodru\u017estv\u00ed - HOTELHOUSE.cz","isPartOf":{"@id":"https:\/\/hotelhouse.cz\/#website"},"datePublished":"2025-07-03T22:01:00+00:00","dateModified":"2025-07-04T23:48:58+00:00","description":"U\u017e v sobotu 5. \u010dervence o\u017eije m\u011bstsk\u00fd park v centru Krkono\u0161 sm\u00edchem, radost\u00ed a dobrodru\u017estv\u00edm pro mal\u00e9 i velk\u00e9 n\u00e1v\u0161t\u011bvn\u00edky.","breadcrumb":{"@id":"https:\/\/hotelhouse.cz\/index.php\/2025\/07\/04\/mlynarovy-toulky-ve-spindlu-den-plny-her-pohadkovych-pribehu-a-krkonosskeho-dobrodruzstvi\/#breadcrumb"},"inLanguage":"cs","potentialAction":[{"@type":"ReadAction","target":["https:\/\/hotelhouse.cz\/index.php\/2025\/07\/04\/mlynarovy-toulky-ve-spindlu-den-plny-her-pohadkovych-pribehu-a-krkonosskeho-dobrodruzstvi\/"]}]},{"@type":"BreadcrumbList","@id":"https:\/\/hotelhouse.cz\/index.php\/2025\/07\/04\/mlynarovy-toulky-ve-spindlu-den-plny-her-pohadkovych-pribehu-a-krkonosskeho-dobrodruzstvi\/#breadcrumb","itemListElement":[{"@type":"ListItem","position":1,"name":"Dom\u016f","item":"https:\/\/hotelhouse.cz\/"},{"@type":"ListItem","position":2,"name":"Mlyn\u00e1\u0159ovy toulky ve \u0160pindlu: Den pln\u00fd her, poh\u00e1dkov\u00fdch p\u0159\u00edb\u011bh\u016f a krkono\u0161sk\u00e9ho dobrodru\u017estv\u00ed"}]},{"@type":"WebSite","@id":"https:\/\/hotelhouse.cz\/#website","url":"https:\/\/hotelhouse.cz\/","name":"HOTELHOUSE.cz","description":"Port\u00e1l o hotelech, pensionech, spa resortech a restaurac\u00edch...","publisher":{"@id":"https:\/\/hotelhouse.cz\/#organization"},"potentialAction":[{"@type":"SearchAction","target":{"@type":"EntryPoint","urlTemplate":"https:\/\/hotelhouse.cz\/?s={search_term_string}"},"query-input":"required name=search_term_string"}],"inLanguage":"cs"},{"@type":"Organization","@id":"https:\/\/hotelhouse.cz\/#organization","name":"HOTELHOUSE.cz","url":"https:\/\/hotelhouse.cz\/","logo":{"@type":"ImageObject","inLanguage":"cs","@id":"https:\/\/hotelhouse.cz\/#\/schema\/logo\/image\/","url":"https:\/\/hotelhouse.cz\/wp-content\/uploads\/2024\/12\/cropped-Logo_HotelHouse-2.jpg","contentUrl":"https:\/\/hotelhouse.cz\/wp-content\/uploads\/2024\/12\/cropped-Logo_HotelHouse-2.jpg","width":933,"height":516,"caption":"HOTELHOUSE.cz"},"image":{"@id":"https:\/\/hotelhouse.cz\/#\/schema\/logo\/image\/"},"sameAs":["https:\/\/www.instagram.com\/hotelhousecz\/"]},{"@type":"Person","@id":"https:\/\/hotelhouse.cz\/#\/schema\/person\/4a69eae39f069d4a695854158f0891cd","name":"Hol\u00e1\u0148ov\u00e1 Jolana","image":{"@type":"ImageObject","inLanguage":"cs","@id":"https:\/\/hotelhouse.cz\/#\/schema\/person\/image\/","url":"https:\/\/secure.gravatar.com\/avatar\/5863c504ed89cd419ff3a5e812c722ff?s=96&d=mm&r=g","contentUrl":"https:\/\/secure.gravatar.com\/avatar\/5863c504ed89cd419ff3a5e812c722ff?s=96&d=mm&r=g","caption":"Hol\u00e1\u0148ov\u00e1 Jolana"},"sameAs":["http:\/\/www.hotelhouse.cz"],"url":"https:\/\/hotelhouse.cz\/index.php\/author\/jolhol\/"}]}},"_links":{"self":[{"href":"https:\/\/hotelhouse.cz\/index.php\/wp-json\/wp\/v2\/posts\/7950"}],"collection":[{"href":"https:\/\/hotelhouse.cz\/index.php\/wp-json\/wp\/v2\/posts"}],"about":[{"href":"https:\/\/hotelhouse.cz\/index.php\/wp-json\/wp\/v2\/types\/post"}],"author":[{"embeddable":true,"href":"https:\/\/hotelhouse.cz\/index.php\/wp-json\/wp\/v2\/users\/2"}],"replies":[{"embeddable":true,"href":"https:\/\/hotelhouse.cz\/index.php\/wp-json\/wp\/v2\/comments?post=7950"}],"version-history":[{"count":2,"href":"https:\/\/hotelhouse.cz\/index.php\/wp-json\/wp\/v2\/posts\/7950\/revisions"}],"predecessor-version":[{"id":7954,"href":"https:\/\/hotelhouse.cz\/index.php\/wp-json\/wp\/v2\/posts\/7950\/revisions\/7954"}],"wp:featuredmedia":[{"embeddable":true,"href":"https:\/\/hotelhouse.cz\/index.php\/wp-json\/wp\/v2\/media\/7951"}],"wp:attachment":[{"href":"https:\/\/hotelhouse.cz\/index.php\/wp-json\/wp\/v2\/media?parent=7950"}],"wp:term":[{"taxonomy":"category","embeddable":true,"href":"https:\/\/hotelhouse.cz\/index.php\/wp-json\/wp\/v2\/categories?post=7950"},{"taxonomy":"post_tag","embeddable":true,"href":"https:\/\/hotelhouse.cz\/index.php\/wp-json\/wp\/v2\/tags?post=7950"}],"curies":[{"name":"wp","href":"https:\/\/api.w.org\/{rel}","templated":true}]}}