{"id":7964,"date":"2025-07-10T00:01:00","date_gmt":"2025-07-09T22:01:00","guid":{"rendered":"https:\/\/hotelhouse.cz\/?p=7964"},"modified":"2025-07-10T00:54:26","modified_gmt":"2025-07-09T22:54:26","slug":"francouzsky-trh-letos-na-kampe-vune-provence-chut-syra-a-poctiva-davka-francouzskeho-savoir-vivre","status":"publish","type":"post","link":"https:\/\/hotelhouse.cz\/index.php\/2025\/07\/10\/francouzsky-trh-letos-na-kampe-vune-provence-chut-syra-a-poctiva-davka-francouzskeho-savoir-vivre\/","title":{"rendered":"Francouzsk\u00fd trh letos na Kamp\u011b: v\u016fn\u011b Provence, chu\u0165 s\u00fdra a poctiv\u00e1 d\u00e1vka francouzsk\u00e9ho savoir-vivre"},"content":{"rendered":"\n<div style=\"height:40px\" aria-hidden=\"true\" class=\"wp-block-spacer\"><\/div>\n\n\n\n<p class=\"has-medium-font-size\"><strong>Nejstar\u0161\u00ed a nejobl\u00edben\u011bj\u0161\u00ed food festival v Praze se od 10. do 13. \u010dervence op\u011bt rozezn\u00ed francouzsk\u00fdmi akordy, zavon\u00ed \u010derstv\u011b upe\u010den\u00fdmi bagetami a nab\u00eddne to nejlep\u0161\u00ed, co p\u0159in\u00e1\u0161\u00ed kuchyn\u011b na\u0161ich z\u00e1padn\u00edch soused\u016f. Francouzsk\u00fd trh na Kamp\u011b letos vstupuje do sv\u00e9ho 18. ro\u010dn\u00edku a ponese se ve znamen\u00ed hesla: S\u00fdr, \u0161neci, foie gras \u2013 a kapka v\u00edna k tomu.<\/strong><\/p>\n\n\n\n<div style=\"height:40px\" aria-hidden=\"true\" class=\"wp-block-spacer\"><\/div>\n\n\n<div class=\"wp-block-image\">\n<figure class=\"aligncenter size-large\"><img decoding=\"async\" src=\"https:\/\/prazskametropole.cz\/wp-content\/uploads\/2025\/07\/Foto4-840x560.jpg\" alt=\"Francouzsk\u00fd trh letos na Kamp\u011b: v\u016fn\u011b Provence, chu\u0165 s\u00fdra a poctiv\u00e1 d\u00e1vka francouzsk\u00e9ho savoir-vivre\" class=\"wp-image-4455\"\/><\/figure><\/div>\n\n\n<div style=\"height:40px\" aria-hidden=\"true\" class=\"wp-block-spacer\"><\/div>\n\n\n\n<p class=\"has-medium-font-size\"><a href=\"https:\/\/prazskakampa.cz\/\"><strong>Park Kampa<\/strong><\/a> se na \u010dty\u0159i dny prom\u011bn\u00ed v kulin\u00e1\u0159sk\u00e9 tr\u017ei\u0161t\u011b, kde se snoub\u00ed poctiv\u00e1 \u0159emesln\u00e1 gastronomie s atmosf\u00e9rou star\u00e9 dobr\u00e9 Francie. Trh letos nab\u00eddne v\u00edce prostoru pro delikatesy a chu\u0165ov\u00e9 z\u00e1\u017eitky \u2013 n\u00e1v\u0161t\u011bvn\u00edci se mohou t\u011b\u0161it na bohat\u00fd v\u00fdb\u011br tradi\u010dn\u00edch specialit, uvoln\u011bnou n\u00e1ladu a detaily, kter\u00e9 navod\u00ed dojem, \u017ee jste se ocitli p\u0159\u00edmo v srdci Provence.<\/p>\n\n\n\n<div style=\"height:40px\" aria-hidden=\"true\" class=\"wp-block-spacer\"><\/div>\n\n\n<div class=\"wp-block-image\">\n<figure class=\"aligncenter size-large\"><img decoding=\"async\" src=\"https:\/\/prazskametropole.cz\/wp-content\/uploads\/2025\/07\/Foto2-840x840.jpg\" alt=\"Francouzsk\u00fd trh letos na Kamp\u011b: v\u016fn\u011b Provence, chu\u0165 s\u00fdra a poctiv\u00e1 d\u00e1vka francouzsk\u00e9ho savoir-vivre\" class=\"wp-image-4453\"\/><\/figure><\/div>\n\n\n<div style=\"height:40px\" aria-hidden=\"true\" class=\"wp-block-spacer\"><\/div>\n\n\n\n<p class=\"has-medium-font-size\">Ka\u017ed\u00fd krok Kampou bude provon\u011bn s\u00fdry, pe\u010divem, uzeninami, levandul\u00ed i \u010derstv\u00fdmi mo\u0159sk\u00fdmi plody. Malebn\u00e9 st\u00e1nky p\u0159ipomenou trhy v pa\u0159\u00ed\u017esk\u00e9m Marais, v\u016fn\u011b navod\u00ed vzpom\u00ednky na l\u00e9to ve Francii a zvuky \u017eiv\u00e9 hudby p\u0159enesou n\u00e1v\u0161t\u011bvn\u00edky do sv\u011bta, kde se \u010das m\u011b\u0159\u00ed rytmem \u0161ansonu, nikoli hodinami.<\/p>\n\n\n\n<p class=\"has-medium-font-size\">\u201eFrancouzsk\u00fd trh je pro m\u011b srde\u010dn\u00ed z\u00e1le\u017eitost\u00ed. <a href=\"https:\/\/prazskakampa.cz\/\"><strong>Kampa<\/strong><\/a> m\u00e1 jedine\u010dn\u00e9 kouzlo a t\u011b\u0161\u00ed m\u011b, \u017ee zde m\u016f\u017eeme ka\u017ed\u00fd rok vytvo\u0159it mal\u00fd kout Francie, kde se lid\u00e9 zastav\u00ed, ochutnaj\u00ed, zaposlouchaj\u00ed se \u2013 a prost\u011b si to u\u017eij\u00ed,\u201c \u0159\u00edk\u00e1 Thomas Bouton, zakladatel a hlavn\u00ed organiz\u00e1tor akce.<\/p>\n\n\n\n<div style=\"height:40px\" aria-hidden=\"true\" class=\"wp-block-spacer\"><\/div>\n\n\n<div class=\"wp-block-image\">\n<figure class=\"aligncenter size-large\"><img decoding=\"async\" src=\"https:\/\/prazskametropole.cz\/wp-content\/uploads\/2025\/07\/Foto-840x560.jpg\" alt=\"Francouzsk\u00fd trh letos na Kamp\u011b: v\u016fn\u011b Provence, chu\u0165 s\u00fdra a poctiv\u00e1 d\u00e1vka francouzsk\u00e9ho savoir-vivre\" class=\"wp-image-4454\"\/><\/figure><\/div>\n\n\n<div style=\"height:40px\" aria-hidden=\"true\" class=\"wp-block-spacer\"><\/div>\n\n\n\n<h2 class=\"wp-block-heading\" style=\"font-size:24px\">Co v\u00e1s letos \u010dek\u00e1?<\/h2>\n\n\n\n<div style=\"height:40px\" aria-hidden=\"true\" class=\"wp-block-spacer\"><\/div>\n\n\n\n<p class=\"has-medium-font-size\">Festival bude otev\u0159en denn\u011b od 10 do 21 hodin (v ned\u011bli do 20 h) a letos se je\u0161t\u011b v\u00edce zam\u011b\u0159\u00ed na gastronomick\u00e9 z\u00e1\u017eitky. \u010cek\u00e1 v\u00e1s 19 st\u00e1nk\u016f s francouzsk\u00fdmi delikatesami \u2013 od \u010derstv\u00fdch \u00fast\u0159ic, burgundsk\u00fdch \u0161nek\u016f a foie gras a\u017e po vo\u0148av\u00e9 s\u00fdry, pa\u0161tiky, tapen\u00e1dy, \u0161unky a tradi\u010dn\u00ed pe\u010divo. A i kdy\u017e bude v\u00edna o n\u011bco m\u00e9n\u011b, milovn\u00edci b\u00edl\u00fdch, r\u016f\u017eov\u00fdch i \u0161umiv\u00fdch odr\u016fd rozhodn\u011b nep\u0159ijdou zkr\u00e1tka. Aby si n\u00e1v\u0161t\u011bvn\u00edci mohli vychutnat sklenku v\u00edna nebo cr\u00e9mantu, je pot\u0159eba si koupit speci\u00e1ln\u00ed festivalovou sklenici. Ta bude k dispozici ve dvou r\u016fzn\u00fdch designech za cenu 100 K\u010d a z\u00e1rove\u0148 poslou\u017e\u00ed jako mil\u00e1 pam\u00e1tka na akci. Letos sklenice vyrobila renomovan\u00e1 skl\u00e1rna Crystalex, kter\u00e1 se stala ofici\u00e1ln\u00edm partnerem Francouzsk\u00e9ho trhu.<\/p>\n\n\n\n<p class=\"has-medium-font-size\"><br>Ro\u010dn\u00edk 2025 p\u0159in\u00e1\u0161\u00ed do nab\u00eddky francouzskou klasiku s dlouhou tradic\u00ed \u2013 ho\u0159\u010dici Moutarde de Meaux Pommery z Burgundska. Pod\u00e1van\u00e1 s hov\u011bz\u00edm masem bude k m\u00e1n\u00ed hned v n\u011bkolika vyt\u0159\u00edben\u00fdch variant\u00e1ch: hrubozrnn\u00e9, s \u010dern\u00fdm lan\u00fd\u017eem a s f\u00edky. Chu\u0165ovou nostalgii dopln\u00ed i legend\u00e1rn\u00ed Cr?pes Suzette, pala\u010dinky flambovan\u00e9 pomeran\u010dov\u00fdm lik\u00e9rem. Z obl\u00edben\u00fdch vystavovatel\u016f se vracej\u00ed The Winery, Fransyr, Nostress a Moje levandule a dal\u0161\u00ed.<\/p>\n\n\n\n<div style=\"height:40px\" aria-hidden=\"true\" class=\"wp-block-spacer\"><\/div>\n\n\n\n<figure class=\"wp-block-image size-large\"><img decoding=\"async\" src=\"https:\/\/prazskametropole.cz\/wp-content\/uploads\/2025\/07\/Foto3-840x840.jpg\" alt=\"Francouzsk\u00fd trh letos na Kamp\u011b: v\u016fn\u011b Provence, chu\u0165 s\u00fdra a poctiv\u00e1 d\u00e1vka francouzsk\u00e9ho savoir-vivre\" class=\"wp-image-4456\"\/><\/figure>\n\n\n\n<div style=\"height:40px\" aria-hidden=\"true\" class=\"wp-block-spacer\"><\/div>\n\n\n\n<h2 class=\"wp-block-heading\" style=\"font-size:24px\">Hudba, odpo\u010dinek a d\u011btsk\u00fd program<\/h2>\n\n\n\n<div style=\"height:40px\" aria-hidden=\"true\" class=\"wp-block-spacer\"><\/div>\n\n\n\n<p class=\"has-medium-font-size\">Francouzsk\u00fd trh <a href=\"https:\/\/prazskakampa.cz\/\"><strong>na Kamp\u011b<\/strong><\/a> nen\u00ed jen o j\u00eddle \u2013 podstatnou roli hraje i atmosf\u00e9ra. Ka\u017ed\u00fd den od 16:00 prostor rozezn\u00ed \u017eiv\u00e1 hudba; v sobotu 12. \u010dervence vystoup\u00ed francouzsk\u00fd zp\u011bv\u00e1k Sawl, st\u0159\u00edbrn\u00fd finalista Voice Talent 2024. D\u011bti pot\u011b\u0161\u00ed Pan Kravata, kter\u00fd sv\u016fj program p\u0159edvede v p\u00e1tek a v ned\u011bli od 11:00, a po celou dobu akce bude k dispozici d\u011btsk\u00fd koutek s aktivitami. Francouzsk\u00fd trh je tak ide\u00e1ln\u00edm m\u00edstem, kde zvolnit tempo, vychutnat si \u017eivot po francouzsku a u\u017e\u00edt si letn\u00ed dny naplno.<\/p>\n\n\n\n<p class=\"has-medium-font-size\"><strong>V\u00edce informac\u00ed najdete na: <a href=\"https:\/\/www.facebook.com\/francouzskytrh\">www.facebook.com\/francouzskytrh<\/a><\/strong><\/p>\n\n\n\n<div style=\"height:100px\" aria-hidden=\"true\" class=\"wp-block-spacer\"><\/div>\n\n\n\n<figure class=\"wp-block-gallery has-nested-images columns-2 is-cropped wp-block-gallery-1 is-layout-flex wp-block-gallery-is-layout-flex\">\n<figure class=\"wp-block-image size-large\"><img decoding=\"async\" data-id=\"4455\" src=\"https:\/\/prazskametropole.cz\/wp-content\/uploads\/2025\/07\/Foto4-840x560.jpg\" alt=\"Francouzsk\u00fd trh letos na Kamp\u011b: v\u016fn\u011b Provence, chu\u0165 s\u00fdra a poctiv\u00e1 d\u00e1vka francouzsk\u00e9ho savoir-vivre\" class=\"wp-image-4455\"\/><\/figure>\n\n\n\n<figure class=\"wp-block-image size-large\"><img decoding=\"async\" data-id=\"4453\" src=\"https:\/\/prazskametropole.cz\/wp-content\/uploads\/2025\/07\/Foto2-840x840.jpg\" alt=\"Francouzsk\u00fd trh letos na Kamp\u011b: v\u016fn\u011b Provence, chu\u0165 s\u00fdra a poctiv\u00e1 d\u00e1vka francouzsk\u00e9ho savoir-vivre\" class=\"wp-image-4453\"\/><\/figure>\n\n\n\n<figure class=\"wp-block-image size-large\"><img decoding=\"async\" data-id=\"4456\" src=\"https:\/\/prazskametropole.cz\/wp-content\/uploads\/2025\/07\/Foto3-840x840.jpg\" alt=\"Francouzsk\u00fd trh letos na Kamp\u011b: v\u016fn\u011b Provence, chu\u0165 s\u00fdra a poctiv\u00e1 d\u00e1vka francouzsk\u00e9ho savoir-vivre\" class=\"wp-image-4456\"\/><\/figure>\n\n\n\n<figure class=\"wp-block-image size-large\"><img decoding=\"async\" data-id=\"4454\" src=\"https:\/\/prazskametropole.cz\/wp-content\/uploads\/2025\/07\/Foto-840x560.jpg\" alt=\"Francouzsk\u00fd trh letos na Kamp\u011b: v\u016fn\u011b Provence, chu\u0165 s\u00fdra a poctiv\u00e1 d\u00e1vka francouzsk\u00e9ho savoir-vivre\" class=\"wp-image-4454\"\/><\/figure>\n\n\n\n<figure class=\"wp-block-image size-large\"><img decoding=\"async\" data-id=\"4452\" src=\"https:\/\/prazskametropole.cz\/wp-content\/uploads\/2025\/07\/Foto5-840x560.jpg\" alt=\"Francouzsk\u00fd trh letos na Kamp\u011b: v\u016fn\u011b Provence, chu\u0165 s\u00fdra a poctiv\u00e1 d\u00e1vka francouzsk\u00e9ho savoir-vivre\" class=\"wp-image-4452\"\/><\/figure>\n<\/figure>\n\n\n\n<div style=\"height:32px\" aria-hidden=\"true\" class=\"wp-block-spacer\"><\/div>\n\n\n\n<p class=\"has-medium-font-size\"><strong>Zdroj foto: <\/strong>Francouzsk\u00fd trh<\/p>\n\n\n\n<div style=\"height:68px\" aria-hidden=\"true\" class=\"wp-block-spacer\"><\/div>\n","protected":false},"excerpt":{"rendered":"<p>Nejstar\u0161\u00ed a nejobl\u00edben\u011bj\u0161\u00ed food festival v Praze se od 10. do 13. \u010dervence op\u011bt rozezn\u00ed francouzsk\u00fdmi akordy, zavon\u00ed \u010derstv\u011b upe\u010den\u00fdmi bagetami a nab\u00eddne to nejlep\u0161\u00ed, co p\u0159in\u00e1\u0161\u00ed kuchyn\u011b na\u0161ich z\u00e1padn\u00edch soused\u016f. Francouzsk\u00fd trh na&#46;&#46;&#46;<\/p>\n","protected":false},"author":3,"featured_media":7965,"comment_status":"closed","ping_status":"closed","sticky":false,"template":"","format":"standard","meta":{"_monsterinsights_skip_tracking":false,"_monsterinsights_sitenote_active":false,"_monsterinsights_sitenote_note":"","_monsterinsights_sitenote_category":0,"footnotes":""},"categories":[163,26,22,2,183,28,11],"tags":[],"yoast_head":"<!-- This site is optimized with the Yoast SEO plugin v21.5 - https:\/\/yoast.com\/wordpress\/plugins\/seo\/ -->\n<title>Francouzsk\u00fd trh letos na Kamp\u011b: v\u016fn\u011b Provence, chu\u0165 s\u00fdra a poctiv\u00e1 d\u00e1vka francouzsk\u00e9ho savoir-vivre - HOTELHOUSE.cz<\/title>\n<meta name=\"description\" content=\"Nejstar\u0161\u00ed food festival v Praze se od 10. do 13. \u010dervence op\u011bt rozezn\u00ed francouzsk\u00fdmi akordy a zavon\u00ed \u010derstv\u011b upe\u010den\u00fdmi bagetami.\" \/>\n<meta name=\"robots\" content=\"index, follow, max-snippet:-1, max-image-preview:large, max-video-preview:-1\" \/>\n<link rel=\"canonical\" href=\"https:\/\/hotelhouse.cz\/index.php\/2025\/07\/10\/francouzsky-trh-letos-na-kampe-vune-provence-chut-syra-a-poctiva-davka-francouzskeho-savoir-vivre\/\" \/>\n<meta property=\"og:locale\" content=\"cs_CZ\" \/>\n<meta property=\"og:type\" content=\"article\" \/>\n<meta property=\"og:title\" content=\"Francouzsk\u00fd trh letos na Kamp\u011b: v\u016fn\u011b Provence, chu\u0165 s\u00fdra a poctiv\u00e1 d\u00e1vka francouzsk\u00e9ho savoir-vivre - HOTELHOUSE.cz\" \/>\n<meta property=\"og:description\" content=\"Nejstar\u0161\u00ed food festival v Praze se od 10. do 13. \u010dervence op\u011bt rozezn\u00ed francouzsk\u00fdmi akordy a zavon\u00ed \u010derstv\u011b upe\u010den\u00fdmi bagetami.\" \/>\n<meta property=\"og:url\" content=\"https:\/\/hotelhouse.cz\/index.php\/2025\/07\/10\/francouzsky-trh-letos-na-kampe-vune-provence-chut-syra-a-poctiva-davka-francouzskeho-savoir-vivre\/\" \/>\n<meta property=\"og:site_name\" content=\"HOTELHOUSE.cz\" \/>\n<meta property=\"article:published_time\" content=\"2025-07-09T22:01:00+00:00\" \/>\n<meta property=\"article:modified_time\" content=\"2025-07-09T22:54:26+00:00\" \/>\n<meta property=\"og:image\" content=\"https:\/\/hotelhouse.cz\/wp-content\/uploads\/2025\/07\/Foto5.jpg\" \/>\n\t<meta property=\"og:image:width\" content=\"1250\" \/>\n\t<meta property=\"og:image:height\" content=\"834\" \/>\n\t<meta property=\"og:image:type\" content=\"image\/jpeg\" \/>\n<meta name=\"author\" content=\"Van\u011bk Miroslav\" \/>\n<meta name=\"twitter:card\" content=\"summary_large_image\" \/>\n<meta name=\"twitter:label1\" content=\"Napsal(a)\" \/>\n\t<meta name=\"twitter:data1\" content=\"Van\u011bk Miroslav\" \/>\n\t<meta name=\"twitter:label2\" content=\"Odhadovan\u00e1 doba \u010dten\u00ed\" \/>\n\t<meta name=\"twitter:data2\" content=\"5 minut\" \/>\n<script type=\"application\/ld+json\" class=\"yoast-schema-graph\">{\"@context\":\"https:\/\/schema.org\",\"@graph\":[{\"@type\":\"Article\",\"@id\":\"https:\/\/hotelhouse.cz\/index.php\/2025\/07\/10\/francouzsky-trh-letos-na-kampe-vune-provence-chut-syra-a-poctiva-davka-francouzskeho-savoir-vivre\/#article\",\"isPartOf\":{\"@id\":\"https:\/\/hotelhouse.cz\/index.php\/2025\/07\/10\/francouzsky-trh-letos-na-kampe-vune-provence-chut-syra-a-poctiva-davka-francouzskeho-savoir-vivre\/\"},\"author\":{\"name\":\"Van\u011bk Miroslav\",\"@id\":\"https:\/\/hotelhouse.cz\/#\/schema\/person\/fa8caee3f0a9c6134afed3c541204812\"},\"headline\":\"Francouzsk\u00fd trh letos na Kamp\u011b: v\u016fn\u011b Provence, chu\u0165 s\u00fdra a poctiv\u00e1 d\u00e1vka francouzsk\u00e9ho savoir-vivre\",\"datePublished\":\"2025-07-09T22:01:00+00:00\",\"dateModified\":\"2025-07-09T22:54:26+00:00\",\"mainEntityOfPage\":{\"@id\":\"https:\/\/hotelhouse.cz\/index.php\/2025\/07\/10\/francouzsky-trh-letos-na-kampe-vune-provence-chut-syra-a-poctiva-davka-francouzskeho-savoir-vivre\/\"},\"wordCount\":636,\"publisher\":{\"@id\":\"https:\/\/hotelhouse.cz\/#organization\"},\"articleSection\":[\"GASTRO TIPY\",\"N\u00e1dhern\u00e1M\u00edsta.cz\",\"NaDovolenouDoPrahy.cz\",\"NEWS\",\"PRA\u017dSK\u00c1 KAMPA\",\"TIPY NA J\u00cdDLO\",\"VIN\u00c1RNY &amp; VINA\u0158STV\u00cd\"],\"inLanguage\":\"cs\"},{\"@type\":\"WebPage\",\"@id\":\"https:\/\/hotelhouse.cz\/index.php\/2025\/07\/10\/francouzsky-trh-letos-na-kampe-vune-provence-chut-syra-a-poctiva-davka-francouzskeho-savoir-vivre\/\",\"url\":\"https:\/\/hotelhouse.cz\/index.php\/2025\/07\/10\/francouzsky-trh-letos-na-kampe-vune-provence-chut-syra-a-poctiva-davka-francouzskeho-savoir-vivre\/\",\"name\":\"Francouzsk\u00fd trh letos na Kamp\u011b: v\u016fn\u011b Provence, chu\u0165 s\u00fdra a poctiv\u00e1 d\u00e1vka francouzsk\u00e9ho savoir-vivre - HOTELHOUSE.cz\",\"isPartOf\":{\"@id\":\"https:\/\/hotelhouse.cz\/#website\"},\"datePublished\":\"2025-07-09T22:01:00+00:00\",\"dateModified\":\"2025-07-09T22:54:26+00:00\",\"description\":\"Nejstar\u0161\u00ed food festival v Praze se od 10. do 13. \u010dervence op\u011bt rozezn\u00ed francouzsk\u00fdmi akordy a zavon\u00ed \u010derstv\u011b upe\u010den\u00fdmi bagetami.\",\"breadcrumb\":{\"@id\":\"https:\/\/hotelhouse.cz\/index.php\/2025\/07\/10\/francouzsky-trh-letos-na-kampe-vune-provence-chut-syra-a-poctiva-davka-francouzskeho-savoir-vivre\/#breadcrumb\"},\"inLanguage\":\"cs\",\"potentialAction\":[{\"@type\":\"ReadAction\",\"target\":[\"https:\/\/hotelhouse.cz\/index.php\/2025\/07\/10\/francouzsky-trh-letos-na-kampe-vune-provence-chut-syra-a-poctiva-davka-francouzskeho-savoir-vivre\/\"]}]},{\"@type\":\"BreadcrumbList\",\"@id\":\"https:\/\/hotelhouse.cz\/index.php\/2025\/07\/10\/francouzsky-trh-letos-na-kampe-vune-provence-chut-syra-a-poctiva-davka-francouzskeho-savoir-vivre\/#breadcrumb\",\"itemListElement\":[{\"@type\":\"ListItem\",\"position\":1,\"name\":\"Dom\u016f\",\"item\":\"https:\/\/hotelhouse.cz\/\"},{\"@type\":\"ListItem\",\"position\":2,\"name\":\"Francouzsk\u00fd trh letos na Kamp\u011b: v\u016fn\u011b Provence, chu\u0165 s\u00fdra a poctiv\u00e1 d\u00e1vka francouzsk\u00e9ho savoir-vivre\"}]},{\"@type\":\"WebSite\",\"@id\":\"https:\/\/hotelhouse.cz\/#website\",\"url\":\"https:\/\/hotelhouse.cz\/\",\"name\":\"HOTELHOUSE.cz\",\"description\":\"Port\u00e1l o hotelech, pensionech, spa resortech a restaurac\u00edch...\",\"publisher\":{\"@id\":\"https:\/\/hotelhouse.cz\/#organization\"},\"potentialAction\":[{\"@type\":\"SearchAction\",\"target\":{\"@type\":\"EntryPoint\",\"urlTemplate\":\"https:\/\/hotelhouse.cz\/?s={search_term_string}\"},\"query-input\":\"required name=search_term_string\"}],\"inLanguage\":\"cs\"},{\"@type\":\"Organization\",\"@id\":\"https:\/\/hotelhouse.cz\/#organization\",\"name\":\"HOTELHOUSE.cz\",\"url\":\"https:\/\/hotelhouse.cz\/\",\"logo\":{\"@type\":\"ImageObject\",\"inLanguage\":\"cs\",\"@id\":\"https:\/\/hotelhouse.cz\/#\/schema\/logo\/image\/\",\"url\":\"https:\/\/hotelhouse.cz\/wp-content\/uploads\/2024\/12\/cropped-Logo_HotelHouse-2.jpg\",\"contentUrl\":\"https:\/\/hotelhouse.cz\/wp-content\/uploads\/2024\/12\/cropped-Logo_HotelHouse-2.jpg\",\"width\":933,\"height\":516,\"caption\":\"HOTELHOUSE.cz\"},\"image\":{\"@id\":\"https:\/\/hotelhouse.cz\/#\/schema\/logo\/image\/\"},\"sameAs\":[\"https:\/\/www.instagram.com\/hotelhousecz\/\"]},{\"@type\":\"Person\",\"@id\":\"https:\/\/hotelhouse.cz\/#\/schema\/person\/fa8caee3f0a9c6134afed3c541204812\",\"name\":\"Van\u011bk Miroslav\",\"image\":{\"@type\":\"ImageObject\",\"inLanguage\":\"cs\",\"@id\":\"https:\/\/hotelhouse.cz\/#\/schema\/person\/image\/\",\"url\":\"https:\/\/secure.gravatar.com\/avatar\/cc93dbecbfc820d69a964ea4a1c72377?s=96&d=mm&r=g\",\"contentUrl\":\"https:\/\/secure.gravatar.com\/avatar\/cc93dbecbfc820d69a964ea4a1c72377?s=96&d=mm&r=g\",\"caption\":\"Van\u011bk Miroslav\"},\"sameAs\":[\"http:\/\/www.hotelhouse.cz\"],\"url\":\"https:\/\/hotelhouse.cz\/index.php\/author\/mirvan\/\"}]}<\/script>\n<!-- \/ Yoast SEO plugin. -->","yoast_head_json":{"title":"Francouzsk\u00fd trh letos na Kamp\u011b: v\u016fn\u011b Provence, chu\u0165 s\u00fdra a poctiv\u00e1 d\u00e1vka francouzsk\u00e9ho savoir-vivre - HOTELHOUSE.cz","description":"Nejstar\u0161\u00ed food festival v Praze se od 10. do 13. \u010dervence op\u011bt rozezn\u00ed francouzsk\u00fdmi akordy a zavon\u00ed \u010derstv\u011b upe\u010den\u00fdmi bagetami.","robots":{"index":"index","follow":"follow","max-snippet":"max-snippet:-1","max-image-preview":"max-image-preview:large","max-video-preview":"max-video-preview:-1"},"canonical":"https:\/\/hotelhouse.cz\/index.php\/2025\/07\/10\/francouzsky-trh-letos-na-kampe-vune-provence-chut-syra-a-poctiva-davka-francouzskeho-savoir-vivre\/","og_locale":"cs_CZ","og_type":"article","og_title":"Francouzsk\u00fd trh letos na Kamp\u011b: v\u016fn\u011b Provence, chu\u0165 s\u00fdra a poctiv\u00e1 d\u00e1vka francouzsk\u00e9ho savoir-vivre - HOTELHOUSE.cz","og_description":"Nejstar\u0161\u00ed food festival v Praze se od 10. do 13. \u010dervence op\u011bt rozezn\u00ed francouzsk\u00fdmi akordy a zavon\u00ed \u010derstv\u011b upe\u010den\u00fdmi bagetami.","og_url":"https:\/\/hotelhouse.cz\/index.php\/2025\/07\/10\/francouzsky-trh-letos-na-kampe-vune-provence-chut-syra-a-poctiva-davka-francouzskeho-savoir-vivre\/","og_site_name":"HOTELHOUSE.cz","article_published_time":"2025-07-09T22:01:00+00:00","article_modified_time":"2025-07-09T22:54:26+00:00","og_image":[{"width":1250,"height":834,"url":"https:\/\/hotelhouse.cz\/wp-content\/uploads\/2025\/07\/Foto5.jpg","type":"image\/jpeg"}],"author":"Van\u011bk Miroslav","twitter_card":"summary_large_image","twitter_misc":{"Napsal(a)":"Van\u011bk Miroslav","Odhadovan\u00e1 doba \u010dten\u00ed":"5 minut"},"schema":{"@context":"https:\/\/schema.org","@graph":[{"@type":"Article","@id":"https:\/\/hotelhouse.cz\/index.php\/2025\/07\/10\/francouzsky-trh-letos-na-kampe-vune-provence-chut-syra-a-poctiva-davka-francouzskeho-savoir-vivre\/#article","isPartOf":{"@id":"https:\/\/hotelhouse.cz\/index.php\/2025\/07\/10\/francouzsky-trh-letos-na-kampe-vune-provence-chut-syra-a-poctiva-davka-francouzskeho-savoir-vivre\/"},"author":{"name":"Van\u011bk Miroslav","@id":"https:\/\/hotelhouse.cz\/#\/schema\/person\/fa8caee3f0a9c6134afed3c541204812"},"headline":"Francouzsk\u00fd trh letos na Kamp\u011b: v\u016fn\u011b Provence, chu\u0165 s\u00fdra a poctiv\u00e1 d\u00e1vka francouzsk\u00e9ho savoir-vivre","datePublished":"2025-07-09T22:01:00+00:00","dateModified":"2025-07-09T22:54:26+00:00","mainEntityOfPage":{"@id":"https:\/\/hotelhouse.cz\/index.php\/2025\/07\/10\/francouzsky-trh-letos-na-kampe-vune-provence-chut-syra-a-poctiva-davka-francouzskeho-savoir-vivre\/"},"wordCount":636,"publisher":{"@id":"https:\/\/hotelhouse.cz\/#organization"},"articleSection":["GASTRO TIPY","N\u00e1dhern\u00e1M\u00edsta.cz","NaDovolenouDoPrahy.cz","NEWS","PRA\u017dSK\u00c1 KAMPA","TIPY NA J\u00cdDLO","VIN\u00c1RNY &amp; VINA\u0158STV\u00cd"],"inLanguage":"cs"},{"@type":"WebPage","@id":"https:\/\/hotelhouse.cz\/index.php\/2025\/07\/10\/francouzsky-trh-letos-na-kampe-vune-provence-chut-syra-a-poctiva-davka-francouzskeho-savoir-vivre\/","url":"https:\/\/hotelhouse.cz\/index.php\/2025\/07\/10\/francouzsky-trh-letos-na-kampe-vune-provence-chut-syra-a-poctiva-davka-francouzskeho-savoir-vivre\/","name":"Francouzsk\u00fd trh letos na Kamp\u011b: v\u016fn\u011b Provence, chu\u0165 s\u00fdra a poctiv\u00e1 d\u00e1vka francouzsk\u00e9ho savoir-vivre - HOTELHOUSE.cz","isPartOf":{"@id":"https:\/\/hotelhouse.cz\/#website"},"datePublished":"2025-07-09T22:01:00+00:00","dateModified":"2025-07-09T22:54:26+00:00","description":"Nejstar\u0161\u00ed food festival v Praze se od 10. do 13. \u010dervence op\u011bt rozezn\u00ed francouzsk\u00fdmi akordy a zavon\u00ed \u010derstv\u011b upe\u010den\u00fdmi bagetami.","breadcrumb":{"@id":"https:\/\/hotelhouse.cz\/index.php\/2025\/07\/10\/francouzsky-trh-letos-na-kampe-vune-provence-chut-syra-a-poctiva-davka-francouzskeho-savoir-vivre\/#breadcrumb"},"inLanguage":"cs","potentialAction":[{"@type":"ReadAction","target":["https:\/\/hotelhouse.cz\/index.php\/2025\/07\/10\/francouzsky-trh-letos-na-kampe-vune-provence-chut-syra-a-poctiva-davka-francouzskeho-savoir-vivre\/"]}]},{"@type":"BreadcrumbList","@id":"https:\/\/hotelhouse.cz\/index.php\/2025\/07\/10\/francouzsky-trh-letos-na-kampe-vune-provence-chut-syra-a-poctiva-davka-francouzskeho-savoir-vivre\/#breadcrumb","itemListElement":[{"@type":"ListItem","position":1,"name":"Dom\u016f","item":"https:\/\/hotelhouse.cz\/"},{"@type":"ListItem","position":2,"name":"Francouzsk\u00fd trh letos na Kamp\u011b: v\u016fn\u011b Provence, chu\u0165 s\u00fdra a poctiv\u00e1 d\u00e1vka francouzsk\u00e9ho savoir-vivre"}]},{"@type":"WebSite","@id":"https:\/\/hotelhouse.cz\/#website","url":"https:\/\/hotelhouse.cz\/","name":"HOTELHOUSE.cz","description":"Port\u00e1l o hotelech, pensionech, spa resortech a restaurac\u00edch...","publisher":{"@id":"https:\/\/hotelhouse.cz\/#organization"},"potentialAction":[{"@type":"SearchAction","target":{"@type":"EntryPoint","urlTemplate":"https:\/\/hotelhouse.cz\/?s={search_term_string}"},"query-input":"required name=search_term_string"}],"inLanguage":"cs"},{"@type":"Organization","@id":"https:\/\/hotelhouse.cz\/#organization","name":"HOTELHOUSE.cz","url":"https:\/\/hotelhouse.cz\/","logo":{"@type":"ImageObject","inLanguage":"cs","@id":"https:\/\/hotelhouse.cz\/#\/schema\/logo\/image\/","url":"https:\/\/hotelhouse.cz\/wp-content\/uploads\/2024\/12\/cropped-Logo_HotelHouse-2.jpg","contentUrl":"https:\/\/hotelhouse.cz\/wp-content\/uploads\/2024\/12\/cropped-Logo_HotelHouse-2.jpg","width":933,"height":516,"caption":"HOTELHOUSE.cz"},"image":{"@id":"https:\/\/hotelhouse.cz\/#\/schema\/logo\/image\/"},"sameAs":["https:\/\/www.instagram.com\/hotelhousecz\/"]},{"@type":"Person","@id":"https:\/\/hotelhouse.cz\/#\/schema\/person\/fa8caee3f0a9c6134afed3c541204812","name":"Van\u011bk Miroslav","image":{"@type":"ImageObject","inLanguage":"cs","@id":"https:\/\/hotelhouse.cz\/#\/schema\/person\/image\/","url":"https:\/\/secure.gravatar.com\/avatar\/cc93dbecbfc820d69a964ea4a1c72377?s=96&d=mm&r=g","contentUrl":"https:\/\/secure.gravatar.com\/avatar\/cc93dbecbfc820d69a964ea4a1c72377?s=96&d=mm&r=g","caption":"Van\u011bk Miroslav"},"sameAs":["http:\/\/www.hotelhouse.cz"],"url":"https:\/\/hotelhouse.cz\/index.php\/author\/mirvan\/"}]}},"_links":{"self":[{"href":"https:\/\/hotelhouse.cz\/index.php\/wp-json\/wp\/v2\/posts\/7964"}],"collection":[{"href":"https:\/\/hotelhouse.cz\/index.php\/wp-json\/wp\/v2\/posts"}],"about":[{"href":"https:\/\/hotelhouse.cz\/index.php\/wp-json\/wp\/v2\/types\/post"}],"author":[{"embeddable":true,"href":"https:\/\/hotelhouse.cz\/index.php\/wp-json\/wp\/v2\/users\/3"}],"replies":[{"embeddable":true,"href":"https:\/\/hotelhouse.cz\/index.php\/wp-json\/wp\/v2\/comments?post=7964"}],"version-history":[{"count":2,"href":"https:\/\/hotelhouse.cz\/index.php\/wp-json\/wp\/v2\/posts\/7964\/revisions"}],"predecessor-version":[{"id":7968,"href":"https:\/\/hotelhouse.cz\/index.php\/wp-json\/wp\/v2\/posts\/7964\/revisions\/7968"}],"wp:featuredmedia":[{"embeddable":true,"href":"https:\/\/hotelhouse.cz\/index.php\/wp-json\/wp\/v2\/media\/7965"}],"wp:attachment":[{"href":"https:\/\/hotelhouse.cz\/index.php\/wp-json\/wp\/v2\/media?parent=7964"}],"wp:term":[{"taxonomy":"category","embeddable":true,"href":"https:\/\/hotelhouse.cz\/index.php\/wp-json\/wp\/v2\/categories?post=7964"},{"taxonomy":"post_tag","embeddable":true,"href":"https:\/\/hotelhouse.cz\/index.php\/wp-json\/wp\/v2\/tags?post=7964"}],"curies":[{"name":"wp","href":"https:\/\/api.w.org\/{rel}","templated":true}]}}