{"id":8060,"date":"2025-07-24T00:01:00","date_gmt":"2025-07-23T22:01:00","guid":{"rendered":"https:\/\/hotelhouse.cz\/?p=8060"},"modified":"2025-07-24T00:58:16","modified_gmt":"2025-07-23T22:58:16","slug":"restaurace-zem-zve-na-cervencovy-brunch-inspirovany-letni-grilovaci-sezonou-27-cervence-od-1200-do-1500-hodin","status":"publish","type":"post","link":"https:\/\/hotelhouse.cz\/index.php\/2025\/07\/24\/restaurace-zem-zve-na-cervencovy-brunch-inspirovany-letni-grilovaci-sezonou-27-cervence-od-1200-do-1500-hodin\/","title":{"rendered":"Restaurace ZEM zve na \u010dervencov\u00fd brunch inspirovan\u00fd letn\u00ed grilovac\u00ed sez\u00f3nou: 27. \u010dervence od 12:00 do 15:00 hodin"},"content":{"rendered":"\n<div style=\"height:44px\" aria-hidden=\"true\" class=\"wp-block-spacer\"><\/div>\n\n\n\n<p class=\"has-medium-font-size\"><strong>\u010cervencov\u00fd brunch <strong>na <a href=\"https:\/\/senovaznenamesti.cz\/\">Senov\u00e1\u017en\u00e9m n\u00e1m\u011bst\u00ed<\/a> <strong>v <strong>restauraci ZEM <\/strong><\/strong> <\/strong>inspirovan\u00fd letn\u00ed grilovac\u00ed sez\u00f3nou. Uskute\u010dn\u00ed se ji\u017e tradi\u010dn\u011b posledn\u00ed ned\u011bli v&nbsp;m\u011bs\u00edci, tedy 27. \u010dervence od 12:00 do 15:00 hodin, a nab\u00eddne v\u0161e, co si od letn\u00edho brunche m\u016f\u017eete p\u0159\u00e1t \u2013 p\u0159\u00edjemn\u00e9 posezen\u00ed na terase, stylovou atmosf\u00e9ru, neomezen\u00e9 prosecco a promy\u0161len\u00e9 menu p\u0159ipraven\u00e9 na japonsk\u00e9m robata grilu.<\/strong><\/p>\n\n\n\n<div style=\"height:44px\" aria-hidden=\"true\" class=\"wp-block-spacer\"><\/div>\n\n\n<div class=\"wp-block-image\">\n<figure class=\"aligncenter size-full\"><img decoding=\"async\" src=\"https:\/\/prazskeprikopy.cz\/wp-content\/uploads\/2025\/07\/hynekhampl_DSC02342_V.jpg\" alt=\"Restaurace ZEM zve na \u010dervencov\u00fd brunch inspirovan\u00fd letn\u00ed grilovac\u00ed sez\u00f3nou: 27. \u010dervence od 12:00 do 15:00 hodin\" class=\"wp-image-15788\"\/><\/figure><\/div>\n\n\n<div style=\"height:44px\" aria-hidden=\"true\" class=\"wp-block-spacer\"><\/div>\n\n\n\n<p class=\"has-medium-font-size\">\u0160\u00e9fkucha\u0159 restaurace Libor Kristof\u010d\u00e1k se sv\u00fdm t\u00fdmem p\u0159ipravil speci\u00e1ln\u00ed menu o p\u011bti chodech. Host\u00e9 si budou moci vychutnat \u010derstv\u00e9 h\u0159ebenatky s dashi gelem, calamansi yuzu a nashi hru\u0161kou, osv\u011b\u017euj\u00edc\u00ed gazpacho z pe\u010den\u00fdch \u010derven\u00fdch paprik s o\u0159echy, nebo \u0161p\u00edz z&nbsp;hov\u011bz\u00ed sv\u00ed\u010dkov\u00e9, nakl\u00e1dan\u00fdmi hl\u00edvami a sojovou glazurou s lan\u00fd\u017eem. <\/p>\n\n\n\n<div style=\"height:44px\" aria-hidden=\"true\" class=\"wp-block-spacer\"><\/div>\n\n\n\n<figure class=\"wp-block-gallery has-nested-images columns-default is-cropped wp-block-gallery-1 is-layout-flex wp-block-gallery-is-layout-flex\">\n<figure class=\"wp-block-image size-large\"><img decoding=\"async\" data-id=\"15796\" src=\"https:\/\/prazskeprikopy.cz\/wp-content\/uploads\/2025\/07\/hynekhampl_DSC02340-683x1024.jpg\" alt=\"Restaurace ZEM zve na \u010dervencov\u00fd brunch inspirovan\u00fd letn\u00ed grilovac\u00ed sez\u00f3nou: 27. \u010dervence od 12:00 do 15:00 hodin\" class=\"wp-image-15796\"\/><\/figure>\n\n\n\n<figure class=\"wp-block-image size-large\"><img decoding=\"async\" data-id=\"15800\" src=\"https:\/\/prazskeprikopy.cz\/wp-content\/uploads\/2025\/07\/hynekhampl_DSC02348-683x1024.jpg\" alt=\"Restaurace ZEM zve na \u010dervencov\u00fd brunch inspirovan\u00fd letn\u00ed grilovac\u00ed sez\u00f3nou: 27. \u010dervence od 12:00 do 15:00 hodin\" class=\"wp-image-15800\"\/><\/figure>\n<\/figure>\n\n\n\n<div style=\"height:44px\" aria-hidden=\"true\" class=\"wp-block-spacer\"><\/div>\n\n\n\n<p class=\"has-medium-font-size\">Z grilu p\u0159ijde tak\u00e9 otoro z bluefin tu\u0148\u00e1ka s grilovan\u00fdm topinamburem a fermentovan\u00fdm pastin\u00e1kem, nebo hov\u011bz\u00ed \u017eebro s kimchi glazurou a miso. Sladkou te\u010dkou bude pe\u010den\u00fd ananas s miso karamelem, koprem a kokosovou zmrzlinou.<\/p>\n\n\n\n<div style=\"height:44px\" aria-hidden=\"true\" class=\"wp-block-spacer\"><\/div>\n\n\n\n<figure class=\"wp-block-gallery has-nested-images columns-default is-cropped wp-block-gallery-3 is-layout-flex wp-block-gallery-is-layout-flex\">\n<figure class=\"wp-block-image size-large\"><img decoding=\"async\" data-id=\"15791\" src=\"https:\/\/prazskeprikopy.cz\/wp-content\/uploads\/2025\/07\/hynekhampl_DSC02369-683x1024.jpg\" alt=\"Restaurace ZEM zve na \u010dervencov\u00fd brunch inspirovan\u00fd letn\u00ed grilovac\u00ed sez\u00f3nou: 27. \u010dervence od 12:00 do 15:00 hodin\" class=\"wp-image-15791\"\/><\/figure>\n\n\n\n<figure class=\"wp-block-image size-large\"><img decoding=\"async\" data-id=\"15798\" src=\"https:\/\/prazskeprikopy.cz\/wp-content\/uploads\/2025\/07\/hynekhampl_DSC02341-683x1024.jpg\" alt=\"Restaurace ZEM zve na \u010dervencov\u00fd brunch inspirovan\u00fd letn\u00ed grilovac\u00ed sez\u00f3nou: 27. \u010dervence od 12:00 do 15:00 hodin\" class=\"wp-image-15798\"\/><\/figure>\n<\/figure>\n\n\n\n<div style=\"height:44px\" aria-hidden=\"true\" class=\"wp-block-spacer\"><\/div>\n\n\n\n<h2 class=\"wp-block-heading\">Brunch letn\u00ed grilov\u00e1n\u00ed v&nbsp;restauraci ZEM<\/h2>\n\n\n\n<div style=\"height:44px\" aria-hidden=\"true\" class=\"wp-block-spacer\"><\/div>\n\n\n\n<p class=\"has-medium-font-size\"><strong>Term\u00edn:<\/strong> ned\u011ble 27. \u010dervence od 12:00 do 15:00 hodin<\/p>\n\n\n\n<p class=\"has-medium-font-size\"><strong>M\u00edsto:<\/strong> Restaurace ZEM, Hotel Andaz, Senov\u00e1\u017en\u00e9 n\u00e1m\u011bst\u00ed, Praha<\/p>\n\n\n\n<p class=\"has-medium-font-size\"><strong>Cena:<\/strong> 1595 CZK na osobu v\u010detn\u011b neomezen\u00e9 konzumace prosecca, studen\u00fdch a tepl\u00fdch nealkoholick\u00fdch n\u00e1poj\u016f a piva<\/p>\n\n\n\n<p class=\"has-medium-font-size\"><strong>Po\u010det m\u00edst je omezen, rezervace p\u0159edem nutn\u00e1 na \u010d\u00edsle +420 227 344 900.<\/strong><\/p>\n\n\n\n<div style=\"height:50px\" aria-hidden=\"true\" class=\"wp-block-spacer\"><\/div>\n\n\n\n<figure class=\"wp-block-gallery has-nested-images columns-default is-cropped wp-block-gallery-5 is-layout-flex wp-block-gallery-is-layout-flex\">\n<figure class=\"wp-block-image size-large\"><img decoding=\"async\" data-id=\"15799\" src=\"https:\/\/prazskeprikopy.cz\/wp-content\/uploads\/2025\/07\/hynekhampl_DSC02352-683x1024.jpg\" alt=\"Restaurace ZEM zve na \u010dervencov\u00fd brunch inspirovan\u00fd letn\u00ed grilovac\u00ed sez\u00f3nou: 27. \u010dervence od 12:00 do 15:00 hodin\" class=\"wp-image-15799\"\/><\/figure>\n\n\n\n<figure class=\"wp-block-image size-large\"><img decoding=\"async\" data-id=\"15794\" src=\"https:\/\/prazskeprikopy.cz\/wp-content\/uploads\/2025\/07\/hynekhampl_DSC02353-683x1024.jpg\" alt=\"Restaurace ZEM zve na \u010dervencov\u00fd brunch inspirovan\u00fd letn\u00ed grilovac\u00ed sez\u00f3nou: 27. \u010dervence od 12:00 do 15:00 hodin\" class=\"wp-image-15794\"\/><\/figure>\n<\/figure>\n\n\n\n<div style=\"height:100px\" aria-hidden=\"true\" class=\"wp-block-spacer\"><\/div>\n\n\n\n<h2 class=\"wp-block-heading\">O hotelu Andaz Prague<\/h2>\n\n\n\n<div style=\"height:42px\" aria-hidden=\"true\" class=\"wp-block-spacer\"><\/div>\n\n\n\n<p class=\"has-medium-font-size\">Hotel Andaz Prague, kter\u00fd s\u00eddl\u00ed v ikonick\u00e9 budov\u011b Cukrovarnick\u00e9ho pal\u00e1ce ze za\u010d\u00e1tku 20. stolet\u00ed, p\u0159edstavuje prvn\u00ed hotel zna\u010dky Andaz ve st\u0159edn\u00ed Evrop\u011b. Tento p\u011btihv\u011bzdi\u010dkov\u00fd hotel sk\u00fdt\u00e1 152 luxusn\u00edch pokoj\u016f a 24 apartm\u00e1 v&nbsp;unik\u00e1tn\u00edm designu, kter\u00fd \u010derp\u00e1 inspiraci z m\u00fdt\u016f a legend \u010desk\u00e9 historie. V\u00fdjime\u010dn\u00e1 poloha na Senov\u00e1\u017en\u00e9m n\u00e1m\u011bst\u00ed umo\u017e\u0148uje host\u016fm snadn\u00fd p\u0159\u00edstup k hlavn\u00edm dominant\u00e1m m\u011bsta. <\/p>\n\n\n\n<div style=\"height:42px\" aria-hidden=\"true\" class=\"wp-block-spacer\"><\/div>\n\n\n<div class=\"wp-block-image\">\n<figure class=\"aligncenter size-large\"><img decoding=\"async\" src=\"https:\/\/prazskeprikopy.cz\/wp-content\/uploads\/2025\/07\/hynekhampl_DSC01306-1024x683.jpg\" alt=\"Restaurace ZEM zve na \u010dervencov\u00fd brunch inspirovan\u00fd letn\u00ed grilovac\u00ed sez\u00f3nou: 27. \u010dervence od 12:00 do 15:00 hodin\" class=\"wp-image-15801\"\/><\/figure><\/div>\n\n\n<div style=\"height:42px\" aria-hidden=\"true\" class=\"wp-block-spacer\"><\/div>\n\n\n\n<p class=\"has-medium-font-size\">Andaz Prague disponuje restaurac\u00ed ZEM s avantgardn\u00ed \u010deskou bistronomi\u00ed, a barem MEZ specializuj\u00edc\u00edm se na koktejly inspirovan\u00e9 m\u00edstn\u00edmi legendami. P\u011bt konferen\u010dn\u00edch a eventov\u00fdch prostor\u016f poskytuje flexibiln\u00ed mo\u017enosti pro firemn\u00ed i spole\u010densk\u00e9 akce. Wellness centrum nab\u00edz\u00ed kompletn\u00ed slu\u017eby v\u010detn\u011b modern\u00edho 24\/7 fitness centra a \u0161irok\u00e9 \u0161k\u00e1ly procedur.<\/p>\n\n\n\n<div style=\"height:10px\" aria-hidden=\"true\" class=\"wp-block-spacer\"><\/div>\n\n\n\n<p class=\"has-medium-font-size\"><strong>Dal\u0161\u00ed informace naleznete na str\u00e1nk\u00e1ch <a href=\"https:\/\/www.hyatt.com\/brands\/andaz\">andaz.com<\/a>. Sledujte @Andaz na <a href=\"https:\/\/www.facebook.com\/Andaz\">Facebooku<\/a>, <a href=\"https:\/\/x.com\/i\/flow\/login?redirect_after_login=%2Fandaz\">X<\/a> a <a href=\"https:\/\/www.instagram.com\/andaz\/\">Instagramu<\/a> a ozna\u010dujte fotografie #ExpressYourAndaz.<\/strong><\/p>\n\n\n\n<div style=\"height:100px\" aria-hidden=\"true\" class=\"wp-block-spacer\"><\/div>\n\n\n\n<figure class=\"wp-block-gallery has-nested-images columns-2 is-cropped wp-block-gallery-7 is-layout-flex wp-block-gallery-is-layout-flex\">\n<figure class=\"wp-block-image size-large\"><img decoding=\"async\" data-id=\"15801\" src=\"https:\/\/prazskeprikopy.cz\/wp-content\/uploads\/2025\/07\/hynekhampl_DSC01306-1024x683.jpg\" alt=\"Restaurace ZEM zve na \u010dervencov\u00fd brunch inspirovan\u00fd letn\u00ed grilovac\u00ed sez\u00f3nou: 27. \u010dervence od 12:00 do 15:00 hodin\" class=\"wp-image-15801\"\/><\/figure>\n\n\n\n<figure class=\"wp-block-image size-large\"><img decoding=\"async\" data-id=\"15802\" src=\"https:\/\/prazskeprikopy.cz\/wp-content\/uploads\/2025\/07\/hynekhampl_DSC01336-1024x683.jpg\" alt=\"Restaurace ZEM zve na \u010dervencov\u00fd brunch inspirovan\u00fd letn\u00ed grilovac\u00ed sez\u00f3nou: 27. \u010dervence od 12:00 do 15:00 hodin\" class=\"wp-image-15802\"\/><\/figure>\n\n\n\n<figure class=\"wp-block-image size-large\"><img decoding=\"async\" data-id=\"15796\" src=\"https:\/\/prazskeprikopy.cz\/wp-content\/uploads\/2025\/07\/hynekhampl_DSC02340-683x1024.jpg\" alt=\"Restaurace ZEM zve na \u010dervencov\u00fd brunch inspirovan\u00fd letn\u00ed grilovac\u00ed sez\u00f3nou: 27. \u010dervence od 12:00 do 15:00 hodin\" class=\"wp-image-15796\"\/><\/figure>\n\n\n\n<figure class=\"wp-block-image size-large\"><img decoding=\"async\" data-id=\"15798\" src=\"https:\/\/prazskeprikopy.cz\/wp-content\/uploads\/2025\/07\/hynekhampl_DSC02341-683x1024.jpg\" alt=\"Restaurace ZEM zve na \u010dervencov\u00fd brunch inspirovan\u00fd letn\u00ed grilovac\u00ed sez\u00f3nou: 27. \u010dervence od 12:00 do 15:00 hodin\" class=\"wp-image-15798\"\/><\/figure>\n\n\n\n<figure class=\"wp-block-image size-large\"><img decoding=\"async\" data-id=\"15790\" src=\"https:\/\/prazskeprikopy.cz\/wp-content\/uploads\/2025\/07\/hynekhampl_DSC02342-683x1024.jpg\" alt=\"Restaurace ZEM zve na \u010dervencov\u00fd brunch inspirovan\u00fd letn\u00ed grilovac\u00ed sez\u00f3nou: 27. \u010dervence od 12:00 do 15:00 hodin\" class=\"wp-image-15790\"\/><\/figure>\n\n\n\n<figure class=\"wp-block-image size-large\"><img decoding=\"async\" data-id=\"15797\" src=\"https:\/\/prazskeprikopy.cz\/wp-content\/uploads\/2025\/07\/hynekhampl_DSC02346-683x1024.jpg\" alt=\"Restaurace ZEM zve na \u010dervencov\u00fd brunch inspirovan\u00fd letn\u00ed grilovac\u00ed sez\u00f3nou: 27. \u010dervence od 12:00 do 15:00 hodin\" class=\"wp-image-15797\"\/><\/figure>\n\n\n\n<figure class=\"wp-block-image size-large\"><img decoding=\"async\" data-id=\"15793\" src=\"https:\/\/prazskeprikopy.cz\/wp-content\/uploads\/2025\/07\/hynekhampl_DSC02350-683x1024.jpg\" alt=\"Restaurace ZEM zve na \u010dervencov\u00fd brunch inspirovan\u00fd letn\u00ed grilovac\u00ed sez\u00f3nou: 27. \u010dervence od 12:00 do 15:00 hodin\" class=\"wp-image-15793\"\/><\/figure>\n\n\n\n<figure class=\"wp-block-image size-large\"><img decoding=\"async\" data-id=\"15799\" src=\"https:\/\/prazskeprikopy.cz\/wp-content\/uploads\/2025\/07\/hynekhampl_DSC02352-683x1024.jpg\" alt=\"Restaurace ZEM zve na \u010dervencov\u00fd brunch inspirovan\u00fd letn\u00ed grilovac\u00ed sez\u00f3nou: 27. \u010dervence od 12:00 do 15:00 hodin\" class=\"wp-image-15799\"\/><\/figure>\n\n\n\n<figure class=\"wp-block-image size-large\"><img decoding=\"async\" data-id=\"15792\" src=\"https:\/\/prazskeprikopy.cz\/wp-content\/uploads\/2025\/07\/hynekhampl_DSC02351-683x1024.jpg\" alt=\"Restaurace ZEM zve na \u010dervencov\u00fd brunch inspirovan\u00fd letn\u00ed grilovac\u00ed sez\u00f3nou: 27. \u010dervence od 12:00 do 15:00 hodin\" class=\"wp-image-15792\"\/><\/figure>\n\n\n\n<figure class=\"wp-block-image size-large\"><img decoding=\"async\" data-id=\"15794\" src=\"https:\/\/prazskeprikopy.cz\/wp-content\/uploads\/2025\/07\/hynekhampl_DSC02353-683x1024.jpg\" alt=\"Restaurace ZEM zve na \u010dervencov\u00fd brunch inspirovan\u00fd letn\u00ed grilovac\u00ed sez\u00f3nou: 27. \u010dervence od 12:00 do 15:00 hodin\" class=\"wp-image-15794\"\/><\/figure>\n\n\n\n<figure class=\"wp-block-image size-large\"><img decoding=\"async\" data-id=\"15791\" src=\"https:\/\/prazskeprikopy.cz\/wp-content\/uploads\/2025\/07\/hynekhampl_DSC02369-683x1024.jpg\" alt=\"Restaurace ZEM zve na \u010dervencov\u00fd brunch inspirovan\u00fd letn\u00ed grilovac\u00ed sez\u00f3nou: 27. \u010dervence od 12:00 do 15:00 hodin\" class=\"wp-image-15791\"\/><\/figure>\n\n\n\n<figure class=\"wp-block-image size-large\"><img decoding=\"async\" data-id=\"15795\" src=\"https:\/\/prazskeprikopy.cz\/wp-content\/uploads\/2025\/07\/hynekhampl_DSC02365-683x1024.jpg\" alt=\"Restaurace ZEM zve na \u010dervencov\u00fd brunch inspirovan\u00fd letn\u00ed grilovac\u00ed sez\u00f3nou: 27. \u010dervence od 12:00 do 15:00 hodin\" class=\"wp-image-15795\"\/><\/figure>\n\n\n\n<figure class=\"wp-block-image size-large\"><img decoding=\"async\" data-id=\"15786\" src=\"https:\/\/prazskeprikopy.cz\/wp-content\/uploads\/2025\/07\/hynekhampl_DSC02346_V.jpg\" alt=\"Restaurace ZEM zve na \u010dervencov\u00fd brunch inspirovan\u00fd letn\u00ed grilovac\u00ed sez\u00f3nou: 27. \u010dervence od 12:00 do 15:00 hodin\" class=\"wp-image-15786\"\/><\/figure>\n\n\n\n<figure class=\"wp-block-image size-large\"><img decoding=\"async\" data-id=\"15787\" src=\"https:\/\/prazskeprikopy.cz\/wp-content\/uploads\/2025\/07\/hynekhampl_DSC02350_V.jpg\" alt=\"Restaurace ZEM zve na \u010dervencov\u00fd brunch inspirovan\u00fd letn\u00ed grilovac\u00ed sez\u00f3nou: 27. \u010dervence od 12:00 do 15:00 hodin\" class=\"wp-image-15787\"\/><\/figure>\n\n\n\n<figure class=\"wp-block-image size-large\"><img decoding=\"async\" data-id=\"15788\" src=\"https:\/\/prazskeprikopy.cz\/wp-content\/uploads\/2025\/07\/hynekhampl_DSC02342_V.jpg\" alt=\"Restaurace ZEM zve na \u010dervencov\u00fd brunch inspirovan\u00fd letn\u00ed grilovac\u00ed sez\u00f3nou: 27. \u010dervence od 12:00 do 15:00 hodin\" class=\"wp-image-15788\"\/><\/figure>\n\n\n\n<figure class=\"wp-block-image size-large\"><img decoding=\"async\" data-id=\"15785\" src=\"https:\/\/prazskeprikopy.cz\/wp-content\/uploads\/2025\/07\/hynekhampl_DSC02369_V.jpg\" alt=\"Restaurace ZEM zve na \u010dervencov\u00fd brunch inspirovan\u00fd letn\u00ed grilovac\u00ed sez\u00f3nou: 27. \u010dervence od 12:00 do 15:00 hodin\" class=\"wp-image-15785\"\/><\/figure>\n\n\n\n<figure class=\"wp-block-image size-large\"><img decoding=\"async\" data-id=\"15789\" src=\"https:\/\/prazskeprikopy.cz\/wp-content\/uploads\/2025\/07\/hynekhampl_DSC02365_TTL.jpg\" alt=\"Restaurace ZEM zve na \u010dervencov\u00fd brunch inspirovan\u00fd letn\u00ed grilovac\u00ed sez\u00f3nou: 27. \u010dervence od 12:00 do 15:00 hodin\" class=\"wp-image-15789\"\/><\/figure>\n<\/figure>\n\n\n\n<div style=\"height:33px\" aria-hidden=\"true\" class=\"wp-block-spacer\"><\/div>\n\n\n\n<p class=\"has-medium-font-size\"><strong>Zdroj foto: <\/strong>ANDAZ PRAGUE<\/p>\n\n\n\n<div style=\"height:75px\" aria-hidden=\"true\" class=\"wp-block-spacer\"><\/div>\n","protected":false},"excerpt":{"rendered":"<p>\u010cervencov\u00fd brunch na Senov\u00e1\u017en\u00e9m n\u00e1m\u011bst\u00ed v restauraci ZEM inspirovan\u00fd letn\u00ed grilovac\u00ed sez\u00f3nou. Uskute\u010dn\u00ed se ji\u017e tradi\u010dn\u011b posledn\u00ed ned\u011bli v&nbsp;m\u011bs\u00edci, tedy 27. \u010dervence od 12:00 do 15:00 hodin, a nab\u00eddne v\u0161e, co si od letn\u00edho&#46;&#46;&#46;<\/p>\n","protected":false},"author":3,"featured_media":8061,"comment_status":"closed","ping_status":"closed","sticky":false,"template":"","format":"standard","meta":{"_monsterinsights_skip_tracking":false,"_monsterinsights_sitenote_active":false,"_monsterinsights_sitenote_note":"","_monsterinsights_sitenote_category":0,"footnotes":""},"categories":[26,22,2,154,8,28],"tags":[],"yoast_head":"<!-- This site is optimized with the Yoast SEO plugin v21.5 - https:\/\/yoast.com\/wordpress\/plugins\/seo\/ -->\n<title>Restaurace ZEM zve na \u010dervencov\u00fd brunch inspirovan\u00fd letn\u00ed grilovac\u00ed sez\u00f3nou: 27. \u010dervence od 12:00 do 15:00 hodin - HOTELHOUSE.cz<\/title>\n<meta name=\"description\" content=\"Uskute\u010dn\u00ed se ji\u017e tradi\u010dn\u011b posledn\u00ed ned\u011bli v m\u011bs\u00edci, tedy 27. \u010dervence od 12:00 do 15:00 hodin, a nab\u00eddne v\u0161e, co si od brunche m\u016f\u017eete p\u0159\u00e1t.\" \/>\n<meta name=\"robots\" content=\"index, follow, max-snippet:-1, max-image-preview:large, max-video-preview:-1\" \/>\n<link rel=\"canonical\" href=\"https:\/\/hotelhouse.cz\/index.php\/2025\/07\/24\/restaurace-zem-zve-na-cervencovy-brunch-inspirovany-letni-grilovaci-sezonou-27-cervence-od-1200-do-1500-hodin\/\" \/>\n<meta property=\"og:locale\" content=\"cs_CZ\" \/>\n<meta property=\"og:type\" content=\"article\" \/>\n<meta property=\"og:title\" content=\"Restaurace ZEM zve na \u010dervencov\u00fd brunch inspirovan\u00fd letn\u00ed grilovac\u00ed sez\u00f3nou: 27. \u010dervence od 12:00 do 15:00 hodin - HOTELHOUSE.cz\" \/>\n<meta property=\"og:description\" content=\"Uskute\u010dn\u00ed se ji\u017e tradi\u010dn\u011b posledn\u00ed ned\u011bli v m\u011bs\u00edci, tedy 27. \u010dervence od 12:00 do 15:00 hodin, a nab\u00eddne v\u0161e, co si od brunche m\u016f\u017eete p\u0159\u00e1t.\" \/>\n<meta property=\"og:url\" content=\"https:\/\/hotelhouse.cz\/index.php\/2025\/07\/24\/restaurace-zem-zve-na-cervencovy-brunch-inspirovany-letni-grilovaci-sezonou-27-cervence-od-1200-do-1500-hodin\/\" \/>\n<meta property=\"og:site_name\" content=\"HOTELHOUSE.cz\" \/>\n<meta property=\"article:published_time\" content=\"2025-07-23T22:01:00+00:00\" \/>\n<meta property=\"article:modified_time\" content=\"2025-07-23T22:58:16+00:00\" \/>\n<meta property=\"og:image\" content=\"https:\/\/hotelhouse.cz\/wp-content\/uploads\/2025\/07\/hynekhampl_DSC02365_TTL.jpg\" \/>\n\t<meta property=\"og:image:width\" content=\"800\" \/>\n\t<meta property=\"og:image:height\" content=\"579\" \/>\n\t<meta property=\"og:image:type\" content=\"image\/jpeg\" \/>\n<meta name=\"author\" content=\"Van\u011bk Miroslav\" \/>\n<meta name=\"twitter:card\" content=\"summary_large_image\" \/>\n<meta name=\"twitter:label1\" content=\"Napsal(a)\" \/>\n\t<meta name=\"twitter:data1\" content=\"Van\u011bk Miroslav\" \/>\n\t<meta name=\"twitter:label2\" content=\"Odhadovan\u00e1 doba \u010dten\u00ed\" \/>\n\t<meta name=\"twitter:data2\" content=\"7 minut\" \/>\n<script type=\"application\/ld+json\" class=\"yoast-schema-graph\">{\"@context\":\"https:\/\/schema.org\",\"@graph\":[{\"@type\":\"Article\",\"@id\":\"https:\/\/hotelhouse.cz\/index.php\/2025\/07\/24\/restaurace-zem-zve-na-cervencovy-brunch-inspirovany-letni-grilovaci-sezonou-27-cervence-od-1200-do-1500-hodin\/#article\",\"isPartOf\":{\"@id\":\"https:\/\/hotelhouse.cz\/index.php\/2025\/07\/24\/restaurace-zem-zve-na-cervencovy-brunch-inspirovany-letni-grilovaci-sezonou-27-cervence-od-1200-do-1500-hodin\/\"},\"author\":{\"name\":\"Van\u011bk Miroslav\",\"@id\":\"https:\/\/hotelhouse.cz\/#\/schema\/person\/fa8caee3f0a9c6134afed3c541204812\"},\"headline\":\"Restaurace ZEM zve na \u010dervencov\u00fd brunch inspirovan\u00fd letn\u00ed grilovac\u00ed sez\u00f3nou: 27. \u010dervence od 12:00 do 15:00 hodin\",\"datePublished\":\"2025-07-23T22:01:00+00:00\",\"dateModified\":\"2025-07-23T22:58:16+00:00\",\"mainEntityOfPage\":{\"@id\":\"https:\/\/hotelhouse.cz\/index.php\/2025\/07\/24\/restaurace-zem-zve-na-cervencovy-brunch-inspirovany-letni-grilovaci-sezonou-27-cervence-od-1200-do-1500-hodin\/\"},\"wordCount\":430,\"publisher\":{\"@id\":\"https:\/\/hotelhouse.cz\/#organization\"},\"articleSection\":[\"N\u00e1dhern\u00e1M\u00edsta.cz\",\"NaDovolenouDoPrahy.cz\",\"NEWS\",\"PRA\u017dSK\u00c1 METROPOLE\",\"RESTAURACE &amp; BISTRA\",\"TIPY NA J\u00cdDLO\"],\"inLanguage\":\"cs\"},{\"@type\":\"WebPage\",\"@id\":\"https:\/\/hotelhouse.cz\/index.php\/2025\/07\/24\/restaurace-zem-zve-na-cervencovy-brunch-inspirovany-letni-grilovaci-sezonou-27-cervence-od-1200-do-1500-hodin\/\",\"url\":\"https:\/\/hotelhouse.cz\/index.php\/2025\/07\/24\/restaurace-zem-zve-na-cervencovy-brunch-inspirovany-letni-grilovaci-sezonou-27-cervence-od-1200-do-1500-hodin\/\",\"name\":\"Restaurace ZEM zve na \u010dervencov\u00fd brunch inspirovan\u00fd letn\u00ed grilovac\u00ed sez\u00f3nou: 27. \u010dervence od 12:00 do 15:00 hodin - HOTELHOUSE.cz\",\"isPartOf\":{\"@id\":\"https:\/\/hotelhouse.cz\/#website\"},\"datePublished\":\"2025-07-23T22:01:00+00:00\",\"dateModified\":\"2025-07-23T22:58:16+00:00\",\"description\":\"Uskute\u010dn\u00ed se ji\u017e tradi\u010dn\u011b posledn\u00ed ned\u011bli v m\u011bs\u00edci, tedy 27. \u010dervence od 12:00 do 15:00 hodin, a nab\u00eddne v\u0161e, co si od brunche m\u016f\u017eete p\u0159\u00e1t.\",\"breadcrumb\":{\"@id\":\"https:\/\/hotelhouse.cz\/index.php\/2025\/07\/24\/restaurace-zem-zve-na-cervencovy-brunch-inspirovany-letni-grilovaci-sezonou-27-cervence-od-1200-do-1500-hodin\/#breadcrumb\"},\"inLanguage\":\"cs\",\"potentialAction\":[{\"@type\":\"ReadAction\",\"target\":[\"https:\/\/hotelhouse.cz\/index.php\/2025\/07\/24\/restaurace-zem-zve-na-cervencovy-brunch-inspirovany-letni-grilovaci-sezonou-27-cervence-od-1200-do-1500-hodin\/\"]}]},{\"@type\":\"BreadcrumbList\",\"@id\":\"https:\/\/hotelhouse.cz\/index.php\/2025\/07\/24\/restaurace-zem-zve-na-cervencovy-brunch-inspirovany-letni-grilovaci-sezonou-27-cervence-od-1200-do-1500-hodin\/#breadcrumb\",\"itemListElement\":[{\"@type\":\"ListItem\",\"position\":1,\"name\":\"Dom\u016f\",\"item\":\"https:\/\/hotelhouse.cz\/\"},{\"@type\":\"ListItem\",\"position\":2,\"name\":\"Restaurace ZEM zve na \u010dervencov\u00fd brunch inspirovan\u00fd letn\u00ed grilovac\u00ed sez\u00f3nou: 27. \u010dervence od 12:00 do 15:00 hodin\"}]},{\"@type\":\"WebSite\",\"@id\":\"https:\/\/hotelhouse.cz\/#website\",\"url\":\"https:\/\/hotelhouse.cz\/\",\"name\":\"HOTELHOUSE.cz\",\"description\":\"Port\u00e1l o hotelech, pensionech, spa resortech a restaurac\u00edch...\",\"publisher\":{\"@id\":\"https:\/\/hotelhouse.cz\/#organization\"},\"potentialAction\":[{\"@type\":\"SearchAction\",\"target\":{\"@type\":\"EntryPoint\",\"urlTemplate\":\"https:\/\/hotelhouse.cz\/?s={search_term_string}\"},\"query-input\":\"required name=search_term_string\"}],\"inLanguage\":\"cs\"},{\"@type\":\"Organization\",\"@id\":\"https:\/\/hotelhouse.cz\/#organization\",\"name\":\"HOTELHOUSE.cz\",\"url\":\"https:\/\/hotelhouse.cz\/\",\"logo\":{\"@type\":\"ImageObject\",\"inLanguage\":\"cs\",\"@id\":\"https:\/\/hotelhouse.cz\/#\/schema\/logo\/image\/\",\"url\":\"https:\/\/hotelhouse.cz\/wp-content\/uploads\/2024\/12\/cropped-Logo_HotelHouse-2.jpg\",\"contentUrl\":\"https:\/\/hotelhouse.cz\/wp-content\/uploads\/2024\/12\/cropped-Logo_HotelHouse-2.jpg\",\"width\":933,\"height\":516,\"caption\":\"HOTELHOUSE.cz\"},\"image\":{\"@id\":\"https:\/\/hotelhouse.cz\/#\/schema\/logo\/image\/\"},\"sameAs\":[\"https:\/\/www.instagram.com\/hotelhousecz\/\"]},{\"@type\":\"Person\",\"@id\":\"https:\/\/hotelhouse.cz\/#\/schema\/person\/fa8caee3f0a9c6134afed3c541204812\",\"name\":\"Van\u011bk Miroslav\",\"image\":{\"@type\":\"ImageObject\",\"inLanguage\":\"cs\",\"@id\":\"https:\/\/hotelhouse.cz\/#\/schema\/person\/image\/\",\"url\":\"https:\/\/secure.gravatar.com\/avatar\/cc93dbecbfc820d69a964ea4a1c72377?s=96&d=mm&r=g\",\"contentUrl\":\"https:\/\/secure.gravatar.com\/avatar\/cc93dbecbfc820d69a964ea4a1c72377?s=96&d=mm&r=g\",\"caption\":\"Van\u011bk Miroslav\"},\"sameAs\":[\"http:\/\/www.hotelhouse.cz\"],\"url\":\"https:\/\/hotelhouse.cz\/index.php\/author\/mirvan\/\"}]}<\/script>\n<!-- \/ Yoast SEO plugin. -->","yoast_head_json":{"title":"Restaurace ZEM zve na \u010dervencov\u00fd brunch inspirovan\u00fd letn\u00ed grilovac\u00ed sez\u00f3nou: 27. \u010dervence od 12:00 do 15:00 hodin - HOTELHOUSE.cz","description":"Uskute\u010dn\u00ed se ji\u017e tradi\u010dn\u011b posledn\u00ed ned\u011bli v m\u011bs\u00edci, tedy 27. \u010dervence od 12:00 do 15:00 hodin, a nab\u00eddne v\u0161e, co si od brunche m\u016f\u017eete p\u0159\u00e1t.","robots":{"index":"index","follow":"follow","max-snippet":"max-snippet:-1","max-image-preview":"max-image-preview:large","max-video-preview":"max-video-preview:-1"},"canonical":"https:\/\/hotelhouse.cz\/index.php\/2025\/07\/24\/restaurace-zem-zve-na-cervencovy-brunch-inspirovany-letni-grilovaci-sezonou-27-cervence-od-1200-do-1500-hodin\/","og_locale":"cs_CZ","og_type":"article","og_title":"Restaurace ZEM zve na \u010dervencov\u00fd brunch inspirovan\u00fd letn\u00ed grilovac\u00ed sez\u00f3nou: 27. \u010dervence od 12:00 do 15:00 hodin - HOTELHOUSE.cz","og_description":"Uskute\u010dn\u00ed se ji\u017e tradi\u010dn\u011b posledn\u00ed ned\u011bli v m\u011bs\u00edci, tedy 27. \u010dervence od 12:00 do 15:00 hodin, a nab\u00eddne v\u0161e, co si od brunche m\u016f\u017eete p\u0159\u00e1t.","og_url":"https:\/\/hotelhouse.cz\/index.php\/2025\/07\/24\/restaurace-zem-zve-na-cervencovy-brunch-inspirovany-letni-grilovaci-sezonou-27-cervence-od-1200-do-1500-hodin\/","og_site_name":"HOTELHOUSE.cz","article_published_time":"2025-07-23T22:01:00+00:00","article_modified_time":"2025-07-23T22:58:16+00:00","og_image":[{"width":800,"height":579,"url":"https:\/\/hotelhouse.cz\/wp-content\/uploads\/2025\/07\/hynekhampl_DSC02365_TTL.jpg","type":"image\/jpeg"}],"author":"Van\u011bk Miroslav","twitter_card":"summary_large_image","twitter_misc":{"Napsal(a)":"Van\u011bk Miroslav","Odhadovan\u00e1 doba \u010dten\u00ed":"7 minut"},"schema":{"@context":"https:\/\/schema.org","@graph":[{"@type":"Article","@id":"https:\/\/hotelhouse.cz\/index.php\/2025\/07\/24\/restaurace-zem-zve-na-cervencovy-brunch-inspirovany-letni-grilovaci-sezonou-27-cervence-od-1200-do-1500-hodin\/#article","isPartOf":{"@id":"https:\/\/hotelhouse.cz\/index.php\/2025\/07\/24\/restaurace-zem-zve-na-cervencovy-brunch-inspirovany-letni-grilovaci-sezonou-27-cervence-od-1200-do-1500-hodin\/"},"author":{"name":"Van\u011bk Miroslav","@id":"https:\/\/hotelhouse.cz\/#\/schema\/person\/fa8caee3f0a9c6134afed3c541204812"},"headline":"Restaurace ZEM zve na \u010dervencov\u00fd brunch inspirovan\u00fd letn\u00ed grilovac\u00ed sez\u00f3nou: 27. \u010dervence od 12:00 do 15:00 hodin","datePublished":"2025-07-23T22:01:00+00:00","dateModified":"2025-07-23T22:58:16+00:00","mainEntityOfPage":{"@id":"https:\/\/hotelhouse.cz\/index.php\/2025\/07\/24\/restaurace-zem-zve-na-cervencovy-brunch-inspirovany-letni-grilovaci-sezonou-27-cervence-od-1200-do-1500-hodin\/"},"wordCount":430,"publisher":{"@id":"https:\/\/hotelhouse.cz\/#organization"},"articleSection":["N\u00e1dhern\u00e1M\u00edsta.cz","NaDovolenouDoPrahy.cz","NEWS","PRA\u017dSK\u00c1 METROPOLE","RESTAURACE &amp; BISTRA","TIPY NA J\u00cdDLO"],"inLanguage":"cs"},{"@type":"WebPage","@id":"https:\/\/hotelhouse.cz\/index.php\/2025\/07\/24\/restaurace-zem-zve-na-cervencovy-brunch-inspirovany-letni-grilovaci-sezonou-27-cervence-od-1200-do-1500-hodin\/","url":"https:\/\/hotelhouse.cz\/index.php\/2025\/07\/24\/restaurace-zem-zve-na-cervencovy-brunch-inspirovany-letni-grilovaci-sezonou-27-cervence-od-1200-do-1500-hodin\/","name":"Restaurace ZEM zve na \u010dervencov\u00fd brunch inspirovan\u00fd letn\u00ed grilovac\u00ed sez\u00f3nou: 27. \u010dervence od 12:00 do 15:00 hodin - HOTELHOUSE.cz","isPartOf":{"@id":"https:\/\/hotelhouse.cz\/#website"},"datePublished":"2025-07-23T22:01:00+00:00","dateModified":"2025-07-23T22:58:16+00:00","description":"Uskute\u010dn\u00ed se ji\u017e tradi\u010dn\u011b posledn\u00ed ned\u011bli v m\u011bs\u00edci, tedy 27. \u010dervence od 12:00 do 15:00 hodin, a nab\u00eddne v\u0161e, co si od brunche m\u016f\u017eete p\u0159\u00e1t.","breadcrumb":{"@id":"https:\/\/hotelhouse.cz\/index.php\/2025\/07\/24\/restaurace-zem-zve-na-cervencovy-brunch-inspirovany-letni-grilovaci-sezonou-27-cervence-od-1200-do-1500-hodin\/#breadcrumb"},"inLanguage":"cs","potentialAction":[{"@type":"ReadAction","target":["https:\/\/hotelhouse.cz\/index.php\/2025\/07\/24\/restaurace-zem-zve-na-cervencovy-brunch-inspirovany-letni-grilovaci-sezonou-27-cervence-od-1200-do-1500-hodin\/"]}]},{"@type":"BreadcrumbList","@id":"https:\/\/hotelhouse.cz\/index.php\/2025\/07\/24\/restaurace-zem-zve-na-cervencovy-brunch-inspirovany-letni-grilovaci-sezonou-27-cervence-od-1200-do-1500-hodin\/#breadcrumb","itemListElement":[{"@type":"ListItem","position":1,"name":"Dom\u016f","item":"https:\/\/hotelhouse.cz\/"},{"@type":"ListItem","position":2,"name":"Restaurace ZEM zve na \u010dervencov\u00fd brunch inspirovan\u00fd letn\u00ed grilovac\u00ed sez\u00f3nou: 27. \u010dervence od 12:00 do 15:00 hodin"}]},{"@type":"WebSite","@id":"https:\/\/hotelhouse.cz\/#website","url":"https:\/\/hotelhouse.cz\/","name":"HOTELHOUSE.cz","description":"Port\u00e1l o hotelech, pensionech, spa resortech a restaurac\u00edch...","publisher":{"@id":"https:\/\/hotelhouse.cz\/#organization"},"potentialAction":[{"@type":"SearchAction","target":{"@type":"EntryPoint","urlTemplate":"https:\/\/hotelhouse.cz\/?s={search_term_string}"},"query-input":"required name=search_term_string"}],"inLanguage":"cs"},{"@type":"Organization","@id":"https:\/\/hotelhouse.cz\/#organization","name":"HOTELHOUSE.cz","url":"https:\/\/hotelhouse.cz\/","logo":{"@type":"ImageObject","inLanguage":"cs","@id":"https:\/\/hotelhouse.cz\/#\/schema\/logo\/image\/","url":"https:\/\/hotelhouse.cz\/wp-content\/uploads\/2024\/12\/cropped-Logo_HotelHouse-2.jpg","contentUrl":"https:\/\/hotelhouse.cz\/wp-content\/uploads\/2024\/12\/cropped-Logo_HotelHouse-2.jpg","width":933,"height":516,"caption":"HOTELHOUSE.cz"},"image":{"@id":"https:\/\/hotelhouse.cz\/#\/schema\/logo\/image\/"},"sameAs":["https:\/\/www.instagram.com\/hotelhousecz\/"]},{"@type":"Person","@id":"https:\/\/hotelhouse.cz\/#\/schema\/person\/fa8caee3f0a9c6134afed3c541204812","name":"Van\u011bk Miroslav","image":{"@type":"ImageObject","inLanguage":"cs","@id":"https:\/\/hotelhouse.cz\/#\/schema\/person\/image\/","url":"https:\/\/secure.gravatar.com\/avatar\/cc93dbecbfc820d69a964ea4a1c72377?s=96&d=mm&r=g","contentUrl":"https:\/\/secure.gravatar.com\/avatar\/cc93dbecbfc820d69a964ea4a1c72377?s=96&d=mm&r=g","caption":"Van\u011bk Miroslav"},"sameAs":["http:\/\/www.hotelhouse.cz"],"url":"https:\/\/hotelhouse.cz\/index.php\/author\/mirvan\/"}]}},"_links":{"self":[{"href":"https:\/\/hotelhouse.cz\/index.php\/wp-json\/wp\/v2\/posts\/8060"}],"collection":[{"href":"https:\/\/hotelhouse.cz\/index.php\/wp-json\/wp\/v2\/posts"}],"about":[{"href":"https:\/\/hotelhouse.cz\/index.php\/wp-json\/wp\/v2\/types\/post"}],"author":[{"embeddable":true,"href":"https:\/\/hotelhouse.cz\/index.php\/wp-json\/wp\/v2\/users\/3"}],"replies":[{"embeddable":true,"href":"https:\/\/hotelhouse.cz\/index.php\/wp-json\/wp\/v2\/comments?post=8060"}],"version-history":[{"count":1,"href":"https:\/\/hotelhouse.cz\/index.php\/wp-json\/wp\/v2\/posts\/8060\/revisions"}],"predecessor-version":[{"id":8062,"href":"https:\/\/hotelhouse.cz\/index.php\/wp-json\/wp\/v2\/posts\/8060\/revisions\/8062"}],"wp:featuredmedia":[{"embeddable":true,"href":"https:\/\/hotelhouse.cz\/index.php\/wp-json\/wp\/v2\/media\/8061"}],"wp:attachment":[{"href":"https:\/\/hotelhouse.cz\/index.php\/wp-json\/wp\/v2\/media?parent=8060"}],"wp:term":[{"taxonomy":"category","embeddable":true,"href":"https:\/\/hotelhouse.cz\/index.php\/wp-json\/wp\/v2\/categories?post=8060"},{"taxonomy":"post_tag","embeddable":true,"href":"https:\/\/hotelhouse.cz\/index.php\/wp-json\/wp\/v2\/tags?post=8060"}],"curies":[{"name":"wp","href":"https:\/\/api.w.org\/{rel}","templated":true}]}}