{"id":8087,"date":"2025-08-22T00:01:00","date_gmt":"2025-08-21T22:01:00","guid":{"rendered":"https:\/\/hotelhouse.cz\/?p=8087"},"modified":"2025-08-07T01:57:55","modified_gmt":"2025-08-06T23:57:55","slug":"mama-shelter-otevira-svuj-prvni-hotel-ve-svycarsku","status":"publish","type":"post","link":"https:\/\/hotelhouse.cz\/index.php\/2025\/08\/22\/mama-shelter-otevira-svuj-prvni-hotel-ve-svycarsku\/","title":{"rendered":"Mama Shelter otev\u00edr\u00e1 sv\u016fj prvn\u00ed hotel ve \u0160v\u00fdcarsku"},"content":{"rendered":"\n<div style=\"height:35px\" aria-hidden=\"true\" class=\"wp-block-spacer\"><\/div>\n\n\n\n<p class=\"has-medium-font-size\"><strong>Francouzsk\u00fd \u0159et\u011bzec designov\u00fdch hotel\u016f Mama Shelter p\u0159ich\u00e1z\u00ed poprv\u00e9 do \u0160v\u00fdcarska a 31. \u010dervence otev\u00edr\u00e1 svou 19. pobo\u010dku v \u017eiv\u00e9 \u010dtvrti Oerlikon v Curychu. Hotel nab\u00edz\u00ed jedine\u010dn\u00fd z\u00e1\u017eitek v duchu modern\u00edho m\u011bstsk\u00e9ho \u017eivotn\u00edho stylu, kter\u00fd oslov\u00ed jak cestovatele, tak m\u00edstn\u00ed obyvatele.<\/strong><\/p>\n\n\n\n<div style=\"height:35px\" aria-hidden=\"true\" class=\"wp-block-spacer\"><\/div>\n\n\n<div class=\"wp-block-image\">\n<figure class=\"aligncenter size-full\"><img decoding=\"async\" loading=\"lazy\" width=\"995\" height=\"664\" src=\"https:\/\/hotelhouse.cz\/wp-content\/uploads\/2025\/07\/MS_Zurich_Room_19903_FA.jpg\" alt=\"Mama Shelter otev\u00edr\u00e1 sv\u016fj prvn\u00ed hotel ve \u0160v\u00fdcarsku\" class=\"wp-image-8091\" srcset=\"https:\/\/hotelhouse.cz\/wp-content\/uploads\/2025\/07\/MS_Zurich_Room_19903_FA.jpg 995w, https:\/\/hotelhouse.cz\/wp-content\/uploads\/2025\/07\/MS_Zurich_Room_19903_FA-300x200.jpg 300w, https:\/\/hotelhouse.cz\/wp-content\/uploads\/2025\/07\/MS_Zurich_Room_19903_FA-768x513.jpg 768w\" sizes=\"(max-width: 995px) 100vw, 995px\" \/><\/figure><\/div>\n\n\n<div style=\"height:35px\" aria-hidden=\"true\" class=\"wp-block-spacer\"><\/div>\n\n\n\n<p class=\"has-medium-font-size\">Hotel Mama Shelter Zurich nab\u00edz\u00ed 178 pokoj\u016f, stylovou restauraci, zelenou st\u0159e\u0161n\u00ed terasu s v\u00fdhledem na m\u011bsto, bar, banketov\u00fd s\u00e1l, konferen\u010dn\u00ed a eventov\u00e9 prostory, coworkingov\u00e9 z\u00f3ny, z\u00e1bavn\u00ed \u010d\u00e1st s ping-pongem, pinballem, p\u00e9tanque a pln\u011b vybavenou posilovnu. <\/p>\n\n\n\n<p class=\"has-medium-font-size\">Nach\u00e1z\u00ed se jen p\u00e1r krok\u016f od n\u00e1dra\u017e\u00ed Oerlikon, v \u017eiv\u00e9 \u010dtvrti zn\u00e1m\u00e9 sv\u00fdmi koncertn\u00edmi s\u00e1ly, inova\u010dn\u00edmi centry, startupy a v\u00fdraznou m\u011bstskou architekturou. Design interi\u00e9ru, inspirovan\u00fd \u0161v\u00fdcarskou kulturou a brutalismem, si pohr\u00e1v\u00e1 s geometrick\u00fdmi tvary Le Corbusiera a atmosf\u00e9rou p\u0159ilehl\u00fdch Alp \u2013 to v\u0161e s typick\u00fdm hrav\u00fdm a osobit\u00fdm rukopisem Mama Shelteru. V\u00fdsledkem je kosmopolitn\u00ed a \u017eiv\u00fd prostor, kter\u00fd p\u0159esn\u011b odr\u00e1\u017e\u00ed ducha sou\u010dasn\u00e9ho Curychu.<\/p>\n\n\n\n<div style=\"height:35px\" aria-hidden=\"true\" class=\"wp-block-spacer\"><\/div>\n\n\n<div class=\"wp-block-image\">\n<figure class=\"aligncenter size-large\"><img decoding=\"async\" loading=\"lazy\" width=\"1024\" height=\"683\" src=\"https:\/\/hotelhouse.cz\/wp-content\/uploads\/2025\/07\/MS_Zurich_Room_19828_FA-1024x683.jpg\" alt=\"Mama Shelter otev\u00edr\u00e1 sv\u016fj prvn\u00ed hotel ve \u0160v\u00fdcarsku\" class=\"wp-image-8090\" srcset=\"https:\/\/hotelhouse.cz\/wp-content\/uploads\/2025\/07\/MS_Zurich_Room_19828_FA-1024x683.jpg 1024w, https:\/\/hotelhouse.cz\/wp-content\/uploads\/2025\/07\/MS_Zurich_Room_19828_FA-300x200.jpg 300w, https:\/\/hotelhouse.cz\/wp-content\/uploads\/2025\/07\/MS_Zurich_Room_19828_FA-768x512.jpg 768w, https:\/\/hotelhouse.cz\/wp-content\/uploads\/2025\/07\/MS_Zurich_Room_19828_FA.jpg 1053w\" sizes=\"(max-width: 1024px) 100vw, 1024px\" \/><\/figure><\/div>\n\n\n<div style=\"height:35px\" aria-hidden=\"true\" class=\"wp-block-spacer\"><\/div>\n\n\n\n<p class=\"has-medium-font-size\">\u201e<em>Curych, to nen\u00ed jen m\u011bsto bank, pr\u00e1v\u011b d\u00edky sv\u00e9 architektu\u0159e, jezeru, p\u0159\u00edrod\u011b a skv\u011bl\u00e9 gastronomii je p\u0159irozenou destinac\u00ed pro Mama Shelter. Jsme hrd\u00ed, \u017ee v tomto m\u011bst\u011b p\u0159eb\u00edr\u00e1me jeden z jeho ikonick\u00fdch hotel\u016f a kompletn\u011b jej p\u0159etv\u00e1\u0159\u00edme podle na\u0161eho konceptu \u2013 jako\u017eto devaten\u00e1ct\u00fd p\u0159\u00edr\u016fstek do na\u0161\u00ed rostouc\u00ed rodiny,\u201c <\/em>\u0159\u00edk\u00e1 <strong>Serge Trigano, jeden ze zakladatel\u016f Mama Shelter.<\/strong><\/p>\n\n\n\n<div style=\"height:35px\" aria-hidden=\"true\" class=\"wp-block-spacer\"><\/div>\n\n\n\n<p class=\"has-medium-font-size\">V\u00edce informac\u00ed najdete na <a href=\"http:\/\/www.mamashelter.com\/\"> <\/a><a href=\"https:\/\/mamashelter.com\/zurich\/\"><u>https:\/\/mamashelter.com\/zurich\/<\/u><\/a><\/p>\n\n\n\n<div style=\"height:100px\" aria-hidden=\"true\" class=\"wp-block-spacer\"><\/div>\n\n\n\n<figure class=\"wp-block-gallery has-nested-images columns-2 is-cropped wp-block-gallery-1 is-layout-flex wp-block-gallery-is-layout-flex\">\n<figure class=\"wp-block-image size-full\"><img decoding=\"async\" loading=\"lazy\" width=\"480\" height=\"270\" data-id=\"8095\" src=\"https:\/\/hotelhouse.cz\/wp-content\/uploads\/2025\/07\/MS_Zurich_Restaurant-6-1.jpg\" alt=\"\" class=\"wp-image-8095\" srcset=\"https:\/\/hotelhouse.cz\/wp-content\/uploads\/2025\/07\/MS_Zurich_Restaurant-6-1.jpg 480w, https:\/\/hotelhouse.cz\/wp-content\/uploads\/2025\/07\/MS_Zurich_Restaurant-6-1-300x169.jpg 300w\" sizes=\"(max-width: 480px) 100vw, 480px\" \/><\/figure>\n\n\n\n<figure class=\"wp-block-image size-large\"><img decoding=\"async\" loading=\"lazy\" width=\"1024\" height=\"683\" data-id=\"8090\" src=\"https:\/\/hotelhouse.cz\/wp-content\/uploads\/2025\/07\/MS_Zurich_Room_19828_FA-1024x683.jpg\" alt=\"Mama Shelter otev\u00edr\u00e1 sv\u016fj prvn\u00ed hotel ve \u0160v\u00fdcarsku\" class=\"wp-image-8090\" srcset=\"https:\/\/hotelhouse.cz\/wp-content\/uploads\/2025\/07\/MS_Zurich_Room_19828_FA-1024x683.jpg 1024w, https:\/\/hotelhouse.cz\/wp-content\/uploads\/2025\/07\/MS_Zurich_Room_19828_FA-300x200.jpg 300w, https:\/\/hotelhouse.cz\/wp-content\/uploads\/2025\/07\/MS_Zurich_Room_19828_FA-768x512.jpg 768w, https:\/\/hotelhouse.cz\/wp-content\/uploads\/2025\/07\/MS_Zurich_Room_19828_FA.jpg 1053w\" sizes=\"(max-width: 1024px) 100vw, 1024px\" \/><\/figure>\n\n\n\n<figure class=\"wp-block-image size-large\"><img decoding=\"async\" loading=\"lazy\" width=\"995\" height=\"664\" data-id=\"8091\" src=\"https:\/\/hotelhouse.cz\/wp-content\/uploads\/2025\/07\/MS_Zurich_Room_19903_FA.jpg\" alt=\"Mama Shelter otev\u00edr\u00e1 sv\u016fj prvn\u00ed hotel ve \u0160v\u00fdcarsku\" class=\"wp-image-8091\" srcset=\"https:\/\/hotelhouse.cz\/wp-content\/uploads\/2025\/07\/MS_Zurich_Room_19903_FA.jpg 995w, https:\/\/hotelhouse.cz\/wp-content\/uploads\/2025\/07\/MS_Zurich_Room_19903_FA-300x200.jpg 300w, https:\/\/hotelhouse.cz\/wp-content\/uploads\/2025\/07\/MS_Zurich_Room_19903_FA-768x513.jpg 768w\" sizes=\"(max-width: 995px) 100vw, 995px\" \/><\/figure>\n<\/figure>\n\n\n\n<div style=\"height:35px\" aria-hidden=\"true\" class=\"wp-block-spacer\"><\/div>\n\n\n\n<p class=\"has-medium-font-size\"><strong>Zdroj foto: <\/strong>Mama Shelter<\/p>\n\n\n\n<div style=\"height:65px\" aria-hidden=\"true\" class=\"wp-block-spacer\"><\/div>\n","protected":false},"excerpt":{"rendered":"<p>Francouzsk\u00fd \u0159et\u011bzec designov\u00fdch hotel\u016f Mama Shelter p\u0159ich\u00e1z\u00ed poprv\u00e9 do \u0160v\u00fdcarska a 31. \u010dervence otev\u00edr\u00e1 svou 19. pobo\u010dku v \u017eiv\u00e9 \u010dtvrti Oerlikon v Curychu. Hotel nab\u00edz\u00ed jedine\u010dn\u00fd z\u00e1\u017eitek v duchu modern\u00edho m\u011bstsk\u00e9ho \u017eivotn\u00edho stylu, kter\u00fd&#46;&#46;&#46;<\/p>\n","protected":false},"author":10,"featured_media":8095,"comment_status":"closed","ping_status":"closed","sticky":false,"template":"","format":"standard","meta":{"_monsterinsights_skip_tracking":false,"_monsterinsights_sitenote_active":false,"_monsterinsights_sitenote_note":"","_monsterinsights_sitenote_category":0,"footnotes":""},"categories":[4,2,23],"tags":[],"yoast_head":"<!-- This site is optimized with the Yoast SEO plugin v21.5 - https:\/\/yoast.com\/wordpress\/plugins\/seo\/ -->\n<title>Mama Shelter otev\u00edr\u00e1 sv\u016fj prvn\u00ed hotel ve \u0160v\u00fdcarsku - HOTELHOUSE.cz<\/title>\n<meta name=\"description\" content=\"Francouzsk\u00fd \u0159et\u011bzec designov\u00fdch hotel\u016f Mama Shelter p\u0159ich\u00e1z\u00ed poprv\u00e9 do \u0160v\u00fdcarska a 31. \u010dervence otev\u00edr\u00e1 svou 19. pobo\u010dku.\" \/>\n<meta name=\"robots\" content=\"index, follow, max-snippet:-1, max-image-preview:large, max-video-preview:-1\" \/>\n<link rel=\"canonical\" href=\"https:\/\/hotelhouse.cz\/index.php\/2025\/08\/22\/mama-shelter-otevira-svuj-prvni-hotel-ve-svycarsku\/\" \/>\n<meta property=\"og:locale\" content=\"cs_CZ\" \/>\n<meta property=\"og:type\" content=\"article\" \/>\n<meta property=\"og:title\" content=\"Mama Shelter otev\u00edr\u00e1 sv\u016fj prvn\u00ed hotel ve \u0160v\u00fdcarsku - HOTELHOUSE.cz\" \/>\n<meta property=\"og:description\" content=\"Francouzsk\u00fd \u0159et\u011bzec designov\u00fdch hotel\u016f Mama Shelter p\u0159ich\u00e1z\u00ed poprv\u00e9 do \u0160v\u00fdcarska a 31. \u010dervence otev\u00edr\u00e1 svou 19. pobo\u010dku.\" \/>\n<meta property=\"og:url\" content=\"https:\/\/hotelhouse.cz\/index.php\/2025\/08\/22\/mama-shelter-otevira-svuj-prvni-hotel-ve-svycarsku\/\" \/>\n<meta property=\"og:site_name\" content=\"HOTELHOUSE.cz\" \/>\n<meta property=\"article:published_time\" content=\"2025-08-21T22:01:00+00:00\" \/>\n<meta property=\"article:modified_time\" content=\"2025-08-06T23:57:55+00:00\" \/>\n<meta property=\"og:image\" content=\"https:\/\/hotelhouse.cz\/wp-content\/uploads\/2025\/07\/MS_Zurich_Restaurant-6-1.jpg\" \/>\n\t<meta property=\"og:image:width\" content=\"480\" \/>\n\t<meta property=\"og:image:height\" content=\"270\" \/>\n\t<meta property=\"og:image:type\" content=\"image\/jpeg\" \/>\n<meta name=\"author\" content=\"Helen Guardian\" \/>\n<meta name=\"twitter:card\" content=\"summary_large_image\" \/>\n<meta name=\"twitter:label1\" content=\"Napsal(a)\" \/>\n\t<meta name=\"twitter:data1\" content=\"Helen Guardian\" \/>\n\t<meta name=\"twitter:label2\" content=\"Odhadovan\u00e1 doba \u010dten\u00ed\" \/>\n\t<meta name=\"twitter:data2\" content=\"3 minuty\" \/>\n<script type=\"application\/ld+json\" class=\"yoast-schema-graph\">{\"@context\":\"https:\/\/schema.org\",\"@graph\":[{\"@type\":\"Article\",\"@id\":\"https:\/\/hotelhouse.cz\/index.php\/2025\/08\/22\/mama-shelter-otevira-svuj-prvni-hotel-ve-svycarsku\/#article\",\"isPartOf\":{\"@id\":\"https:\/\/hotelhouse.cz\/index.php\/2025\/08\/22\/mama-shelter-otevira-svuj-prvni-hotel-ve-svycarsku\/\"},\"author\":{\"name\":\"Helen Guardian\",\"@id\":\"https:\/\/hotelhouse.cz\/#\/schema\/person\/d632b16c6b63077400f5e36aa5488072\"},\"headline\":\"Mama Shelter otev\u00edr\u00e1 sv\u016fj prvn\u00ed hotel ve \u0160v\u00fdcarsku\",\"datePublished\":\"2025-08-21T22:01:00+00:00\",\"dateModified\":\"2025-08-06T23:57:55+00:00\",\"mainEntityOfPage\":{\"@id\":\"https:\/\/hotelhouse.cz\/index.php\/2025\/08\/22\/mama-shelter-otevira-svuj-prvni-hotel-ve-svycarsku\/\"},\"wordCount\":283,\"publisher\":{\"@id\":\"https:\/\/hotelhouse.cz\/#organization\"},\"articleSection\":[\"HOTELY &amp; PENZIONY\",\"NEWS\",\"TIPY NA CESTOV\u00c1N\u00cd\"],\"inLanguage\":\"cs\"},{\"@type\":\"WebPage\",\"@id\":\"https:\/\/hotelhouse.cz\/index.php\/2025\/08\/22\/mama-shelter-otevira-svuj-prvni-hotel-ve-svycarsku\/\",\"url\":\"https:\/\/hotelhouse.cz\/index.php\/2025\/08\/22\/mama-shelter-otevira-svuj-prvni-hotel-ve-svycarsku\/\",\"name\":\"Mama Shelter otev\u00edr\u00e1 sv\u016fj prvn\u00ed hotel ve \u0160v\u00fdcarsku - HOTELHOUSE.cz\",\"isPartOf\":{\"@id\":\"https:\/\/hotelhouse.cz\/#website\"},\"datePublished\":\"2025-08-21T22:01:00+00:00\",\"dateModified\":\"2025-08-06T23:57:55+00:00\",\"description\":\"Francouzsk\u00fd \u0159et\u011bzec designov\u00fdch hotel\u016f Mama Shelter p\u0159ich\u00e1z\u00ed poprv\u00e9 do \u0160v\u00fdcarska a 31. \u010dervence otev\u00edr\u00e1 svou 19. pobo\u010dku.\",\"breadcrumb\":{\"@id\":\"https:\/\/hotelhouse.cz\/index.php\/2025\/08\/22\/mama-shelter-otevira-svuj-prvni-hotel-ve-svycarsku\/#breadcrumb\"},\"inLanguage\":\"cs\",\"potentialAction\":[{\"@type\":\"ReadAction\",\"target\":[\"https:\/\/hotelhouse.cz\/index.php\/2025\/08\/22\/mama-shelter-otevira-svuj-prvni-hotel-ve-svycarsku\/\"]}]},{\"@type\":\"BreadcrumbList\",\"@id\":\"https:\/\/hotelhouse.cz\/index.php\/2025\/08\/22\/mama-shelter-otevira-svuj-prvni-hotel-ve-svycarsku\/#breadcrumb\",\"itemListElement\":[{\"@type\":\"ListItem\",\"position\":1,\"name\":\"Dom\u016f\",\"item\":\"https:\/\/hotelhouse.cz\/\"},{\"@type\":\"ListItem\",\"position\":2,\"name\":\"Mama Shelter otev\u00edr\u00e1 sv\u016fj prvn\u00ed hotel ve \u0160v\u00fdcarsku\"}]},{\"@type\":\"WebSite\",\"@id\":\"https:\/\/hotelhouse.cz\/#website\",\"url\":\"https:\/\/hotelhouse.cz\/\",\"name\":\"HOTELHOUSE.cz\",\"description\":\"Port\u00e1l o hotelech, pensionech, spa resortech a restaurac\u00edch...\",\"publisher\":{\"@id\":\"https:\/\/hotelhouse.cz\/#organization\"},\"potentialAction\":[{\"@type\":\"SearchAction\",\"target\":{\"@type\":\"EntryPoint\",\"urlTemplate\":\"https:\/\/hotelhouse.cz\/?s={search_term_string}\"},\"query-input\":\"required name=search_term_string\"}],\"inLanguage\":\"cs\"},{\"@type\":\"Organization\",\"@id\":\"https:\/\/hotelhouse.cz\/#organization\",\"name\":\"HOTELHOUSE.cz\",\"url\":\"https:\/\/hotelhouse.cz\/\",\"logo\":{\"@type\":\"ImageObject\",\"inLanguage\":\"cs\",\"@id\":\"https:\/\/hotelhouse.cz\/#\/schema\/logo\/image\/\",\"url\":\"https:\/\/hotelhouse.cz\/wp-content\/uploads\/2024\/12\/cropped-Logo_HotelHouse-2.jpg\",\"contentUrl\":\"https:\/\/hotelhouse.cz\/wp-content\/uploads\/2024\/12\/cropped-Logo_HotelHouse-2.jpg\",\"width\":933,\"height\":516,\"caption\":\"HOTELHOUSE.cz\"},\"image\":{\"@id\":\"https:\/\/hotelhouse.cz\/#\/schema\/logo\/image\/\"},\"sameAs\":[\"https:\/\/www.instagram.com\/hotelhousecz\/\"]},{\"@type\":\"Person\",\"@id\":\"https:\/\/hotelhouse.cz\/#\/schema\/person\/d632b16c6b63077400f5e36aa5488072\",\"name\":\"Helen Guardian\",\"image\":{\"@type\":\"ImageObject\",\"inLanguage\":\"cs\",\"@id\":\"https:\/\/hotelhouse.cz\/#\/schema\/person\/image\/\",\"url\":\"https:\/\/secure.gravatar.com\/avatar\/f62c76287ccbbd3f899549a169c0e6aa?s=96&d=mm&r=g\",\"contentUrl\":\"https:\/\/secure.gravatar.com\/avatar\/f62c76287ccbbd3f899549a169c0e6aa?s=96&d=mm&r=g\",\"caption\":\"Helen Guardian\"},\"sameAs\":[\"http:\/\/HOTELHOUSE.cz\"],\"url\":\"https:\/\/hotelhouse.cz\/index.php\/author\/helgu\/\"}]}<\/script>\n<!-- \/ Yoast SEO plugin. -->","yoast_head_json":{"title":"Mama Shelter otev\u00edr\u00e1 sv\u016fj prvn\u00ed hotel ve \u0160v\u00fdcarsku - HOTELHOUSE.cz","description":"Francouzsk\u00fd \u0159et\u011bzec designov\u00fdch hotel\u016f Mama Shelter p\u0159ich\u00e1z\u00ed poprv\u00e9 do \u0160v\u00fdcarska a 31. \u010dervence otev\u00edr\u00e1 svou 19. pobo\u010dku.","robots":{"index":"index","follow":"follow","max-snippet":"max-snippet:-1","max-image-preview":"max-image-preview:large","max-video-preview":"max-video-preview:-1"},"canonical":"https:\/\/hotelhouse.cz\/index.php\/2025\/08\/22\/mama-shelter-otevira-svuj-prvni-hotel-ve-svycarsku\/","og_locale":"cs_CZ","og_type":"article","og_title":"Mama Shelter otev\u00edr\u00e1 sv\u016fj prvn\u00ed hotel ve \u0160v\u00fdcarsku - HOTELHOUSE.cz","og_description":"Francouzsk\u00fd \u0159et\u011bzec designov\u00fdch hotel\u016f Mama Shelter p\u0159ich\u00e1z\u00ed poprv\u00e9 do \u0160v\u00fdcarska a 31. \u010dervence otev\u00edr\u00e1 svou 19. pobo\u010dku.","og_url":"https:\/\/hotelhouse.cz\/index.php\/2025\/08\/22\/mama-shelter-otevira-svuj-prvni-hotel-ve-svycarsku\/","og_site_name":"HOTELHOUSE.cz","article_published_time":"2025-08-21T22:01:00+00:00","article_modified_time":"2025-08-06T23:57:55+00:00","og_image":[{"width":480,"height":270,"url":"https:\/\/hotelhouse.cz\/wp-content\/uploads\/2025\/07\/MS_Zurich_Restaurant-6-1.jpg","type":"image\/jpeg"}],"author":"Helen Guardian","twitter_card":"summary_large_image","twitter_misc":{"Napsal(a)":"Helen Guardian","Odhadovan\u00e1 doba \u010dten\u00ed":"3 minuty"},"schema":{"@context":"https:\/\/schema.org","@graph":[{"@type":"Article","@id":"https:\/\/hotelhouse.cz\/index.php\/2025\/08\/22\/mama-shelter-otevira-svuj-prvni-hotel-ve-svycarsku\/#article","isPartOf":{"@id":"https:\/\/hotelhouse.cz\/index.php\/2025\/08\/22\/mama-shelter-otevira-svuj-prvni-hotel-ve-svycarsku\/"},"author":{"name":"Helen Guardian","@id":"https:\/\/hotelhouse.cz\/#\/schema\/person\/d632b16c6b63077400f5e36aa5488072"},"headline":"Mama Shelter otev\u00edr\u00e1 sv\u016fj prvn\u00ed hotel ve \u0160v\u00fdcarsku","datePublished":"2025-08-21T22:01:00+00:00","dateModified":"2025-08-06T23:57:55+00:00","mainEntityOfPage":{"@id":"https:\/\/hotelhouse.cz\/index.php\/2025\/08\/22\/mama-shelter-otevira-svuj-prvni-hotel-ve-svycarsku\/"},"wordCount":283,"publisher":{"@id":"https:\/\/hotelhouse.cz\/#organization"},"articleSection":["HOTELY &amp; PENZIONY","NEWS","TIPY NA CESTOV\u00c1N\u00cd"],"inLanguage":"cs"},{"@type":"WebPage","@id":"https:\/\/hotelhouse.cz\/index.php\/2025\/08\/22\/mama-shelter-otevira-svuj-prvni-hotel-ve-svycarsku\/","url":"https:\/\/hotelhouse.cz\/index.php\/2025\/08\/22\/mama-shelter-otevira-svuj-prvni-hotel-ve-svycarsku\/","name":"Mama Shelter otev\u00edr\u00e1 sv\u016fj prvn\u00ed hotel ve \u0160v\u00fdcarsku - HOTELHOUSE.cz","isPartOf":{"@id":"https:\/\/hotelhouse.cz\/#website"},"datePublished":"2025-08-21T22:01:00+00:00","dateModified":"2025-08-06T23:57:55+00:00","description":"Francouzsk\u00fd \u0159et\u011bzec designov\u00fdch hotel\u016f Mama Shelter p\u0159ich\u00e1z\u00ed poprv\u00e9 do \u0160v\u00fdcarska a 31. \u010dervence otev\u00edr\u00e1 svou 19. pobo\u010dku.","breadcrumb":{"@id":"https:\/\/hotelhouse.cz\/index.php\/2025\/08\/22\/mama-shelter-otevira-svuj-prvni-hotel-ve-svycarsku\/#breadcrumb"},"inLanguage":"cs","potentialAction":[{"@type":"ReadAction","target":["https:\/\/hotelhouse.cz\/index.php\/2025\/08\/22\/mama-shelter-otevira-svuj-prvni-hotel-ve-svycarsku\/"]}]},{"@type":"BreadcrumbList","@id":"https:\/\/hotelhouse.cz\/index.php\/2025\/08\/22\/mama-shelter-otevira-svuj-prvni-hotel-ve-svycarsku\/#breadcrumb","itemListElement":[{"@type":"ListItem","position":1,"name":"Dom\u016f","item":"https:\/\/hotelhouse.cz\/"},{"@type":"ListItem","position":2,"name":"Mama Shelter otev\u00edr\u00e1 sv\u016fj prvn\u00ed hotel ve \u0160v\u00fdcarsku"}]},{"@type":"WebSite","@id":"https:\/\/hotelhouse.cz\/#website","url":"https:\/\/hotelhouse.cz\/","name":"HOTELHOUSE.cz","description":"Port\u00e1l o hotelech, pensionech, spa resortech a restaurac\u00edch...","publisher":{"@id":"https:\/\/hotelhouse.cz\/#organization"},"potentialAction":[{"@type":"SearchAction","target":{"@type":"EntryPoint","urlTemplate":"https:\/\/hotelhouse.cz\/?s={search_term_string}"},"query-input":"required name=search_term_string"}],"inLanguage":"cs"},{"@type":"Organization","@id":"https:\/\/hotelhouse.cz\/#organization","name":"HOTELHOUSE.cz","url":"https:\/\/hotelhouse.cz\/","logo":{"@type":"ImageObject","inLanguage":"cs","@id":"https:\/\/hotelhouse.cz\/#\/schema\/logo\/image\/","url":"https:\/\/hotelhouse.cz\/wp-content\/uploads\/2024\/12\/cropped-Logo_HotelHouse-2.jpg","contentUrl":"https:\/\/hotelhouse.cz\/wp-content\/uploads\/2024\/12\/cropped-Logo_HotelHouse-2.jpg","width":933,"height":516,"caption":"HOTELHOUSE.cz"},"image":{"@id":"https:\/\/hotelhouse.cz\/#\/schema\/logo\/image\/"},"sameAs":["https:\/\/www.instagram.com\/hotelhousecz\/"]},{"@type":"Person","@id":"https:\/\/hotelhouse.cz\/#\/schema\/person\/d632b16c6b63077400f5e36aa5488072","name":"Helen Guardian","image":{"@type":"ImageObject","inLanguage":"cs","@id":"https:\/\/hotelhouse.cz\/#\/schema\/person\/image\/","url":"https:\/\/secure.gravatar.com\/avatar\/f62c76287ccbbd3f899549a169c0e6aa?s=96&d=mm&r=g","contentUrl":"https:\/\/secure.gravatar.com\/avatar\/f62c76287ccbbd3f899549a169c0e6aa?s=96&d=mm&r=g","caption":"Helen Guardian"},"sameAs":["http:\/\/HOTELHOUSE.cz"],"url":"https:\/\/hotelhouse.cz\/index.php\/author\/helgu\/"}]}},"_links":{"self":[{"href":"https:\/\/hotelhouse.cz\/index.php\/wp-json\/wp\/v2\/posts\/8087"}],"collection":[{"href":"https:\/\/hotelhouse.cz\/index.php\/wp-json\/wp\/v2\/posts"}],"about":[{"href":"https:\/\/hotelhouse.cz\/index.php\/wp-json\/wp\/v2\/types\/post"}],"author":[{"embeddable":true,"href":"https:\/\/hotelhouse.cz\/index.php\/wp-json\/wp\/v2\/users\/10"}],"replies":[{"embeddable":true,"href":"https:\/\/hotelhouse.cz\/index.php\/wp-json\/wp\/v2\/comments?post=8087"}],"version-history":[{"count":6,"href":"https:\/\/hotelhouse.cz\/index.php\/wp-json\/wp\/v2\/posts\/8087\/revisions"}],"predecessor-version":[{"id":8098,"href":"https:\/\/hotelhouse.cz\/index.php\/wp-json\/wp\/v2\/posts\/8087\/revisions\/8098"}],"wp:featuredmedia":[{"embeddable":true,"href":"https:\/\/hotelhouse.cz\/index.php\/wp-json\/wp\/v2\/media\/8095"}],"wp:attachment":[{"href":"https:\/\/hotelhouse.cz\/index.php\/wp-json\/wp\/v2\/media?parent=8087"}],"wp:term":[{"taxonomy":"category","embeddable":true,"href":"https:\/\/hotelhouse.cz\/index.php\/wp-json\/wp\/v2\/categories?post=8087"},{"taxonomy":"post_tag","embeddable":true,"href":"https:\/\/hotelhouse.cz\/index.php\/wp-json\/wp\/v2\/tags?post=8087"}],"curies":[{"name":"wp","href":"https:\/\/api.w.org\/{rel}","templated":true}]}}