{"id":8099,"date":"2025-08-05T00:01:00","date_gmt":"2025-08-04T22:01:00","guid":{"rendered":"https:\/\/hotelhouse.cz\/?p=8099"},"modified":"2025-08-04T04:34:11","modified_gmt":"2025-08-04T02:34:11","slug":"hvezdne-leto-na-grilu-ctvrty-gurmansky-vecer-7-srpna-rozzari-slovansky-dum","status":"publish","type":"post","link":"https:\/\/hotelhouse.cz\/index.php\/2025\/08\/05\/hvezdne-leto-na-grilu-ctvrty-gurmansky-vecer-7-srpna-rozzari-slovansky-dum\/","title":{"rendered":"Hv\u011bzdn\u00e9 l\u00e9to na grilu: \u010ctvrt\u00fd gurm\u00e1nsk\u00fd ve\u010der 7. srpna rozz\u00e1\u0159\u00ed Slovansk\u00fd d\u016fm"},"content":{"rendered":"\n<div style=\"height:44px\" aria-hidden=\"true\" class=\"wp-block-spacer\"><\/div>\n\n\n\n<h3 class=\"wp-block-heading\">Pra\u017esk\u00e9 P\u0159\u00edkopy se op\u011bt prom\u011bn\u00ed v kulin\u00e1\u0159sk\u00e9 centrum l\u00e9ta<\/h3>\n\n\n\n<p class=\"has-medium-font-size\">Praha za\u017e\u00edv\u00e1 dal\u0161\u00ed pokra\u010dov\u00e1n\u00ed obl\u00edben\u00e9 letn\u00ed gurm\u00e1nsk\u00e9 s\u00e9rie <strong>Hv\u011bzdn\u00e9 l\u00e9to na grilu<\/strong>, kter\u00e1 letos vstupuje u\u017e do sv\u00e9ho p\u00e1t\u00e9ho ro\u010dn\u00edku. <\/p>\n\n\n\n<div style=\"height:44px\" aria-hidden=\"true\" class=\"wp-block-spacer\"><\/div>\n\n\n<div class=\"wp-block-image\">\n<figure class=\"aligncenter size-large\"><img decoding=\"async\" src=\"https:\/\/prazskeprikopy.cz\/wp-content\/uploads\/2025\/06\/482347215_1258035069038147_8726743254596330568_n-1024x663.jpg\" alt=\"Hv\u011bzdn\u00e9 l\u00e9to na grilu: \u010ctvrt\u00fd gurm\u00e1nsk\u00fd ve\u010der 7. srpna rozz\u00e1\u0159\u00ed Slovansk\u00fd d\u016fm\" class=\"wp-image-15375\"\/><\/figure><\/div>\n\n\n<div style=\"height:44px\" aria-hidden=\"true\" class=\"wp-block-spacer\"><\/div>\n\n\n\n<h2 class=\"wp-block-heading\">HQ Pippi Grill &amp; chef Mirek Kalina<\/h2>\n\n\n\n<div style=\"height:44px\" aria-hidden=\"true\" class=\"wp-block-spacer\"><\/div>\n\n\n\n<p class=\"has-medium-font-size\">Ve st\u0159edu <strong>7. srpna od 17:00 hodin<\/strong> se zahrada <strong>Slovansk\u00e9ho domu<\/strong> v sam\u00e9m srdci Pra\u017esk\u00fdch P\u0159\u00edkop\u016f prom\u011bn\u00ed v gastronomick\u00fd r\u00e1j, kde se setk\u00e1 \u0161pi\u010dkov\u00e1 kuchyn\u011b, lahodn\u00e1 v\u00edna a \u017eiv\u00e1 hudba. Host\u00e9 se mohou t\u011b\u0161it na mistrovskou show u grilu v pod\u00e1n\u00ed <strong>Mireka Kaliny<\/strong>, \u0161\u00e9fkucha\u0159e z <strong>HQ Pippi Grill<\/strong>, jeho\u017e jm\u00e9no je z\u00e1rukou kulin\u00e1\u0159sk\u00e9ho z\u00e1\u017eitku na nejvy\u0161\u0161\u00ed \u00farovni.<\/p>\n\n\n\n<div style=\"height:44px\" aria-hidden=\"true\" class=\"wp-block-spacer\"><\/div>\n\n\n<div class=\"wp-block-image\">\n<figure class=\"aligncenter size-large\"><img decoding=\"async\" src=\"https:\/\/prazskeprikopy.cz\/wp-content\/uploads\/2025\/06\/Hvezdne-leto-na-grilu-2025-V-1024x430.jpg\" alt=\"Hv\u011bzdn\u00e9 l\u00e9to na grilu: \u010ctvrt\u00fd gurm\u00e1nsk\u00fd ve\u010der 7. srpna rozz\u00e1\u0159\u00ed Slovansk\u00fd d\u016fm\" class=\"wp-image-15378\"\/><\/figure><\/div>\n\n\n<div style=\"height:44px\" aria-hidden=\"true\" class=\"wp-block-spacer\"><\/div>\n\n\n\n<h2 class=\"wp-block-heading\">Nov\u00e9 tv\u00e1\u0159e a osv\u011bd\u010den\u00fd koncept<\/h2>\n\n\n\n<div style=\"height:44px\" aria-hidden=\"true\" class=\"wp-block-spacer\"><\/div>\n\n\n\n<p class=\"has-medium-font-size\">Leto\u0161n\u00ed ro\u010dn\u00edk p\u0159in\u00e1\u0161\u00ed sv\u011b\u017e\u00ed v\u00edtr v podob\u011b nov\u00fdch kucha\u0159sk\u00fdch osobnost\u00ed, kter\u00e9 se st\u0159\u00eddaj\u00ed na jednotliv\u00fdch ve\u010derech. Krom\u011b Mirka Kaliny se ji\u017e p\u0159edstavili i <strong>Marek Fichtner<\/strong> z \u010cerven\u00e9ho Jelena, legenda z Miura Hotelu <strong>Michal G\u00f6th<\/strong>, nebo talentovan\u00fd <strong>Gabriel Bertassa<\/strong> s konceptem <strong>Seafood Bar Rakin<\/strong>. Velk\u00fd z\u00e1jem vzbudila i japonsk\u00e1 grilovac\u00ed show <strong>Marka Hory<\/strong> z nov\u00e9 restaurace <strong>Yamaya<\/strong>. Ka\u017ed\u00fd ve\u010der m\u00e1 vlastn\u00ed t\u00e9ma, jin\u00e9ho kucha\u0159e a pe\u010dliv\u011b vybran\u00fd set \u0161esti exkluzivn\u00edch v\u00edn, kter\u00e9 dokonale lad\u00ed s menu.<\/p>\n\n\n\n<div style=\"height:44px\" aria-hidden=\"true\" class=\"wp-block-spacer\"><\/div>\n\n\n<div class=\"wp-block-image\">\n<figure class=\"aligncenter size-large\"><img decoding=\"async\" src=\"https:\/\/prazskeprikopy.cz\/wp-content\/uploads\/2025\/06\/491333706_1290286119146375_8034660218765853358_n-1024x1024.jpg\" alt=\"Hv\u011bzdn\u00e9 l\u00e9to na grilu: \u010ctvrt\u00fd gurm\u00e1nsk\u00fd ve\u010der 7. srpna rozz\u00e1\u0159\u00ed Slovansk\u00fd d\u016fm\" class=\"wp-image-15373\"\/><\/figure><\/div>\n\n\n<div style=\"height:44px\" aria-hidden=\"true\" class=\"wp-block-spacer\"><\/div>\n\n\n\n<h2 class=\"wp-block-heading\">Atmosf\u00e9ra, kter\u00e1 v\u00e1s vt\u00e1hne<\/h2>\n\n\n\n<div style=\"height:44px\" aria-hidden=\"true\" class=\"wp-block-spacer\"><\/div>\n\n\n\n<p class=\"has-medium-font-size\">Hv\u011bzdn\u00e9 l\u00e9to na grilu nen\u00ed jen o j\u00eddle, ale p\u0159edev\u0161\u00edm o z\u00e1\u017eitku. Stylov\u00e1 zahrada <strong>Advivum Wine Bar &amp; Glass Shop<\/strong> v <strong>Na P\u0159\u00edkop\u011b 22<\/strong> nab\u00edz\u00ed dokonal\u00e9 prost\u0159ed\u00ed pro posezen\u00ed pod \u0161ir\u00fdm nebem, obklopen\u00e9 zelen\u00ed, sv\u011btly a t\u00f3ny \u017eiv\u00e9 hudby. Neform\u00e1ln\u00ed atmosf\u00e9ra, v n\u00ed\u017e se snoub\u00ed v\u016fn\u011b grilu s letn\u00edm ve\u010derem, l\u00e1k\u00e1 k zastaven\u00ed a vychutn\u00e1n\u00ed si ka\u017ed\u00e9ho okam\u017eiku.<\/p>\n\n\n\n<div style=\"height:44px\" aria-hidden=\"true\" class=\"wp-block-spacer\"><\/div>\n\n\n<div class=\"wp-block-image\">\n<figure class=\"aligncenter size-large\"><img decoding=\"async\" src=\"https:\/\/prazskeprikopy.cz\/wp-content\/uploads\/2025\/06\/456305457_18074169742531430_4662994039962296147_n-1024x1024.jpg\" alt=\"Hv\u011bzdn\u00e9 l\u00e9to na grilu: \u010ctvrt\u00fd gurm\u00e1nsk\u00fd ve\u010der 7. srpna rozz\u00e1\u0159\u00ed Slovansk\u00fd d\u016fm\" class=\"wp-image-15371\"\/><\/figure><\/div>\n\n\n<div style=\"height:44px\" aria-hidden=\"true\" class=\"wp-block-spacer\"><\/div>\n\n\n\n<h2 class=\"wp-block-heading\">Exkluzivn\u00ed menu a neomezen\u00e1 v\u00edna<\/h2>\n\n\n\n<div style=\"height:44px\" aria-hidden=\"true\" class=\"wp-block-spacer\"><\/div>\n\n\n\n<p class=\"has-medium-font-size\">Cena vstupenky \u010din\u00ed <strong>990 K\u010d na osobu<\/strong> a zahrnuje nejen gurm\u00e1nsk\u00e9 menu p\u0159ipraven\u00e9 kucha\u0159skou hv\u011bzdou ve\u010dera, ale i <strong>neomezenou konzumaci pe\u010dliv\u011b vybran\u00e9ho v\u00edna<\/strong>. To v\u0161e d\u011bl\u00e1 z t\u00e9to akce jeden z nejatraktivn\u011bj\u0161\u00edch gastronomick\u00fdch z\u00e1\u017eitk\u016f l\u00e9ta v Praze.<\/p>\n\n\n\n<div style=\"height:44px\" aria-hidden=\"true\" class=\"wp-block-spacer\"><\/div>\n\n\n\n<figure class=\"wp-block-gallery has-nested-images columns-default is-cropped wp-block-gallery-1 is-layout-flex wp-block-gallery-is-layout-flex\">\n<figure class=\"wp-block-image size-large\"><img decoding=\"async\" data-id=\"15372\" src=\"https:\/\/prazskeprikopy.cz\/wp-content\/uploads\/2025\/06\/504667829_1287118456547054_408882220361580926_n-820x1024.jpg\" alt=\"Hv\u011bzdn\u00e9 l\u00e9to na grilu: \u010ctvrt\u00fd gurm\u00e1nsk\u00fd ve\u010der 7. srpna rozz\u00e1\u0159\u00ed Slovansk\u00fd d\u016fm\" class=\"wp-image-15372\"\/><\/figure>\n\n\n\n<figure class=\"wp-block-image size-large\"><img decoding=\"async\" data-id=\"15376\" src=\"https:\/\/prazskeprikopy.cz\/wp-content\/uploads\/2025\/06\/503396903_1287118536547046_3781646514404856826_n-768x1024.jpg\" alt=\"Hv\u011bzdn\u00e9 l\u00e9to na grilu: \u010ctvrt\u00fd gurm\u00e1nsk\u00fd ve\u010der 7. srpna rozz\u00e1\u0159\u00ed Slovansk\u00fd d\u016fm\" class=\"wp-image-15376\"\/><\/figure>\n<\/figure>\n\n\n\n<div style=\"height:44px\" aria-hidden=\"true\" class=\"wp-block-spacer\"><\/div>\n\n\n\n<h2 class=\"wp-block-heading\">Kdy a kde si u\u017e\u00edt dal\u0161\u00ed ve\u010dery<\/h2>\n\n\n\n<div style=\"height:44px\" aria-hidden=\"true\" class=\"wp-block-spacer\"><\/div>\n\n\n\n<p class=\"has-medium-font-size\">Po ve\u010deru s Mirkem Kalinou 7. srpna pokra\u010duje s\u00e9rie je\u0161t\u011b <strong>21. srpna<\/strong>, op\u011bt s nov\u00fdm kucha\u0159em, t\u00e9matem a v\u00ednem. Hv\u011bzdn\u00e9 l\u00e9to na grilu tak potrv\u00e1 a\u017e do konce l\u00e9ta, aby nab\u00eddlo Pra\u017ean\u016fm i n\u00e1v\u0161t\u011bvn\u00edk\u016fm metropole p\u0159\u00edle\u017eitost ochutnat to nejlep\u0161\u00ed z \u010desk\u00e9 a sv\u011btov\u00e9 gastronomie.<\/p>\n\n\n\n<div style=\"height:7px\" aria-hidden=\"true\" class=\"wp-block-spacer\"><\/div>\n\n\n\n<p class=\"has-medium-font-size\"><strong>V\u00edce informac\u00ed a rezervace na: <a class=\"\" href=\"https:\/\/gril.advivum.cz\">gril.advivum.cz<\/a><\/strong><\/p>\n\n\n\n<div style=\"height:100px\" aria-hidden=\"true\" class=\"wp-block-spacer\"><\/div>\n\n\n\n<figure class=\"wp-block-gallery has-nested-images columns-2 is-cropped wp-block-gallery-3 is-layout-flex wp-block-gallery-is-layout-flex\">\n<figure class=\"wp-block-image size-large\"><img decoding=\"async\" data-id=\"15375\" src=\"https:\/\/prazskeprikopy.cz\/wp-content\/uploads\/2025\/06\/482347215_1258035069038147_8726743254596330568_n-1024x663.jpg\" alt=\"Hv\u011bzdn\u00e9 l\u00e9to na grilu: \u010ctvrt\u00fd gurm\u00e1nsk\u00fd ve\u010der 7. srpna rozz\u00e1\u0159\u00ed Slovansk\u00fd d\u016fm\" class=\"wp-image-15375\"\/><\/figure>\n\n\n\n<figure class=\"wp-block-image size-large\"><img decoding=\"async\" data-id=\"15377\" src=\"https:\/\/prazskeprikopy.cz\/wp-content\/uploads\/2025\/06\/67472281_1485711971568473_4590790414121828352_n-1024x768.jpg\" alt=\"Hv\u011bzdn\u00e9 l\u00e9to na grilu: \u010ctvrt\u00fd gurm\u00e1nsk\u00fd ve\u010der 7. srpna rozz\u00e1\u0159\u00ed Slovansk\u00fd d\u016fm\" class=\"wp-image-15377\"\/><\/figure>\n\n\n\n<figure class=\"wp-block-image size-large\"><img decoding=\"async\" data-id=\"15374\" src=\"https:\/\/prazskeprikopy.cz\/wp-content\/uploads\/2025\/06\/490498018_1289251422583178_7976405127642558964_n-819x1024.jpg\" alt=\"Hv\u011bzdn\u00e9 l\u00e9to na grilu: \u010ctvrt\u00fd gurm\u00e1nsk\u00fd ve\u010der 7. srpna rozz\u00e1\u0159\u00ed Slovansk\u00fd d\u016fm\" class=\"wp-image-15374\"\/><\/figure>\n\n\n\n<figure class=\"wp-block-image size-large\"><img decoding=\"async\" data-id=\"15373\" src=\"https:\/\/prazskeprikopy.cz\/wp-content\/uploads\/2025\/06\/491333706_1290286119146375_8034660218765853358_n-1024x1024.jpg\" alt=\"Hv\u011bzdn\u00e9 l\u00e9to na grilu: \u010ctvrt\u00fd gurm\u00e1nsk\u00fd ve\u010der 7. srpna rozz\u00e1\u0159\u00ed Slovansk\u00fd d\u016fm\" class=\"wp-image-15373\"\/><\/figure>\n\n\n\n<figure class=\"wp-block-image size-large\"><img decoding=\"async\" data-id=\"15369\" src=\"https:\/\/prazskeprikopy.cz\/wp-content\/uploads\/2025\/06\/467999722_18083778958531430_1530960327929573545_n-1024x1024.jpg\" alt=\"Hv\u011bzdn\u00e9 l\u00e9to na grilu: \u010ctvrt\u00fd gurm\u00e1nsk\u00fd ve\u010der 7. srpna rozz\u00e1\u0159\u00ed Slovansk\u00fd d\u016fm\" class=\"wp-image-15369\"\/><\/figure>\n\n\n\n<figure class=\"wp-block-image size-large\"><img decoding=\"async\" data-id=\"15371\" src=\"https:\/\/prazskeprikopy.cz\/wp-content\/uploads\/2025\/06\/456305457_18074169742531430_4662994039962296147_n-1024x1024.jpg\" alt=\"Hv\u011bzdn\u00e9 l\u00e9to na grilu: \u010ctvrt\u00fd gurm\u00e1nsk\u00fd ve\u010der 7. srpna rozz\u00e1\u0159\u00ed Slovansk\u00fd d\u016fm\" class=\"wp-image-15371\"\/><\/figure>\n\n\n\n<figure class=\"wp-block-image size-large\"><img decoding=\"async\" data-id=\"15378\" src=\"https:\/\/prazskeprikopy.cz\/wp-content\/uploads\/2025\/06\/Hvezdne-leto-na-grilu-2025-V-1024x430.jpg\" alt=\"Hv\u011bzdn\u00e9 l\u00e9to na grilu: \u010ctvrt\u00fd gurm\u00e1nsk\u00fd ve\u010der 7. srpna rozz\u00e1\u0159\u00ed Slovansk\u00fd d\u016fm\" class=\"wp-image-15378\"\/><\/figure>\n\n\n\n<figure class=\"wp-block-image size-large\"><img decoding=\"async\" data-id=\"15367\" src=\"https:\/\/prazskeprikopy.cz\/wp-content\/uploads\/2025\/06\/Hvezdne-leto-na-grilu-2025-2.jpg\" alt=\"Hv\u011bzdn\u00e9 l\u00e9to na grilu: \u010ctvrt\u00fd gurm\u00e1nsk\u00fd ve\u010der 7. srpna rozz\u00e1\u0159\u00ed Slovansk\u00fd d\u016fm\" class=\"wp-image-15367\"\/><\/figure>\n\n\n\n<figure class=\"wp-block-image size-large\"><img decoding=\"async\" data-id=\"15372\" src=\"https:\/\/prazskeprikopy.cz\/wp-content\/uploads\/2025\/06\/504667829_1287118456547054_408882220361580926_n-820x1024.jpg\" alt=\"Hv\u011bzdn\u00e9 l\u00e9to na grilu: \u010ctvrt\u00fd gurm\u00e1nsk\u00fd ve\u010der 7. srpna rozz\u00e1\u0159\u00ed Slovansk\u00fd d\u016fm\" class=\"wp-image-15372\"\/><\/figure>\n\n\n\n<figure class=\"wp-block-image size-large\"><img decoding=\"async\" data-id=\"15376\" src=\"https:\/\/prazskeprikopy.cz\/wp-content\/uploads\/2025\/06\/503396903_1287118536547046_3781646514404856826_n-768x1024.jpg\" alt=\"Hv\u011bzdn\u00e9 l\u00e9to na grilu: \u010ctvrt\u00fd gurm\u00e1nsk\u00fd ve\u010der 7. srpna rozz\u00e1\u0159\u00ed Slovansk\u00fd d\u016fm\" class=\"wp-image-15376\"\/><\/figure>\n\n\n\n<figure class=\"wp-block-image size-large\"><img decoding=\"async\" data-id=\"16016\" src=\"https:\/\/prazskeprikopy.cz\/wp-content\/uploads\/2025\/08\/Advivum_Grilovani_Popup-1024x585.jpg\" alt=\"Hv\u011bzdn\u00e9 l\u00e9to na grilu: \u010ctvrt\u00fd gurm\u00e1nsk\u00fd ve\u010der 7. srpna rozz\u00e1\u0159\u00ed Slovansk\u00fd d\u016fm\" class=\"wp-image-16016\"\/><\/figure>\n<\/figure>\n\n\n\n<div style=\"height:34px\" aria-hidden=\"true\" class=\"wp-block-spacer\"><\/div>\n\n\n\n<p class=\"has-medium-font-size\"><strong>Zdroj foto: <\/strong>ADVIVUM, SLOVANSK\u00dd D\u016eM<\/p>\n\n\n\n<div style=\"height:68px\" aria-hidden=\"true\" class=\"wp-block-spacer\"><\/div>\n","protected":false},"excerpt":{"rendered":"<p>Pra\u017esk\u00e9 P\u0159\u00edkopy se op\u011bt prom\u011bn\u00ed v kulin\u00e1\u0159sk\u00e9 centrum l\u00e9ta Praha za\u017e\u00edv\u00e1 dal\u0161\u00ed pokra\u010dov\u00e1n\u00ed obl\u00edben\u00e9 letn\u00ed gurm\u00e1nsk\u00e9 s\u00e9rie Hv\u011bzdn\u00e9 l\u00e9to na grilu, kter\u00e1 letos vstupuje u\u017e do sv\u00e9ho p\u00e1t\u00e9ho ro\u010dn\u00edku. HQ Pippi Grill &amp; chef&#46;&#46;&#46;<\/p>\n","protected":false},"author":3,"featured_media":8101,"comment_status":"closed","ping_status":"closed","sticky":false,"template":"","format":"standard","meta":{"_monsterinsights_skip_tracking":false,"_monsterinsights_sitenote_active":false,"_monsterinsights_sitenote_note":"","_monsterinsights_sitenote_category":0,"footnotes":""},"categories":[163,26,22,2,154,156,8,28],"tags":[],"yoast_head":"<!-- This site is optimized with the Yoast SEO plugin v21.5 - https:\/\/yoast.com\/wordpress\/plugins\/seo\/ -->\n<title>Hv\u011bzdn\u00e9 l\u00e9to na grilu: \u010ctvrt\u00fd gurm\u00e1nsk\u00fd ve\u010der 7. srpna rozz\u00e1\u0159\u00ed Slovansk\u00fd d\u016fm - HOTELHOUSE.cz<\/title>\n<meta name=\"description\" content=\"Ve st\u0159edu 7. srpna od 17:00 hodin se zahrada Slovansk\u00e9ho domu v sam\u00e9m srdci Pra\u017esk\u00fdch P\u0159\u00edkop\u016f prom\u011bn\u00ed v gastronomick\u00fd r\u00e1j...\" \/>\n<meta name=\"robots\" content=\"index, follow, max-snippet:-1, max-image-preview:large, max-video-preview:-1\" \/>\n<link rel=\"canonical\" href=\"https:\/\/hotelhouse.cz\/index.php\/2025\/08\/05\/hvezdne-leto-na-grilu-ctvrty-gurmansky-vecer-7-srpna-rozzari-slovansky-dum\/\" \/>\n<meta property=\"og:locale\" content=\"cs_CZ\" \/>\n<meta property=\"og:type\" content=\"article\" \/>\n<meta property=\"og:title\" content=\"Hv\u011bzdn\u00e9 l\u00e9to na grilu: \u010ctvrt\u00fd gurm\u00e1nsk\u00fd ve\u010der 7. srpna rozz\u00e1\u0159\u00ed Slovansk\u00fd d\u016fm - HOTELHOUSE.cz\" \/>\n<meta property=\"og:description\" content=\"Ve st\u0159edu 7. srpna od 17:00 hodin se zahrada Slovansk\u00e9ho domu v sam\u00e9m srdci Pra\u017esk\u00fdch P\u0159\u00edkop\u016f prom\u011bn\u00ed v gastronomick\u00fd r\u00e1j...\" \/>\n<meta property=\"og:url\" content=\"https:\/\/hotelhouse.cz\/index.php\/2025\/08\/05\/hvezdne-leto-na-grilu-ctvrty-gurmansky-vecer-7-srpna-rozzari-slovansky-dum\/\" \/>\n<meta property=\"og:site_name\" content=\"HOTELHOUSE.cz\" \/>\n<meta property=\"article:published_time\" content=\"2025-08-04T22:01:00+00:00\" \/>\n<meta property=\"article:modified_time\" content=\"2025-08-04T02:34:11+00:00\" \/>\n<meta property=\"og:image\" content=\"https:\/\/hotelhouse.cz\/wp-content\/uploads\/2025\/08\/Advivum_Grilovani_Popup.jpg\" \/>\n\t<meta property=\"og:image:width\" content=\"1050\" \/>\n\t<meta property=\"og:image:height\" content=\"600\" \/>\n\t<meta property=\"og:image:type\" content=\"image\/jpeg\" \/>\n<meta name=\"author\" content=\"Van\u011bk Miroslav\" \/>\n<meta name=\"twitter:card\" content=\"summary_large_image\" \/>\n<meta name=\"twitter:label1\" content=\"Napsal(a)\" \/>\n\t<meta name=\"twitter:data1\" content=\"Van\u011bk Miroslav\" \/>\n\t<meta name=\"twitter:label2\" content=\"Odhadovan\u00e1 doba \u010dten\u00ed\" \/>\n\t<meta name=\"twitter:data2\" content=\"6 minut\" \/>\n<script type=\"application\/ld+json\" class=\"yoast-schema-graph\">{\"@context\":\"https:\/\/schema.org\",\"@graph\":[{\"@type\":\"Article\",\"@id\":\"https:\/\/hotelhouse.cz\/index.php\/2025\/08\/05\/hvezdne-leto-na-grilu-ctvrty-gurmansky-vecer-7-srpna-rozzari-slovansky-dum\/#article\",\"isPartOf\":{\"@id\":\"https:\/\/hotelhouse.cz\/index.php\/2025\/08\/05\/hvezdne-leto-na-grilu-ctvrty-gurmansky-vecer-7-srpna-rozzari-slovansky-dum\/\"},\"author\":{\"name\":\"Van\u011bk Miroslav\",\"@id\":\"https:\/\/hotelhouse.cz\/#\/schema\/person\/fa8caee3f0a9c6134afed3c541204812\"},\"headline\":\"Hv\u011bzdn\u00e9 l\u00e9to na grilu: \u010ctvrt\u00fd gurm\u00e1nsk\u00fd ve\u010der 7. srpna rozz\u00e1\u0159\u00ed Slovansk\u00fd d\u016fm\",\"datePublished\":\"2025-08-04T22:01:00+00:00\",\"dateModified\":\"2025-08-04T02:34:11+00:00\",\"mainEntityOfPage\":{\"@id\":\"https:\/\/hotelhouse.cz\/index.php\/2025\/08\/05\/hvezdne-leto-na-grilu-ctvrty-gurmansky-vecer-7-srpna-rozzari-slovansky-dum\/\"},\"wordCount\":483,\"publisher\":{\"@id\":\"https:\/\/hotelhouse.cz\/#organization\"},\"articleSection\":[\"GASTRO TIPY\",\"N\u00e1dhern\u00e1M\u00edsta.cz\",\"NaDovolenouDoPrahy.cz\",\"NEWS\",\"PRA\u017dSK\u00c1 METROPOLE\",\"PRA\u017dSK\u00c9 P\u0158\u00cdKOPY\",\"RESTAURACE &amp; BISTRA\",\"TIPY NA J\u00cdDLO\"],\"inLanguage\":\"cs\"},{\"@type\":\"WebPage\",\"@id\":\"https:\/\/hotelhouse.cz\/index.php\/2025\/08\/05\/hvezdne-leto-na-grilu-ctvrty-gurmansky-vecer-7-srpna-rozzari-slovansky-dum\/\",\"url\":\"https:\/\/hotelhouse.cz\/index.php\/2025\/08\/05\/hvezdne-leto-na-grilu-ctvrty-gurmansky-vecer-7-srpna-rozzari-slovansky-dum\/\",\"name\":\"Hv\u011bzdn\u00e9 l\u00e9to na grilu: \u010ctvrt\u00fd gurm\u00e1nsk\u00fd ve\u010der 7. srpna rozz\u00e1\u0159\u00ed Slovansk\u00fd d\u016fm - HOTELHOUSE.cz\",\"isPartOf\":{\"@id\":\"https:\/\/hotelhouse.cz\/#website\"},\"datePublished\":\"2025-08-04T22:01:00+00:00\",\"dateModified\":\"2025-08-04T02:34:11+00:00\",\"description\":\"Ve st\u0159edu 7. srpna od 17:00 hodin se zahrada Slovansk\u00e9ho domu v sam\u00e9m srdci Pra\u017esk\u00fdch P\u0159\u00edkop\u016f prom\u011bn\u00ed v gastronomick\u00fd r\u00e1j...\",\"breadcrumb\":{\"@id\":\"https:\/\/hotelhouse.cz\/index.php\/2025\/08\/05\/hvezdne-leto-na-grilu-ctvrty-gurmansky-vecer-7-srpna-rozzari-slovansky-dum\/#breadcrumb\"},\"inLanguage\":\"cs\",\"potentialAction\":[{\"@type\":\"ReadAction\",\"target\":[\"https:\/\/hotelhouse.cz\/index.php\/2025\/08\/05\/hvezdne-leto-na-grilu-ctvrty-gurmansky-vecer-7-srpna-rozzari-slovansky-dum\/\"]}]},{\"@type\":\"BreadcrumbList\",\"@id\":\"https:\/\/hotelhouse.cz\/index.php\/2025\/08\/05\/hvezdne-leto-na-grilu-ctvrty-gurmansky-vecer-7-srpna-rozzari-slovansky-dum\/#breadcrumb\",\"itemListElement\":[{\"@type\":\"ListItem\",\"position\":1,\"name\":\"Dom\u016f\",\"item\":\"https:\/\/hotelhouse.cz\/\"},{\"@type\":\"ListItem\",\"position\":2,\"name\":\"Hv\u011bzdn\u00e9 l\u00e9to na grilu: \u010ctvrt\u00fd gurm\u00e1nsk\u00fd ve\u010der 7. srpna rozz\u00e1\u0159\u00ed Slovansk\u00fd d\u016fm\"}]},{\"@type\":\"WebSite\",\"@id\":\"https:\/\/hotelhouse.cz\/#website\",\"url\":\"https:\/\/hotelhouse.cz\/\",\"name\":\"HOTELHOUSE.cz\",\"description\":\"Port\u00e1l o hotelech, pensionech, spa resortech a restaurac\u00edch...\",\"publisher\":{\"@id\":\"https:\/\/hotelhouse.cz\/#organization\"},\"potentialAction\":[{\"@type\":\"SearchAction\",\"target\":{\"@type\":\"EntryPoint\",\"urlTemplate\":\"https:\/\/hotelhouse.cz\/?s={search_term_string}\"},\"query-input\":\"required name=search_term_string\"}],\"inLanguage\":\"cs\"},{\"@type\":\"Organization\",\"@id\":\"https:\/\/hotelhouse.cz\/#organization\",\"name\":\"HOTELHOUSE.cz\",\"url\":\"https:\/\/hotelhouse.cz\/\",\"logo\":{\"@type\":\"ImageObject\",\"inLanguage\":\"cs\",\"@id\":\"https:\/\/hotelhouse.cz\/#\/schema\/logo\/image\/\",\"url\":\"https:\/\/hotelhouse.cz\/wp-content\/uploads\/2024\/12\/cropped-Logo_HotelHouse-2.jpg\",\"contentUrl\":\"https:\/\/hotelhouse.cz\/wp-content\/uploads\/2024\/12\/cropped-Logo_HotelHouse-2.jpg\",\"width\":933,\"height\":516,\"caption\":\"HOTELHOUSE.cz\"},\"image\":{\"@id\":\"https:\/\/hotelhouse.cz\/#\/schema\/logo\/image\/\"},\"sameAs\":[\"https:\/\/www.instagram.com\/hotelhousecz\/\"]},{\"@type\":\"Person\",\"@id\":\"https:\/\/hotelhouse.cz\/#\/schema\/person\/fa8caee3f0a9c6134afed3c541204812\",\"name\":\"Van\u011bk Miroslav\",\"image\":{\"@type\":\"ImageObject\",\"inLanguage\":\"cs\",\"@id\":\"https:\/\/hotelhouse.cz\/#\/schema\/person\/image\/\",\"url\":\"https:\/\/secure.gravatar.com\/avatar\/cc93dbecbfc820d69a964ea4a1c72377?s=96&d=mm&r=g\",\"contentUrl\":\"https:\/\/secure.gravatar.com\/avatar\/cc93dbecbfc820d69a964ea4a1c72377?s=96&d=mm&r=g\",\"caption\":\"Van\u011bk Miroslav\"},\"sameAs\":[\"http:\/\/www.hotelhouse.cz\"],\"url\":\"https:\/\/hotelhouse.cz\/index.php\/author\/mirvan\/\"}]}<\/script>\n<!-- \/ Yoast SEO plugin. -->","yoast_head_json":{"title":"Hv\u011bzdn\u00e9 l\u00e9to na grilu: \u010ctvrt\u00fd gurm\u00e1nsk\u00fd ve\u010der 7. srpna rozz\u00e1\u0159\u00ed Slovansk\u00fd d\u016fm - HOTELHOUSE.cz","description":"Ve st\u0159edu 7. srpna od 17:00 hodin se zahrada Slovansk\u00e9ho domu v sam\u00e9m srdci Pra\u017esk\u00fdch P\u0159\u00edkop\u016f prom\u011bn\u00ed v gastronomick\u00fd r\u00e1j...","robots":{"index":"index","follow":"follow","max-snippet":"max-snippet:-1","max-image-preview":"max-image-preview:large","max-video-preview":"max-video-preview:-1"},"canonical":"https:\/\/hotelhouse.cz\/index.php\/2025\/08\/05\/hvezdne-leto-na-grilu-ctvrty-gurmansky-vecer-7-srpna-rozzari-slovansky-dum\/","og_locale":"cs_CZ","og_type":"article","og_title":"Hv\u011bzdn\u00e9 l\u00e9to na grilu: \u010ctvrt\u00fd gurm\u00e1nsk\u00fd ve\u010der 7. srpna rozz\u00e1\u0159\u00ed Slovansk\u00fd d\u016fm - HOTELHOUSE.cz","og_description":"Ve st\u0159edu 7. srpna od 17:00 hodin se zahrada Slovansk\u00e9ho domu v sam\u00e9m srdci Pra\u017esk\u00fdch P\u0159\u00edkop\u016f prom\u011bn\u00ed v gastronomick\u00fd r\u00e1j...","og_url":"https:\/\/hotelhouse.cz\/index.php\/2025\/08\/05\/hvezdne-leto-na-grilu-ctvrty-gurmansky-vecer-7-srpna-rozzari-slovansky-dum\/","og_site_name":"HOTELHOUSE.cz","article_published_time":"2025-08-04T22:01:00+00:00","article_modified_time":"2025-08-04T02:34:11+00:00","og_image":[{"width":1050,"height":600,"url":"https:\/\/hotelhouse.cz\/wp-content\/uploads\/2025\/08\/Advivum_Grilovani_Popup.jpg","type":"image\/jpeg"}],"author":"Van\u011bk Miroslav","twitter_card":"summary_large_image","twitter_misc":{"Napsal(a)":"Van\u011bk Miroslav","Odhadovan\u00e1 doba \u010dten\u00ed":"6 minut"},"schema":{"@context":"https:\/\/schema.org","@graph":[{"@type":"Article","@id":"https:\/\/hotelhouse.cz\/index.php\/2025\/08\/05\/hvezdne-leto-na-grilu-ctvrty-gurmansky-vecer-7-srpna-rozzari-slovansky-dum\/#article","isPartOf":{"@id":"https:\/\/hotelhouse.cz\/index.php\/2025\/08\/05\/hvezdne-leto-na-grilu-ctvrty-gurmansky-vecer-7-srpna-rozzari-slovansky-dum\/"},"author":{"name":"Van\u011bk Miroslav","@id":"https:\/\/hotelhouse.cz\/#\/schema\/person\/fa8caee3f0a9c6134afed3c541204812"},"headline":"Hv\u011bzdn\u00e9 l\u00e9to na grilu: \u010ctvrt\u00fd gurm\u00e1nsk\u00fd ve\u010der 7. srpna rozz\u00e1\u0159\u00ed Slovansk\u00fd d\u016fm","datePublished":"2025-08-04T22:01:00+00:00","dateModified":"2025-08-04T02:34:11+00:00","mainEntityOfPage":{"@id":"https:\/\/hotelhouse.cz\/index.php\/2025\/08\/05\/hvezdne-leto-na-grilu-ctvrty-gurmansky-vecer-7-srpna-rozzari-slovansky-dum\/"},"wordCount":483,"publisher":{"@id":"https:\/\/hotelhouse.cz\/#organization"},"articleSection":["GASTRO TIPY","N\u00e1dhern\u00e1M\u00edsta.cz","NaDovolenouDoPrahy.cz","NEWS","PRA\u017dSK\u00c1 METROPOLE","PRA\u017dSK\u00c9 P\u0158\u00cdKOPY","RESTAURACE &amp; BISTRA","TIPY NA J\u00cdDLO"],"inLanguage":"cs"},{"@type":"WebPage","@id":"https:\/\/hotelhouse.cz\/index.php\/2025\/08\/05\/hvezdne-leto-na-grilu-ctvrty-gurmansky-vecer-7-srpna-rozzari-slovansky-dum\/","url":"https:\/\/hotelhouse.cz\/index.php\/2025\/08\/05\/hvezdne-leto-na-grilu-ctvrty-gurmansky-vecer-7-srpna-rozzari-slovansky-dum\/","name":"Hv\u011bzdn\u00e9 l\u00e9to na grilu: \u010ctvrt\u00fd gurm\u00e1nsk\u00fd ve\u010der 7. srpna rozz\u00e1\u0159\u00ed Slovansk\u00fd d\u016fm - HOTELHOUSE.cz","isPartOf":{"@id":"https:\/\/hotelhouse.cz\/#website"},"datePublished":"2025-08-04T22:01:00+00:00","dateModified":"2025-08-04T02:34:11+00:00","description":"Ve st\u0159edu 7. srpna od 17:00 hodin se zahrada Slovansk\u00e9ho domu v sam\u00e9m srdci Pra\u017esk\u00fdch P\u0159\u00edkop\u016f prom\u011bn\u00ed v gastronomick\u00fd r\u00e1j...","breadcrumb":{"@id":"https:\/\/hotelhouse.cz\/index.php\/2025\/08\/05\/hvezdne-leto-na-grilu-ctvrty-gurmansky-vecer-7-srpna-rozzari-slovansky-dum\/#breadcrumb"},"inLanguage":"cs","potentialAction":[{"@type":"ReadAction","target":["https:\/\/hotelhouse.cz\/index.php\/2025\/08\/05\/hvezdne-leto-na-grilu-ctvrty-gurmansky-vecer-7-srpna-rozzari-slovansky-dum\/"]}]},{"@type":"BreadcrumbList","@id":"https:\/\/hotelhouse.cz\/index.php\/2025\/08\/05\/hvezdne-leto-na-grilu-ctvrty-gurmansky-vecer-7-srpna-rozzari-slovansky-dum\/#breadcrumb","itemListElement":[{"@type":"ListItem","position":1,"name":"Dom\u016f","item":"https:\/\/hotelhouse.cz\/"},{"@type":"ListItem","position":2,"name":"Hv\u011bzdn\u00e9 l\u00e9to na grilu: \u010ctvrt\u00fd gurm\u00e1nsk\u00fd ve\u010der 7. srpna rozz\u00e1\u0159\u00ed Slovansk\u00fd d\u016fm"}]},{"@type":"WebSite","@id":"https:\/\/hotelhouse.cz\/#website","url":"https:\/\/hotelhouse.cz\/","name":"HOTELHOUSE.cz","description":"Port\u00e1l o hotelech, pensionech, spa resortech a restaurac\u00edch...","publisher":{"@id":"https:\/\/hotelhouse.cz\/#organization"},"potentialAction":[{"@type":"SearchAction","target":{"@type":"EntryPoint","urlTemplate":"https:\/\/hotelhouse.cz\/?s={search_term_string}"},"query-input":"required name=search_term_string"}],"inLanguage":"cs"},{"@type":"Organization","@id":"https:\/\/hotelhouse.cz\/#organization","name":"HOTELHOUSE.cz","url":"https:\/\/hotelhouse.cz\/","logo":{"@type":"ImageObject","inLanguage":"cs","@id":"https:\/\/hotelhouse.cz\/#\/schema\/logo\/image\/","url":"https:\/\/hotelhouse.cz\/wp-content\/uploads\/2024\/12\/cropped-Logo_HotelHouse-2.jpg","contentUrl":"https:\/\/hotelhouse.cz\/wp-content\/uploads\/2024\/12\/cropped-Logo_HotelHouse-2.jpg","width":933,"height":516,"caption":"HOTELHOUSE.cz"},"image":{"@id":"https:\/\/hotelhouse.cz\/#\/schema\/logo\/image\/"},"sameAs":["https:\/\/www.instagram.com\/hotelhousecz\/"]},{"@type":"Person","@id":"https:\/\/hotelhouse.cz\/#\/schema\/person\/fa8caee3f0a9c6134afed3c541204812","name":"Van\u011bk Miroslav","image":{"@type":"ImageObject","inLanguage":"cs","@id":"https:\/\/hotelhouse.cz\/#\/schema\/person\/image\/","url":"https:\/\/secure.gravatar.com\/avatar\/cc93dbecbfc820d69a964ea4a1c72377?s=96&d=mm&r=g","contentUrl":"https:\/\/secure.gravatar.com\/avatar\/cc93dbecbfc820d69a964ea4a1c72377?s=96&d=mm&r=g","caption":"Van\u011bk Miroslav"},"sameAs":["http:\/\/www.hotelhouse.cz"],"url":"https:\/\/hotelhouse.cz\/index.php\/author\/mirvan\/"}]}},"_links":{"self":[{"href":"https:\/\/hotelhouse.cz\/index.php\/wp-json\/wp\/v2\/posts\/8099"}],"collection":[{"href":"https:\/\/hotelhouse.cz\/index.php\/wp-json\/wp\/v2\/posts"}],"about":[{"href":"https:\/\/hotelhouse.cz\/index.php\/wp-json\/wp\/v2\/types\/post"}],"author":[{"embeddable":true,"href":"https:\/\/hotelhouse.cz\/index.php\/wp-json\/wp\/v2\/users\/3"}],"replies":[{"embeddable":true,"href":"https:\/\/hotelhouse.cz\/index.php\/wp-json\/wp\/v2\/comments?post=8099"}],"version-history":[{"count":1,"href":"https:\/\/hotelhouse.cz\/index.php\/wp-json\/wp\/v2\/posts\/8099\/revisions"}],"predecessor-version":[{"id":8100,"href":"https:\/\/hotelhouse.cz\/index.php\/wp-json\/wp\/v2\/posts\/8099\/revisions\/8100"}],"wp:featuredmedia":[{"embeddable":true,"href":"https:\/\/hotelhouse.cz\/index.php\/wp-json\/wp\/v2\/media\/8101"}],"wp:attachment":[{"href":"https:\/\/hotelhouse.cz\/index.php\/wp-json\/wp\/v2\/media?parent=8099"}],"wp:term":[{"taxonomy":"category","embeddable":true,"href":"https:\/\/hotelhouse.cz\/index.php\/wp-json\/wp\/v2\/categories?post=8099"},{"taxonomy":"post_tag","embeddable":true,"href":"https:\/\/hotelhouse.cz\/index.php\/wp-json\/wp\/v2\/tags?post=8099"}],"curies":[{"name":"wp","href":"https:\/\/api.w.org\/{rel}","templated":true}]}}