{"id":8196,"date":"2025-08-25T00:01:00","date_gmt":"2025-08-24T22:01:00","guid":{"rendered":"https:\/\/hotelhouse.cz\/?p=8196"},"modified":"2025-08-22T00:08:00","modified_gmt":"2025-08-21T22:08:00","slug":"liberske-lahudky-se-po-vice-nez-30-letech-vratily-na-prazskem-hlavni-nadrazi-s-novou-pobockou","status":"publish","type":"post","link":"https:\/\/hotelhouse.cz\/index.php\/2025\/08\/25\/liberske-lahudky-se-po-vice-nez-30-letech-vratily-na-prazskem-hlavni-nadrazi-s-novou-pobockou\/","title":{"rendered":"Libe\u0159sk\u00e9 lah\u016fdky se po v\u00edce ne\u017e 30 letech vr\u00e1tily na pra\u017esk\u00e9m Hlavn\u00ed n\u00e1dra\u017e\u00ed s novou pobo\u010dkou"},"content":{"rendered":"\n<div style=\"height:35px\" aria-hidden=\"true\" class=\"wp-block-spacer\"><\/div>\n\n\n\n<p class=\"has-medium-font-size\"><strong>V \u00fater\u00fd 13. srpna 2025 byla ve\u0159ejnosti slavnostn\u011b p\u0159edstavena ji\u017e 21. prodejna tradi\u010dn\u00ed rodinn\u00e9 zna\u010dky Libe\u0159sk\u00e9 lah\u016fdky. Nov\u00e1 pobo\u010dka vznikla v sam\u00e9m srdci dopravn\u00edho d\u011bn\u00ed \u2013 na pra\u017esk\u00e9m Hlavn\u00edm n\u00e1dra\u017e\u00ed \u2013 a p\u0159inesla modern\u00ed provoz s inovovan\u00fdm sortimentem navr\u017een\u00fdm speci\u00e1ln\u011b pro pohodln\u00fd a rychl\u00fd take-away servis.<\/strong><\/p>\n\n\n\n<div style=\"height:35px\" aria-hidden=\"true\" class=\"wp-block-spacer\"><\/div>\n\n\n<div class=\"wp-block-image\">\n<figure class=\"aligncenter size-large\"><img decoding=\"async\" src=\"https:\/\/prazskeprikopy.cz\/wp-content\/uploads\/2025\/08\/LL_JanValaJitkaHallerovaJiriKulhanekJindriskaSindelarovaMartinKupkaJiriSvoboda-1024x683.jpeg\" alt=\"Libe\u0159sk\u00e9 lah\u016fdky se po v\u00edce ne\u017e 30 letech vr\u00e1tily na pra\u017esk\u00e9m Hlavn\u00ed n\u00e1dra\u017e\u00ed s novou pobo\u010dkou\" class=\"wp-image-16392\" \/><\/figure><\/div>\n\n\n<div style=\"height:35px\" aria-hidden=\"true\" class=\"wp-block-spacer\"><\/div>\n\n\n\n<p class=\"has-medium-font-size\">Otev\u0159en\u00ed t\u00e9to provozovny je pro zna\u010dku symbolick\u00fdm n\u00e1vratem na m\u00edsto, kde cel\u00fd p\u0159\u00edb\u011bh p\u0159ed v\u00edce ne\u017e t\u0159iceti lety za\u010dal. Pr\u00e1v\u011b zde, na pra\u017esk\u00e9m Hlavn\u00edm n\u00e1dra\u017e\u00ed, zakladatelka&nbsp;<strong>Jind\u0159i\u0161ka \u0160indel\u00e1\u0159ov\u00e1<\/strong>&nbsp;v roce 1991 poprv\u00e9 prod\u00e1vala sv\u00e9 ru\u010dn\u011b p\u0159ipravovan\u00e9 bagety z mal\u00e9ho st\u00e1nku. <\/p>\n\n\n\n<p class=\"has-medium-font-size\">Tehdy vznikal podnik doslova od nuly \u2013 bagety plnila doma v byt\u011b a n\u011bkolikr\u00e1t denn\u011b je osobn\u011b dov\u00e1\u017eela na n\u00e1dra\u017e\u00ed, aby z\u00e1kazn\u00edk\u016fm nab\u00eddla v\u017edy \u010derstv\u00e9 ob\u010derstven\u00ed na cestu. Dnes, po v\u00edce ne\u017e t\u0159ech desetilet\u00edch, se Libe\u0159sk\u00e9 lah\u016fdky na stejn\u00e9 m\u00edsto vrac\u00ed jako zaveden\u00e1 rodinn\u00e1 firma s v\u00edce ne\u017e dvaceti pobo\u010dkami, kter\u00e1 si p\u0159esto st\u00e1le zakl\u00e1d\u00e1 na ru\u010dn\u00ed v\u00fdrob\u011b, poctiv\u00fdch receptur\u00e1ch a tradici.<\/p>\n\n\n\n<p class=\"has-medium-font-size\">Nov\u00e1 pobo\u010dka je d\u00edky modern\u00edmu konceptu p\u0159izp\u016fsobena zcela na m\u00edru m\u00edstu a cestuj\u00edc\u00edm, kte\u0159\u00ed budou obslou\u017eeni rychle p\u0159ed cestou, po n\u00ed nebo se jen tak pot\u011b\u0161\u00ed lahodn\u00fdm a poctiv\u00fdm lah\u016fdk\u00e1\u0159sk\u00fdm sortimentem, dezerty, pe\u010divem sladk\u00fdm i slan\u00fdm, n\u00e1poji a mnoh\u00fdm ostatn\u00edm.<\/p>\n\n\n\n<div style=\"height:35px\" aria-hidden=\"true\" class=\"wp-block-spacer\"><\/div>\n\n\n<div class=\"wp-block-image\">\n<figure class=\"aligncenter size-large\"><img decoding=\"async\" src=\"https:\/\/prazskeprikopy.cz\/wp-content\/uploads\/2025\/08\/LL_JitkaHallerovaJindriskaSindelarovaJiriKulhanek-1024x683.jpg\" alt=\"Libe\u0159sk\u00e9 lah\u016fdky se po v\u00edce ne\u017e 30 letech vr\u00e1tily na pra\u017esk\u00e9m Hlavn\u00ed n\u00e1dra\u017e\u00ed s novou pobo\u010dkou\" class=\"wp-image-16393\" \/><\/figure><\/div>\n\n\n<div style=\"height:35px\" aria-hidden=\"true\" class=\"wp-block-spacer\"><\/div>\n\n\n\n<h2 class=\"wp-block-heading\">Nov\u00fd koncept na m\u00edru cestuj\u00edc\u00edm<\/h2>\n\n\n\n<div style=\"height:35px\" aria-hidden=\"true\" class=\"wp-block-spacer\"><\/div>\n\n\n\n<p class=\"has-medium-font-size\">Nov\u00e1 prodejna Libe\u0159sk\u00fdch lah\u016fdek na Hlavn\u00edm n\u00e1dra\u017e\u00ed p\u0159ich\u00e1z\u00ed s?konceptem, kter\u00fd se z\u00e1sadn\u011b li\u0161\u00ed od ostatn\u00edch pobo\u010dek a je navr\u017een na m\u00edru pot\u0159eb\u00e1m dne\u0161n\u00edch cestuj\u00edc\u00edch. <\/p>\n\n\n\n<p class=\"has-medium-font-size\">Z\u00e1kazn\u00edci zde najdou v\u00fdb\u011br obl\u00edben\u00fdch \u010derstv\u00fdch toust\u016f \u010di baget a zcela nov\u00fdch oblo\u017een\u00fdch chleb\u00ed\u010dk\u016f v&nbsp;krabi\u010dk\u00e1ch take-away, kter\u00e9 jsou ide\u00e1ln\u00ed na cesty. V&nbsp;nab\u00eddce jsou tak\u00e9 v\u011bt\u0161\u00ed p\u0159edbalen\u00e9 krabice s&nbsp;nejobl\u00edben\u011bj\u0161\u00edmi druhy chleb\u00ed\u010dk\u016f vhodn\u00e9, kdy\u017e sp\u011bch\u00e1te na n\u00e1v\u0161t\u011bvu, nebo \u0159e\u0161\u00edte ob\u010derstven\u00ed pro hosty u sebe doma. <\/p>\n\n\n\n<p class=\"has-medium-font-size\">Nab\u00eddku dopl\u0148uj\u00ed zabalen\u00e9 brio\u0161ky po dvou kusech, dostupn\u00e9 v n\u011bkolika variant\u00e1ch, v\u010detn\u011b t\u011bch vegetari\u00e1nsk\u00fdch. Milovn\u00edci kvalitn\u00ed k\u00e1vy ocen\u00ed pr\u00e9miovou k\u00e1vu Trucillo, kter\u00e1 zp\u0159\u00edjemn\u00ed ka\u017edou cestu. <\/p>\n\n\n\n<p class=\"has-medium-font-size\">V letn\u00edch m\u011bs\u00edc\u00edch pot\u011b\u0161\u00ed i osv\u011b\u017euj\u00edc\u00ed to\u010den\u00e1 Opo\u010densk\u00e1 zmrzlina, p\u0159ipravovan\u00e1 na \u0161pi\u010dkov\u00fdch stroj\u00edch pro maxim\u00e1ln\u00ed kvalitu. A samoz\u0159ejm\u011b nechyb\u00ed ani sladk\u00e9 dobroty, mezi nimi\u017e vynikaj\u00ed vyhl\u00e1\u0161en\u00e9 Libe\u0159sk\u00e9 kol\u00e1\u010de.<\/p>\n\n\n\n<div style=\"height:35px\" aria-hidden=\"true\" class=\"wp-block-spacer\"><\/div>\n\n\n<div class=\"wp-block-image\">\n<figure class=\"aligncenter size-large\"><img decoding=\"async\" src=\"https:\/\/prazskeprikopy.cz\/wp-content\/uploads\/2025\/08\/LL_Strihani-masle_JanValaJiriKulhanekJindriskaSindelarovaMartinKupkaJiriSvoboda-1024x683.jpg\" alt=\"Libe\u0159sk\u00e9 lah\u016fdky se po v\u00edce ne\u017e 30 letech vr\u00e1tily na pra\u017esk\u00e9m Hlavn\u00ed n\u00e1dra\u017e\u00ed s novou pobo\u010dkou\" class=\"wp-image-16394\" \/><\/figure><\/div>\n\n\n<div style=\"height:35px\" aria-hidden=\"true\" class=\"wp-block-spacer\"><\/div>\n\n\n\n<h2 class=\"wp-block-heading\">Rychle, pohodln\u011b, hygienicky<\/h2>\n\n\n\n<div style=\"height:35px\" aria-hidden=\"true\" class=\"wp-block-spacer\"><\/div>\n\n\n\n<p class=\"has-medium-font-size\">Na rozd\u00edl od ostatn\u00edch pobo\u010dek zde z\u00e1kazn\u00edci nenajdou klasick\u00fd lah\u016fdkov\u00fd pult \u2013 v\u0161echny produkty jsou prakticky p\u0159edbalen\u00e9 a ihned p\u0159ipraven\u00e9 k odb\u011bru, co\u017e p\u0159esn\u011b odpov\u00edd\u00e1 pot\u0159eb\u00e1m cestuj\u00edc\u00edho.<\/p>\n\n\n\n<p class=\"has-medium-font-size\">Pobo\u010dka na Hlavn\u00edm n\u00e1dra\u017e\u00ed je z\u00e1rove\u0148 technologicky nejmodern\u011bj\u0161\u00ed \u2013 bezhotovostn\u00ed samoobslu\u017en\u00fd kiosek&nbsp;urychl\u00ed n\u00e1kup a minimalizuje \u010dek\u00e1n\u00ed. Novinkou jsou d\u00e1le hotovostn\u00ed automaty, kter\u00e9 eliminuj\u00ed p\u0159\u00edm\u00fd kontakt person\u00e1lu s pen\u011bzi, \u010d\u00edm\u017e se zvy\u0161uj\u00ed hygienick\u00e9 standardy a sni\u017euje chybovost p\u0159i platb\u011b. C\u00edlem je maxim\u00e1ln\u011b pohodln\u00fd, rychl\u00fd a kvalitn\u00ed n\u00e1kup bez kompromis\u016f!<\/p>\n\n\n\n<div style=\"height:100px\" aria-hidden=\"true\" class=\"wp-block-spacer\"><\/div>\n\n\n\n<figure class=\"wp-block-gallery has-nested-images columns-2 is-cropped wp-block-gallery-1 is-layout-flex wp-block-gallery-is-layout-flex\">\n<figure class=\"wp-block-image size-large\"><img decoding=\"async\" data-id=\"16392\" src=\"https:\/\/prazskeprikopy.cz\/wp-content\/uploads\/2025\/08\/LL_JanValaJitkaHallerovaJiriKulhanekJindriskaSindelarovaMartinKupkaJiriSvoboda-1024x683.jpeg\" alt=\"Libe\u0159sk\u00e9 lah\u016fdky se po v\u00edce ne\u017e 30 letech vr\u00e1tily na pra\u017esk\u00e9m Hlavn\u00ed n\u00e1dra\u017e\u00ed s novou pobo\u010dkou\" class=\"wp-image-16392\" \/><\/figure>\n\n\n\n<figure class=\"wp-block-image size-large\"><img decoding=\"async\" data-id=\"16393\" src=\"https:\/\/prazskeprikopy.cz\/wp-content\/uploads\/2025\/08\/LL_JitkaHallerovaJindriskaSindelarovaJiriKulhanek-1024x683.jpg\" alt=\"Libe\u0159sk\u00e9 lah\u016fdky se po v\u00edce ne\u017e 30 letech vr\u00e1tily na pra\u017esk\u00e9m Hlavn\u00ed n\u00e1dra\u017e\u00ed s novou pobo\u010dkou\" class=\"wp-image-16393\" \/><\/figure>\n\n\n\n<figure class=\"wp-block-image size-large\"><img decoding=\"async\" data-id=\"16394\" src=\"https:\/\/prazskeprikopy.cz\/wp-content\/uploads\/2025\/08\/LL_Strihani-masle_JanValaJiriKulhanekJindriskaSindelarovaMartinKupkaJiriSvoboda-1024x683.jpg\" alt=\"Libe\u0159sk\u00e9 lah\u016fdky se po v\u00edce ne\u017e 30 letech vr\u00e1tily na pra\u017esk\u00e9m Hlavn\u00ed n\u00e1dra\u017e\u00ed s novou pobo\u010dkou\" class=\"wp-image-16394\" \/><\/figure>\n<\/figure>\n\n\n\n<div style=\"height:35px\" aria-hidden=\"true\" class=\"wp-block-spacer\"><\/div>\n\n\n\n<p class=\"has-medium-font-size\"><strong>Zdroj foto:<\/strong>&nbsp;<strong>Libe\u0159sk\u00e9 lah\u016fdky<\/strong><\/p>\n\n\n\n<div style=\"height:65px\" aria-hidden=\"true\" class=\"wp-block-spacer\"><\/div>\n","protected":false},"excerpt":{"rendered":"<p>V \u00fater\u00fd 13. srpna 2025 byla ve\u0159ejnosti slavnostn\u011b p\u0159edstavena ji\u017e 21. prodejna tradi\u010dn\u00ed rodinn\u00e9 zna\u010dky Libe\u0159sk\u00e9 lah\u016fdky. Nov\u00e1 pobo\u010dka vznikla v sam\u00e9m srdci dopravn\u00edho d\u011bn\u00ed \u2013 na pra\u017esk\u00e9m Hlavn\u00edm n\u00e1dra\u017e\u00ed \u2013 a p\u0159inesla modern\u00ed&#46;&#46;&#46;<\/p>\n","protected":false},"author":10,"featured_media":8197,"comment_status":"closed","ping_status":"closed","sticky":false,"template":"","format":"standard","meta":{"_monsterinsights_skip_tracking":false,"_monsterinsights_sitenote_active":false,"_monsterinsights_sitenote_note":"","_monsterinsights_sitenote_category":0,"footnotes":""},"categories":[2,185,8,28],"tags":[],"yoast_head":"<!-- This site is optimized with the Yoast SEO plugin v21.5 - https:\/\/yoast.com\/wordpress\/plugins\/seo\/ -->\n<title>Libe\u0159sk\u00e9 lah\u016fdky se po v\u00edce ne\u017e 30 letech vr\u00e1tily na pra\u017esk\u00e9m Hlavn\u00ed n\u00e1dra\u017e\u00ed s novou pobo\u010dkou - HOTELHOUSE.cz<\/title>\n<meta name=\"description\" content=\"V \u00fater\u00fd 13. srpna 2025 byla ve\u0159ejnosti slavnostn\u011b p\u0159edstavena ji\u017e 21. prodejna tradi\u010dn\u00ed rodinn\u00e9 zna\u010dky Libe\u0159sk\u00e9 lah\u016fdky.\" \/>\n<meta name=\"robots\" content=\"index, follow, max-snippet:-1, max-image-preview:large, max-video-preview:-1\" \/>\n<link rel=\"canonical\" href=\"https:\/\/hotelhouse.cz\/index.php\/2025\/08\/25\/liberske-lahudky-se-po-vice-nez-30-letech-vratily-na-prazskem-hlavni-nadrazi-s-novou-pobockou\/\" \/>\n<meta property=\"og:locale\" content=\"cs_CZ\" \/>\n<meta property=\"og:type\" content=\"article\" \/>\n<meta property=\"og:title\" content=\"Libe\u0159sk\u00e9 lah\u016fdky se po v\u00edce ne\u017e 30 letech vr\u00e1tily na pra\u017esk\u00e9m Hlavn\u00ed n\u00e1dra\u017e\u00ed s novou pobo\u010dkou - HOTELHOUSE.cz\" \/>\n<meta property=\"og:description\" content=\"V \u00fater\u00fd 13. srpna 2025 byla ve\u0159ejnosti slavnostn\u011b p\u0159edstavena ji\u017e 21. prodejna tradi\u010dn\u00ed rodinn\u00e9 zna\u010dky Libe\u0159sk\u00e9 lah\u016fdky.\" \/>\n<meta property=\"og:url\" content=\"https:\/\/hotelhouse.cz\/index.php\/2025\/08\/25\/liberske-lahudky-se-po-vice-nez-30-letech-vratily-na-prazskem-hlavni-nadrazi-s-novou-pobockou\/\" \/>\n<meta property=\"og:site_name\" content=\"HOTELHOUSE.cz\" \/>\n<meta property=\"article:published_time\" content=\"2025-08-24T22:01:00+00:00\" \/>\n<meta property=\"article:modified_time\" content=\"2025-08-21T22:08:00+00:00\" \/>\n<meta property=\"og:image\" content=\"https:\/\/hotelhouse.cz\/wp-content\/uploads\/2025\/08\/LL_JitkaHallerovaJindriskaSindelarovaJiriKulhanek.jpg\" \/>\n\t<meta property=\"og:image:width\" content=\"1450\" \/>\n\t<meta property=\"og:image:height\" content=\"967\" \/>\n\t<meta property=\"og:image:type\" content=\"image\/jpeg\" \/>\n<meta name=\"author\" content=\"Helen Guardian\" \/>\n<meta name=\"twitter:card\" content=\"summary_large_image\" \/>\n<meta name=\"twitter:label1\" content=\"Napsal(a)\" \/>\n\t<meta name=\"twitter:data1\" content=\"Helen Guardian\" \/>\n\t<meta name=\"twitter:label2\" content=\"Odhadovan\u00e1 doba \u010dten\u00ed\" \/>\n\t<meta name=\"twitter:data2\" content=\"4 minuty\" \/>\n<script type=\"application\/ld+json\" class=\"yoast-schema-graph\">{\"@context\":\"https:\/\/schema.org\",\"@graph\":[{\"@type\":\"Article\",\"@id\":\"https:\/\/hotelhouse.cz\/index.php\/2025\/08\/25\/liberske-lahudky-se-po-vice-nez-30-letech-vratily-na-prazskem-hlavni-nadrazi-s-novou-pobockou\/#article\",\"isPartOf\":{\"@id\":\"https:\/\/hotelhouse.cz\/index.php\/2025\/08\/25\/liberske-lahudky-se-po-vice-nez-30-letech-vratily-na-prazskem-hlavni-nadrazi-s-novou-pobockou\/\"},\"author\":{\"name\":\"Helen Guardian\",\"@id\":\"https:\/\/hotelhouse.cz\/#\/schema\/person\/d632b16c6b63077400f5e36aa5488072\"},\"headline\":\"Libe\u0159sk\u00e9 lah\u016fdky se po v\u00edce ne\u017e 30 letech vr\u00e1tily na pra\u017esk\u00e9m Hlavn\u00ed n\u00e1dra\u017e\u00ed s novou pobo\u010dkou\",\"datePublished\":\"2025-08-24T22:01:00+00:00\",\"dateModified\":\"2025-08-21T22:08:00+00:00\",\"mainEntityOfPage\":{\"@id\":\"https:\/\/hotelhouse.cz\/index.php\/2025\/08\/25\/liberske-lahudky-se-po-vice-nez-30-letech-vratily-na-prazskem-hlavni-nadrazi-s-novou-pobockou\/\"},\"wordCount\":629,\"publisher\":{\"@id\":\"https:\/\/hotelhouse.cz\/#organization\"},\"articleSection\":[\"NEWS\",\"PRA\u017dSK\u00dd HLAV\u00c1K\",\"RESTAURACE &amp; BISTRA\",\"TIPY NA J\u00cdDLO\"],\"inLanguage\":\"cs\"},{\"@type\":\"WebPage\",\"@id\":\"https:\/\/hotelhouse.cz\/index.php\/2025\/08\/25\/liberske-lahudky-se-po-vice-nez-30-letech-vratily-na-prazskem-hlavni-nadrazi-s-novou-pobockou\/\",\"url\":\"https:\/\/hotelhouse.cz\/index.php\/2025\/08\/25\/liberske-lahudky-se-po-vice-nez-30-letech-vratily-na-prazskem-hlavni-nadrazi-s-novou-pobockou\/\",\"name\":\"Libe\u0159sk\u00e9 lah\u016fdky se po v\u00edce ne\u017e 30 letech vr\u00e1tily na pra\u017esk\u00e9m Hlavn\u00ed n\u00e1dra\u017e\u00ed s novou pobo\u010dkou - HOTELHOUSE.cz\",\"isPartOf\":{\"@id\":\"https:\/\/hotelhouse.cz\/#website\"},\"datePublished\":\"2025-08-24T22:01:00+00:00\",\"dateModified\":\"2025-08-21T22:08:00+00:00\",\"description\":\"V \u00fater\u00fd 13. srpna 2025 byla ve\u0159ejnosti slavnostn\u011b p\u0159edstavena ji\u017e 21. prodejna tradi\u010dn\u00ed rodinn\u00e9 zna\u010dky Libe\u0159sk\u00e9 lah\u016fdky.\",\"breadcrumb\":{\"@id\":\"https:\/\/hotelhouse.cz\/index.php\/2025\/08\/25\/liberske-lahudky-se-po-vice-nez-30-letech-vratily-na-prazskem-hlavni-nadrazi-s-novou-pobockou\/#breadcrumb\"},\"inLanguage\":\"cs\",\"potentialAction\":[{\"@type\":\"ReadAction\",\"target\":[\"https:\/\/hotelhouse.cz\/index.php\/2025\/08\/25\/liberske-lahudky-se-po-vice-nez-30-letech-vratily-na-prazskem-hlavni-nadrazi-s-novou-pobockou\/\"]}]},{\"@type\":\"BreadcrumbList\",\"@id\":\"https:\/\/hotelhouse.cz\/index.php\/2025\/08\/25\/liberske-lahudky-se-po-vice-nez-30-letech-vratily-na-prazskem-hlavni-nadrazi-s-novou-pobockou\/#breadcrumb\",\"itemListElement\":[{\"@type\":\"ListItem\",\"position\":1,\"name\":\"Dom\u016f\",\"item\":\"https:\/\/hotelhouse.cz\/\"},{\"@type\":\"ListItem\",\"position\":2,\"name\":\"Libe\u0159sk\u00e9 lah\u016fdky se po v\u00edce ne\u017e 30 letech vr\u00e1tily na pra\u017esk\u00e9m Hlavn\u00ed n\u00e1dra\u017e\u00ed s novou pobo\u010dkou\"}]},{\"@type\":\"WebSite\",\"@id\":\"https:\/\/hotelhouse.cz\/#website\",\"url\":\"https:\/\/hotelhouse.cz\/\",\"name\":\"HOTELHOUSE.cz\",\"description\":\"Port\u00e1l o hotelech, pensionech, spa resortech a restaurac\u00edch...\",\"publisher\":{\"@id\":\"https:\/\/hotelhouse.cz\/#organization\"},\"potentialAction\":[{\"@type\":\"SearchAction\",\"target\":{\"@type\":\"EntryPoint\",\"urlTemplate\":\"https:\/\/hotelhouse.cz\/?s={search_term_string}\"},\"query-input\":\"required name=search_term_string\"}],\"inLanguage\":\"cs\"},{\"@type\":\"Organization\",\"@id\":\"https:\/\/hotelhouse.cz\/#organization\",\"name\":\"HOTELHOUSE.cz\",\"url\":\"https:\/\/hotelhouse.cz\/\",\"logo\":{\"@type\":\"ImageObject\",\"inLanguage\":\"cs\",\"@id\":\"https:\/\/hotelhouse.cz\/#\/schema\/logo\/image\/\",\"url\":\"https:\/\/hotelhouse.cz\/wp-content\/uploads\/2024\/12\/cropped-Logo_HotelHouse-2.jpg\",\"contentUrl\":\"https:\/\/hotelhouse.cz\/wp-content\/uploads\/2024\/12\/cropped-Logo_HotelHouse-2.jpg\",\"width\":933,\"height\":516,\"caption\":\"HOTELHOUSE.cz\"},\"image\":{\"@id\":\"https:\/\/hotelhouse.cz\/#\/schema\/logo\/image\/\"},\"sameAs\":[\"https:\/\/www.instagram.com\/hotelhousecz\/\"]},{\"@type\":\"Person\",\"@id\":\"https:\/\/hotelhouse.cz\/#\/schema\/person\/d632b16c6b63077400f5e36aa5488072\",\"name\":\"Helen Guardian\",\"image\":{\"@type\":\"ImageObject\",\"inLanguage\":\"cs\",\"@id\":\"https:\/\/hotelhouse.cz\/#\/schema\/person\/image\/\",\"url\":\"https:\/\/secure.gravatar.com\/avatar\/f62c76287ccbbd3f899549a169c0e6aa?s=96&d=mm&r=g\",\"contentUrl\":\"https:\/\/secure.gravatar.com\/avatar\/f62c76287ccbbd3f899549a169c0e6aa?s=96&d=mm&r=g\",\"caption\":\"Helen Guardian\"},\"sameAs\":[\"http:\/\/HOTELHOUSE.cz\"],\"url\":\"https:\/\/hotelhouse.cz\/index.php\/author\/helgu\/\"}]}<\/script>\n<!-- \/ Yoast SEO plugin. -->","yoast_head_json":{"title":"Libe\u0159sk\u00e9 lah\u016fdky se po v\u00edce ne\u017e 30 letech vr\u00e1tily na pra\u017esk\u00e9m Hlavn\u00ed n\u00e1dra\u017e\u00ed s novou pobo\u010dkou - HOTELHOUSE.cz","description":"V \u00fater\u00fd 13. srpna 2025 byla ve\u0159ejnosti slavnostn\u011b p\u0159edstavena ji\u017e 21. prodejna tradi\u010dn\u00ed rodinn\u00e9 zna\u010dky Libe\u0159sk\u00e9 lah\u016fdky.","robots":{"index":"index","follow":"follow","max-snippet":"max-snippet:-1","max-image-preview":"max-image-preview:large","max-video-preview":"max-video-preview:-1"},"canonical":"https:\/\/hotelhouse.cz\/index.php\/2025\/08\/25\/liberske-lahudky-se-po-vice-nez-30-letech-vratily-na-prazskem-hlavni-nadrazi-s-novou-pobockou\/","og_locale":"cs_CZ","og_type":"article","og_title":"Libe\u0159sk\u00e9 lah\u016fdky se po v\u00edce ne\u017e 30 letech vr\u00e1tily na pra\u017esk\u00e9m Hlavn\u00ed n\u00e1dra\u017e\u00ed s novou pobo\u010dkou - HOTELHOUSE.cz","og_description":"V \u00fater\u00fd 13. srpna 2025 byla ve\u0159ejnosti slavnostn\u011b p\u0159edstavena ji\u017e 21. prodejna tradi\u010dn\u00ed rodinn\u00e9 zna\u010dky Libe\u0159sk\u00e9 lah\u016fdky.","og_url":"https:\/\/hotelhouse.cz\/index.php\/2025\/08\/25\/liberske-lahudky-se-po-vice-nez-30-letech-vratily-na-prazskem-hlavni-nadrazi-s-novou-pobockou\/","og_site_name":"HOTELHOUSE.cz","article_published_time":"2025-08-24T22:01:00+00:00","article_modified_time":"2025-08-21T22:08:00+00:00","og_image":[{"width":1450,"height":967,"url":"https:\/\/hotelhouse.cz\/wp-content\/uploads\/2025\/08\/LL_JitkaHallerovaJindriskaSindelarovaJiriKulhanek.jpg","type":"image\/jpeg"}],"author":"Helen Guardian","twitter_card":"summary_large_image","twitter_misc":{"Napsal(a)":"Helen Guardian","Odhadovan\u00e1 doba \u010dten\u00ed":"4 minuty"},"schema":{"@context":"https:\/\/schema.org","@graph":[{"@type":"Article","@id":"https:\/\/hotelhouse.cz\/index.php\/2025\/08\/25\/liberske-lahudky-se-po-vice-nez-30-letech-vratily-na-prazskem-hlavni-nadrazi-s-novou-pobockou\/#article","isPartOf":{"@id":"https:\/\/hotelhouse.cz\/index.php\/2025\/08\/25\/liberske-lahudky-se-po-vice-nez-30-letech-vratily-na-prazskem-hlavni-nadrazi-s-novou-pobockou\/"},"author":{"name":"Helen Guardian","@id":"https:\/\/hotelhouse.cz\/#\/schema\/person\/d632b16c6b63077400f5e36aa5488072"},"headline":"Libe\u0159sk\u00e9 lah\u016fdky se po v\u00edce ne\u017e 30 letech vr\u00e1tily na pra\u017esk\u00e9m Hlavn\u00ed n\u00e1dra\u017e\u00ed s novou pobo\u010dkou","datePublished":"2025-08-24T22:01:00+00:00","dateModified":"2025-08-21T22:08:00+00:00","mainEntityOfPage":{"@id":"https:\/\/hotelhouse.cz\/index.php\/2025\/08\/25\/liberske-lahudky-se-po-vice-nez-30-letech-vratily-na-prazskem-hlavni-nadrazi-s-novou-pobockou\/"},"wordCount":629,"publisher":{"@id":"https:\/\/hotelhouse.cz\/#organization"},"articleSection":["NEWS","PRA\u017dSK\u00dd HLAV\u00c1K","RESTAURACE &amp; BISTRA","TIPY NA J\u00cdDLO"],"inLanguage":"cs"},{"@type":"WebPage","@id":"https:\/\/hotelhouse.cz\/index.php\/2025\/08\/25\/liberske-lahudky-se-po-vice-nez-30-letech-vratily-na-prazskem-hlavni-nadrazi-s-novou-pobockou\/","url":"https:\/\/hotelhouse.cz\/index.php\/2025\/08\/25\/liberske-lahudky-se-po-vice-nez-30-letech-vratily-na-prazskem-hlavni-nadrazi-s-novou-pobockou\/","name":"Libe\u0159sk\u00e9 lah\u016fdky se po v\u00edce ne\u017e 30 letech vr\u00e1tily na pra\u017esk\u00e9m Hlavn\u00ed n\u00e1dra\u017e\u00ed s novou pobo\u010dkou - HOTELHOUSE.cz","isPartOf":{"@id":"https:\/\/hotelhouse.cz\/#website"},"datePublished":"2025-08-24T22:01:00+00:00","dateModified":"2025-08-21T22:08:00+00:00","description":"V \u00fater\u00fd 13. srpna 2025 byla ve\u0159ejnosti slavnostn\u011b p\u0159edstavena ji\u017e 21. prodejna tradi\u010dn\u00ed rodinn\u00e9 zna\u010dky Libe\u0159sk\u00e9 lah\u016fdky.","breadcrumb":{"@id":"https:\/\/hotelhouse.cz\/index.php\/2025\/08\/25\/liberske-lahudky-se-po-vice-nez-30-letech-vratily-na-prazskem-hlavni-nadrazi-s-novou-pobockou\/#breadcrumb"},"inLanguage":"cs","potentialAction":[{"@type":"ReadAction","target":["https:\/\/hotelhouse.cz\/index.php\/2025\/08\/25\/liberske-lahudky-se-po-vice-nez-30-letech-vratily-na-prazskem-hlavni-nadrazi-s-novou-pobockou\/"]}]},{"@type":"BreadcrumbList","@id":"https:\/\/hotelhouse.cz\/index.php\/2025\/08\/25\/liberske-lahudky-se-po-vice-nez-30-letech-vratily-na-prazskem-hlavni-nadrazi-s-novou-pobockou\/#breadcrumb","itemListElement":[{"@type":"ListItem","position":1,"name":"Dom\u016f","item":"https:\/\/hotelhouse.cz\/"},{"@type":"ListItem","position":2,"name":"Libe\u0159sk\u00e9 lah\u016fdky se po v\u00edce ne\u017e 30 letech vr\u00e1tily na pra\u017esk\u00e9m Hlavn\u00ed n\u00e1dra\u017e\u00ed s novou pobo\u010dkou"}]},{"@type":"WebSite","@id":"https:\/\/hotelhouse.cz\/#website","url":"https:\/\/hotelhouse.cz\/","name":"HOTELHOUSE.cz","description":"Port\u00e1l o hotelech, pensionech, spa resortech a restaurac\u00edch...","publisher":{"@id":"https:\/\/hotelhouse.cz\/#organization"},"potentialAction":[{"@type":"SearchAction","target":{"@type":"EntryPoint","urlTemplate":"https:\/\/hotelhouse.cz\/?s={search_term_string}"},"query-input":"required name=search_term_string"}],"inLanguage":"cs"},{"@type":"Organization","@id":"https:\/\/hotelhouse.cz\/#organization","name":"HOTELHOUSE.cz","url":"https:\/\/hotelhouse.cz\/","logo":{"@type":"ImageObject","inLanguage":"cs","@id":"https:\/\/hotelhouse.cz\/#\/schema\/logo\/image\/","url":"https:\/\/hotelhouse.cz\/wp-content\/uploads\/2024\/12\/cropped-Logo_HotelHouse-2.jpg","contentUrl":"https:\/\/hotelhouse.cz\/wp-content\/uploads\/2024\/12\/cropped-Logo_HotelHouse-2.jpg","width":933,"height":516,"caption":"HOTELHOUSE.cz"},"image":{"@id":"https:\/\/hotelhouse.cz\/#\/schema\/logo\/image\/"},"sameAs":["https:\/\/www.instagram.com\/hotelhousecz\/"]},{"@type":"Person","@id":"https:\/\/hotelhouse.cz\/#\/schema\/person\/d632b16c6b63077400f5e36aa5488072","name":"Helen Guardian","image":{"@type":"ImageObject","inLanguage":"cs","@id":"https:\/\/hotelhouse.cz\/#\/schema\/person\/image\/","url":"https:\/\/secure.gravatar.com\/avatar\/f62c76287ccbbd3f899549a169c0e6aa?s=96&d=mm&r=g","contentUrl":"https:\/\/secure.gravatar.com\/avatar\/f62c76287ccbbd3f899549a169c0e6aa?s=96&d=mm&r=g","caption":"Helen Guardian"},"sameAs":["http:\/\/HOTELHOUSE.cz"],"url":"https:\/\/hotelhouse.cz\/index.php\/author\/helgu\/"}]}},"_links":{"self":[{"href":"https:\/\/hotelhouse.cz\/index.php\/wp-json\/wp\/v2\/posts\/8196"}],"collection":[{"href":"https:\/\/hotelhouse.cz\/index.php\/wp-json\/wp\/v2\/posts"}],"about":[{"href":"https:\/\/hotelhouse.cz\/index.php\/wp-json\/wp\/v2\/types\/post"}],"author":[{"embeddable":true,"href":"https:\/\/hotelhouse.cz\/index.php\/wp-json\/wp\/v2\/users\/10"}],"replies":[{"embeddable":true,"href":"https:\/\/hotelhouse.cz\/index.php\/wp-json\/wp\/v2\/comments?post=8196"}],"version-history":[{"count":1,"href":"https:\/\/hotelhouse.cz\/index.php\/wp-json\/wp\/v2\/posts\/8196\/revisions"}],"predecessor-version":[{"id":8198,"href":"https:\/\/hotelhouse.cz\/index.php\/wp-json\/wp\/v2\/posts\/8196\/revisions\/8198"}],"wp:featuredmedia":[{"embeddable":true,"href":"https:\/\/hotelhouse.cz\/index.php\/wp-json\/wp\/v2\/media\/8197"}],"wp:attachment":[{"href":"https:\/\/hotelhouse.cz\/index.php\/wp-json\/wp\/v2\/media?parent=8196"}],"wp:term":[{"taxonomy":"category","embeddable":true,"href":"https:\/\/hotelhouse.cz\/index.php\/wp-json\/wp\/v2\/categories?post=8196"},{"taxonomy":"post_tag","embeddable":true,"href":"https:\/\/hotelhouse.cz\/index.php\/wp-json\/wp\/v2\/tags?post=8196"}],"curies":[{"name":"wp","href":"https:\/\/api.w.org\/{rel}","templated":true}]}}