{"id":8200,"date":"2025-08-27T00:01:00","date_gmt":"2025-08-26T22:01:00","guid":{"rendered":"https:\/\/hotelhouse.cz\/?p=8200"},"modified":"2025-08-20T16:00:45","modified_gmt":"2025-08-20T14:00:45","slug":"jiz-v-zari-ozije-vinice-sv-klary-v-troji-tradicnim-vinobranim","status":"publish","type":"post","link":"https:\/\/hotelhouse.cz\/index.php\/2025\/08\/27\/jiz-v-zari-ozije-vinice-sv-klary-v-troji-tradicnim-vinobranim\/","title":{"rendered":"Ji\u017e v z\u00e1\u0159\u00ed o\u017eije Vinice sv. Kl\u00e1ry v Troji tradi\u010dn\u00edm vinobran\u00edm"},"content":{"rendered":"\n<div style=\"height:45px\" aria-hidden=\"true\" class=\"wp-block-spacer\"><\/div>\n\n\n\n<p class=\"has-medium-font-size\"><strong>U\u017e za m\u011bs\u00edc, tedy o v\u00edkendu 13. a 14. z\u00e1\u0159\u00ed, o\u017eije Vinice sv. Kl\u00e1ry, kter\u00e1 je sou\u010d\u00e1st\u00ed Botanick\u00e9 zahrady hl. m. Prahy, tradi\u010dn\u00edmi v\u00edkendov\u00fdmi oslavami sklizn\u011b v\u00edna. Vinobran\u00ed se tu konaj\u00ed u\u017e od roku 2004. I letos se p\u0159edstav\u00ed m\u00edstn\u00ed vina\u0159sk\u00e1 produkce, kter\u00e1 zahrnuje kvalitn\u00ed odr\u016fdov\u00e1 v\u00edna, cuv\u00e9e i sekty. K&nbsp;ochutn\u00e1n\u00ed budou i v\u00edna od dal\u0161\u00edch \u010desk\u00fdch a moravsk\u00fdch vina\u0159\u016f. Atmosf\u00e9ru oslav sklizn\u011b dolad\u00ed bohat\u00fd hudebn\u00ed program, hlavn\u00edmi hv\u011bzdami budou zp\u011bva\u010dka Tonya Graves se skupinou The Stylists a zp\u011bva\u010dka a&nbsp;here\u010dka Berenika Kohoutov\u00e1. P\u0159ipraven\u00fd je i z\u00e1bavn\u00fd a pou\u010dn\u00fd program pro d\u011bti. B\u011bhem komentovan\u00fdch prohl\u00eddek se n\u00e1v\u0161t\u011bvn\u00edci mohou bl\u00ed\u017ee sezn\u00e1mit s&nbsp;m\u00edstn\u00edm vinohradem. Z\u00e1jemci si ji\u017e nyn\u00ed mohou zakoupit zv\u00fdhodn\u011bn\u00e9 vstupenky v&nbsp;on-line p\u0159edprodeji. V\u00edno z&nbsp;Vinice sv. Kl\u00e1ry ale lze p\u0159ij\u00edt ochutnat u\u017e v&nbsp;pond\u011bl\u00ed 18. srpna, na kter\u00e9 p\u0159ipad\u00e1 Den Rulandsk\u00e9ho modr\u00e9ho.<\/strong><\/p>\n\n\n\n<div style=\"height:45px\" aria-hidden=\"true\" class=\"wp-block-spacer\"><\/div>\n\n\n<div class=\"wp-block-image\">\n<figure class=\"aligncenter size-large\"><img decoding=\"async\" src=\"https:\/\/celebrityhouse.cz\/wp-content\/uploads\/2025\/08\/D6A0886-1-1024x683.jpg\" alt=\"Vinice sv. Kl\u00e1ry\" class=\"wp-image-12436\" \/><\/figure><\/div>\n\n\n<div style=\"height:45px\" aria-hidden=\"true\" class=\"wp-block-spacer\"><\/div>\n\n\n\n<p class=\"has-medium-font-size\">Botanick\u00e1 zahrada hl. m. Prahy je jednou z&nbsp;m\u00e1la botanick\u00fdch zahrad, jej\u00ed\u017e sou\u010d\u00e1st\u00ed je vlastn\u00ed produk\u010dn\u00ed vinohrad. Vinice sv.&nbsp;Kl\u00e1ry p\u0159e\u0161la do spr\u00e1vy zahrady v&nbsp;roce 1995 a od roku 2004 je zp\u0159\u00edstupn\u011bna n\u00e1v\u0161t\u011bvn\u00edk\u016fm a po\u0159\u00e1daj\u00ed se tu tradi\u010dn\u00ed vinobran\u00ed. \u201e<em>Na\u0161e vinice nab\u00edz\u00ed celou \u0161k\u00e1lu kvalitn\u00edch odr\u016fd, ze kter\u00fdch z\u00edsk\u00e1v\u00e1me \u010dist\u011b odr\u016fdov\u00e1 v\u00edna, ale i obl\u00edben\u00e1 cuv\u00e9e. Vlajkovou lod\u00ed na\u0161eho vinohradu je \u0161pi\u010dkov\u00e1 odr\u016fda Rulandsk\u00e9 modr\u00e9. Krom\u011b \u010derven\u00e9ho v\u00edna z&nbsp;n\u00ed p\u0159ipravujeme i ros\u00e9 nebo sekt. Proto\u017ee jsme botanick\u00e1 zahrada, nechyb\u00ed expozi\u010dn\u00ed \u010d\u00e1st, ve kter\u00e9 prezentujeme na 120 p\u0159ev\u00e1\u017en\u011b stoln\u00edch odr\u016fd vinn\u00e9 r\u00e9vy. Na na\u0161em vinobran\u00ed si n\u00e1v\u0161t\u011bvn\u00edci mohou prohl\u00e9dnout i Vinici sv.&nbsp;Kl\u00e1ry, kter\u00e1 zanedlouho oslav\u00ed 800 let od sv\u00e9ho zalo\u017een\u00ed, dozv\u011bd\u011bt se n\u011bco o jej\u00ed historii a tak\u00e9 o p\u011bstov\u00e1n\u00ed vinn\u00e9 r\u00e9vy. Samoz\u0159ejm\u011b nebude chyb\u011bt bur\u010d\u00e1k, pestr\u00fd hudebn\u00ed program a&nbsp;dobr\u00e9 j\u00eddlo. Zkr\u00e1tka skv\u011bl\u00e1 z\u00e1bava,<\/em>\u201czve <strong>Bohumil \u010cern\u00fd, \u0159editel Botanick\u00e9 zahrady hl. m. Prahy<\/strong>.<\/p>\n\n\n\n<div style=\"height:45px\" aria-hidden=\"true\" class=\"wp-block-spacer\"><\/div>\n\n\n<div class=\"wp-block-image\">\n<figure class=\"aligncenter size-large\"><img decoding=\"async\" src=\"https:\/\/celebrityhouse.cz\/wp-content\/uploads\/2025\/08\/D6A1719-1024x683.jpg\" alt=\"Vinice sv. Kl\u00e1ry\" class=\"wp-image-12437\" \/><\/figure><\/div>\n\n\n<div style=\"height:45px\" aria-hidden=\"true\" class=\"wp-block-spacer\"><\/div>\n\n\n\n<p class=\"has-medium-font-size\">N\u00e1v\u0161t\u011bvn\u00edci mohou b\u011bhem vinobran\u00ed zakoupit a ochutnat <strong>b\u00edl\u00e1 a r\u016f\u017eov\u00e1 v\u00edna z&nbsp;Vinice sv.&nbsp;Kl\u00e1ry ro\u010dn\u00edku 2024 i 2023<\/strong>. Nebude chyb\u011bt ani \u010derven\u00e9 v\u00edno a m\u00edstn\u00ed sekty. Krom\u011b vlastn\u00ed produkce se p\u0159edstav\u00ed tak\u00e9 nab\u00eddka dal\u0161\u00edch \u010desk\u00fdch i moravsk\u00fdch vina\u0159\u016f, nap\u0159\u00edklad vina\u0159stv\u00ed Kone\u010dn\u00fd, Sedl\u00e1k, Mikrosv\u00edn, Hroz\u00ednek, Vinn\u00e9 sklepy Kutn\u00e1 Hora, Bettina Lobkowicz, Johannesberg, a tento tuzemsk\u00fd sortiment dopln\u00ed i v\u00edna francouzsk\u00e1. P\u0159i vina\u0159sk\u00fdch oslav\u00e1ch nem\u016f\u017ee chyb\u011bt dobr\u00e9 j\u00eddlo a pestr\u00fd hudebn\u00ed program. Se sklenkou v ruce se p\u0159\u00edchoz\u00ed budou moci zaposlouchat do rytmu funku \u010di jazzu, zazp\u00edvat si a zavzpom\u00ednat na hity Zuzany Navarov\u00e9. Hlavn\u00edmi hv\u011bzdami leto\u0161n\u00edho ro\u010dn\u00edku vinobran\u00ed budou zp\u011bva\u010dka a here\u010dka <strong>Berenika Kohoutov\u00e1<\/strong>, kter\u00e1 vystoup\u00ed v&nbsp;sobotu, a v&nbsp;ned\u011bli pak zp\u011bva\u010dka <strong>Tonya Graves se skupinou The Stylists<\/strong>. P\u0159ipravena je \u0159ada workshop\u016f a d\u00edlen: mal\u00ed i velc\u00ed budou m\u00edt p\u0159\u00edle\u017eitost pod\u00edvat se na vinnou r\u00e9vu p\u011bkn\u011b zbl\u00edzka prost\u0159ednictv\u00edm laborato\u0159e botanick\u00e9 zahrady, vyzkou\u0161et si lisov\u00e1n\u00ed v\u00edna nebo si vyrobit podzimn\u00ed v\u011bnec a pustit se do malov\u00e1n\u00ed p\u00edskem. D\u011bti zabav\u00ed d\u0159ev\u011bn\u00e9 atrakce, trampol\u00edna \u010di lezeck\u00e1 st\u011bna. Celkovou atmosf\u00e9ru dolad\u00ed medi\u00e1ln\u00ed partner vinobran\u00ed \u2013 R\u00e1dio Blan\u00edk.<\/p>\n\n\n\n<div style=\"height:45px\" aria-hidden=\"true\" class=\"wp-block-spacer\"><\/div>\n\n\n<div class=\"wp-block-image\">\n<figure class=\"aligncenter size-large\"><img decoding=\"async\" src=\"https:\/\/celebrityhouse.cz\/wp-content\/uploads\/2025\/08\/vinice_sklizen_2021_D6A0326-1024x683.jpg\" alt=\"Vinice sv. Kl\u00e1ry\" class=\"wp-image-12438\" \/><\/figure><\/div>\n\n\n<div style=\"height:45px\" aria-hidden=\"true\" class=\"wp-block-spacer\"><\/div>\n\n\n\n<p class=\"has-medium-font-size\">Program bude prob\u00edhat po oba v\u00edkendov\u00e9 dny <strong>13. a 14. z\u00e1\u0159\u00ed <\/strong>v&nbsp;are\u00e1lu Ornament\u00e1ln\u00ed zahrady a&nbsp;na Vinici sv. Kl\u00e1ry v bl\u00edzkosti historick\u00e9ho vini\u010dn\u00edho domku. Z\u00e1kladn\u00ed vstupn\u00e9 na akci je 250&nbsp;K\u010d, d\u011bti zaplat\u00ed 150&nbsp;K\u010d. V&nbsp;t\u00e9to cen\u011b je zahrnut vstup do botanick\u00e9 zahrady, do sklen\u00edku Fata Morgana, prohl\u00eddka expozice v\u00fdroby v\u00edna s pr\u016fvodcem a skleni\u010dka na v\u00edno \u010di kel\u00edmek NickNack. <strong>Botanick\u00e1 zahrada spustila on-line p\u0159edprodej vstupenek na vinobran\u00ed, kter\u00e9 lze nyn\u00ed zakoupit za zv\u00fdhodn\u011bnou cenu<\/strong>. Po\u010det vstupenek nen\u00ed omezen\u00fd. Ti, kdo si je zakoup\u00ed do 12. z\u00e1\u0159\u00ed, zaplat\u00ed 230 K\u010d a vyhnou se front\u00e1m u pokladen.<\/p>\n\n\n\n<div style=\"height:45px\" aria-hidden=\"true\" class=\"wp-block-spacer\"><\/div>\n\n\n<div class=\"wp-block-image\">\n<figure class=\"aligncenter size-large\"><img decoding=\"async\" src=\"https:\/\/celebrityhouse.cz\/wp-content\/uploads\/2025\/08\/D6A0105-1024x683.jpg\" alt=\"Vinice sv. Kl\u00e1ry\" class=\"wp-image-12439\" \/><\/figure><\/div>\n\n\n<div style=\"height:45px\" aria-hidden=\"true\" class=\"wp-block-spacer\"><\/div>\n\n\n\n<h2 class=\"wp-block-heading\">Den Rulandsk\u00e9ho modr\u00e9ho v&nbsp;srpnu<\/h2>\n\n\n\n<div style=\"height:21px\" aria-hidden=\"true\" class=\"wp-block-spacer\"><\/div>\n\n\n\n<p class=\"has-medium-font-size\"><a><\/a> Je\u0161t\u011b ne\u017e vypukne sklize\u0148 r\u00e9vy a jej\u00ed oslavy, mohou milovn\u00edci v\u00edna p\u0159ij\u00edt na Vinici sv. Kl\u00e1ry ochutnat v\u00edno, kter\u00e9 je historicky spjato s&nbsp;Karlem IV. Jde o odr\u016fdu Rulandsk\u00e9 modr\u00e9 a Den Rulandsk\u00e9ho modr\u00e9ho po cel\u00e9m sv\u011bt\u011b p\u0159ipad\u00e1 na 18. srpna. Vinot\u00e9ka sv. Kl\u00e1ry p\u0159ipravuje na tuto p\u0159\u00edle\u017eitost minidegustaci \u010dty\u0159 vzork\u016f z t\u00e9to skv\u011bl\u00e9 odr\u016fdy. Dobr\u00e9 ro\u010dn\u00edky nab\u00edzej\u00ed \u010derven\u00e9 v\u00edno s&nbsp;v\u00fdborn\u00fdm potenci\u00e1lem k&nbsp;dlouhodob\u00e9mu zr\u00e1n\u00ed. V&nbsp;r\u00e1mci degustace bude mo\u017en\u00e9 ochutnat Rulandsk\u00e9 modr\u00e9 ro\u010dn\u00edk\u016f 2017, 2019, 2021, 2023. Z\u00e1jemci tak budou moci odhalit, jak\u00fd rozsah chut\u00ed um\u00ed nab\u00eddnout jedna odr\u016fda na jedn\u00e9 vinici. \u017detony na minidegustaci budou v&nbsp;prodeji v baru vinot\u00e9ky v cen\u011b 160 K\u010d za \u010dty\u0159i vzorky. \u010ctve\u0159ici \u010derven\u00fdch v\u00edn dopln\u00ed r\u016f\u017eov\u00fd sekt Pinot Noir \u2013 Blanc de Noir, Brut Nature (0,125 l), vzorek bude k ochutn\u00e1n\u00ed za p\u0159\u00edplatek 110 K\u010d.<\/p>\n\n\n\n<div style=\"height:45px\" aria-hidden=\"true\" class=\"wp-block-spacer\"><\/div>\n\n\n<div class=\"wp-block-image\">\n<figure class=\"aligncenter size-large\"><img decoding=\"async\" src=\"https:\/\/celebrityhouse.cz\/wp-content\/uploads\/2025\/08\/4053.jpg.34e58-1024x683.jpg\" alt=\"Vinice sv. Kl\u00e1ry\" class=\"wp-image-12440\" \/><\/figure><\/div>\n\n\n<div style=\"height:45px\" aria-hidden=\"true\" class=\"wp-block-spacer\"><\/div>\n\n\n\n<p class=\"has-medium-font-size\"><strong>Sledujte d\u011bn\u00ed v&nbsp;botanick\u00e9 zahrad\u011b na <\/strong><a href=\"https:\/\/www.botanicka.cz\/\"><strong>www.botanicka.cz<\/strong><\/a><\/p>\n\n\n\n<div style=\"height:45px\" aria-hidden=\"true\" class=\"wp-block-spacer\"><\/div>\n\n\n\n<figure class=\"wp-block-gallery has-nested-images columns-2 is-cropped wp-block-gallery-1 is-layout-flex wp-block-gallery-is-layout-flex\">\n<figure class=\"wp-block-image size-large\"><img decoding=\"async\" data-id=\"12436\" src=\"https:\/\/celebrityhouse.cz\/wp-content\/uploads\/2025\/08\/D6A0886-1-1024x683.jpg\" alt=\"Vinice sv. Kl\u00e1ry\" class=\"wp-image-12436\" \/><\/figure>\n\n\n\n<figure class=\"wp-block-image size-large\"><img decoding=\"async\" data-id=\"12438\" src=\"https:\/\/celebrityhouse.cz\/wp-content\/uploads\/2025\/08\/vinice_sklizen_2021_D6A0326-1024x683.jpg\" alt=\"Vinice sv. Kl\u00e1ry\" class=\"wp-image-12438\" \/><\/figure>\n\n\n\n<figure class=\"wp-block-image size-large\"><img decoding=\"async\" data-id=\"12437\" src=\"https:\/\/celebrityhouse.cz\/wp-content\/uploads\/2025\/08\/D6A1719-1024x683.jpg\" alt=\"Vinice sv. Kl\u00e1ry\" class=\"wp-image-12437\" \/><\/figure>\n\n\n\n<figure class=\"wp-block-image size-large\"><img decoding=\"async\" data-id=\"12439\" src=\"https:\/\/celebrityhouse.cz\/wp-content\/uploads\/2025\/08\/D6A0105-1024x683.jpg\" alt=\"Vinice sv. Kl\u00e1ry\" class=\"wp-image-12439\" \/><\/figure>\n\n\n\n<figure class=\"wp-block-image size-large\"><img decoding=\"async\" data-id=\"12440\" src=\"https:\/\/celebrityhouse.cz\/wp-content\/uploads\/2025\/08\/4053.jpg.34e58-1024x683.jpg\" alt=\"Vinice sv. Kl\u00e1ry\" class=\"wp-image-12440\" \/><\/figure>\n<\/figure>\n\n\n\n<div style=\"height:45px\" aria-hidden=\"true\" class=\"wp-block-spacer\"><\/div>\n\n\n\n<p class=\"has-medium-font-size\"><strong>Zdroj foto:&nbsp;<\/strong>Botanick\u00e1 zahrada Praha<\/p>\n\n\n\n<div style=\"height:45px\" aria-hidden=\"true\" class=\"wp-block-spacer\"><\/div>\n","protected":false},"excerpt":{"rendered":"<p>U\u017e za m\u011bs\u00edc, tedy o v\u00edkendu 13. a 14. z\u00e1\u0159\u00ed, o\u017eije Vinice sv. Kl\u00e1ry, kter\u00e1 je sou\u010d\u00e1st\u00ed Botanick\u00e9 zahrady hl. m. Prahy, tradi\u010dn\u00edmi v\u00edkendov\u00fdmi oslavami sklizn\u011b v\u00edna. Vinobran\u00ed se tu konaj\u00ed u\u017e od roku&#46;&#46;&#46;<\/p>\n","protected":false},"author":9,"featured_media":8202,"comment_status":"closed","ping_status":"closed","sticky":false,"template":"","format":"standard","meta":{"_monsterinsights_skip_tracking":false,"_monsterinsights_sitenote_active":false,"_monsterinsights_sitenote_note":"","_monsterinsights_sitenote_category":0,"footnotes":""},"categories":[25,2,154],"tags":[],"yoast_head":"<!-- This site is optimized with the Yoast SEO plugin v21.5 - https:\/\/yoast.com\/wordpress\/plugins\/seo\/ -->\n<title>Ji\u017e v z\u00e1\u0159\u00ed o\u017eije Vinice sv. Kl\u00e1ry v Troji tradi\u010dn\u00edm vinobran\u00edm - HOTELHOUSE.cz<\/title>\n<meta name=\"description\" content=\"U\u017e za m\u011bs\u00edc, tedy o v\u00edkendu 13. a 14. z\u00e1\u0159\u00ed, o\u017eije Vinice sv. Kl\u00e1ry, kter\u00e1 je sou\u010d\u00e1st\u00ed Botanick\u00e9 zahrady hl. m. Prahy.\" \/>\n<meta name=\"robots\" content=\"index, follow, max-snippet:-1, max-image-preview:large, max-video-preview:-1\" \/>\n<link rel=\"canonical\" href=\"https:\/\/hotelhouse.cz\/index.php\/2025\/08\/27\/jiz-v-zari-ozije-vinice-sv-klary-v-troji-tradicnim-vinobranim\/\" \/>\n<meta property=\"og:locale\" content=\"cs_CZ\" \/>\n<meta property=\"og:type\" content=\"article\" \/>\n<meta property=\"og:title\" content=\"Ji\u017e v z\u00e1\u0159\u00ed o\u017eije Vinice sv. Kl\u00e1ry v Troji tradi\u010dn\u00edm vinobran\u00edm - HOTELHOUSE.cz\" \/>\n<meta property=\"og:description\" content=\"U\u017e za m\u011bs\u00edc, tedy o v\u00edkendu 13. a 14. z\u00e1\u0159\u00ed, o\u017eije Vinice sv. Kl\u00e1ry, kter\u00e1 je sou\u010d\u00e1st\u00ed Botanick\u00e9 zahrady hl. m. Prahy.\" \/>\n<meta property=\"og:url\" content=\"https:\/\/hotelhouse.cz\/index.php\/2025\/08\/27\/jiz-v-zari-ozije-vinice-sv-klary-v-troji-tradicnim-vinobranim\/\" \/>\n<meta property=\"og:site_name\" content=\"HOTELHOUSE.cz\" \/>\n<meta property=\"article:published_time\" content=\"2025-08-26T22:01:00+00:00\" \/>\n<meta property=\"article:modified_time\" content=\"2025-08-20T14:00:45+00:00\" \/>\n<meta property=\"og:image\" content=\"https:\/\/hotelhouse.cz\/wp-content\/uploads\/2025\/08\/D6A0886-1-scaled.jpg\" \/>\n\t<meta property=\"og:image:width\" content=\"2560\" \/>\n\t<meta property=\"og:image:height\" content=\"1707\" \/>\n\t<meta property=\"og:image:type\" content=\"image\/jpeg\" \/>\n<meta name=\"author\" content=\"Martina Pechov\u00e1\" \/>\n<meta name=\"twitter:card\" content=\"summary_large_image\" \/>\n<meta name=\"twitter:label1\" content=\"Napsal(a)\" \/>\n\t<meta name=\"twitter:data1\" content=\"Martina Pechov\u00e1\" \/>\n\t<meta name=\"twitter:label2\" content=\"Odhadovan\u00e1 doba \u010dten\u00ed\" \/>\n\t<meta name=\"twitter:data2\" content=\"6 minut\" \/>\n<script type=\"application\/ld+json\" class=\"yoast-schema-graph\">{\"@context\":\"https:\/\/schema.org\",\"@graph\":[{\"@type\":\"Article\",\"@id\":\"https:\/\/hotelhouse.cz\/index.php\/2025\/08\/27\/jiz-v-zari-ozije-vinice-sv-klary-v-troji-tradicnim-vinobranim\/#article\",\"isPartOf\":{\"@id\":\"https:\/\/hotelhouse.cz\/index.php\/2025\/08\/27\/jiz-v-zari-ozije-vinice-sv-klary-v-troji-tradicnim-vinobranim\/\"},\"author\":{\"name\":\"Martina Pechov\u00e1\",\"@id\":\"https:\/\/hotelhouse.cz\/#\/schema\/person\/def44b172d589b89b7d95d5df5bf4495\"},\"headline\":\"Ji\u017e v z\u00e1\u0159\u00ed o\u017eije Vinice sv. Kl\u00e1ry v Troji tradi\u010dn\u00edm vinobran\u00edm\",\"datePublished\":\"2025-08-26T22:01:00+00:00\",\"dateModified\":\"2025-08-20T14:00:45+00:00\",\"mainEntityOfPage\":{\"@id\":\"https:\/\/hotelhouse.cz\/index.php\/2025\/08\/27\/jiz-v-zari-ozije-vinice-sv-klary-v-troji-tradicnim-vinobranim\/\"},\"wordCount\":996,\"publisher\":{\"@id\":\"https:\/\/hotelhouse.cz\/#organization\"},\"articleSection\":[\"DEGUSTUJEME &amp; TESTUJEME\",\"NEWS\",\"PRA\u017dSK\u00c1 METROPOLE\"],\"inLanguage\":\"cs\"},{\"@type\":\"WebPage\",\"@id\":\"https:\/\/hotelhouse.cz\/index.php\/2025\/08\/27\/jiz-v-zari-ozije-vinice-sv-klary-v-troji-tradicnim-vinobranim\/\",\"url\":\"https:\/\/hotelhouse.cz\/index.php\/2025\/08\/27\/jiz-v-zari-ozije-vinice-sv-klary-v-troji-tradicnim-vinobranim\/\",\"name\":\"Ji\u017e v z\u00e1\u0159\u00ed o\u017eije Vinice sv. Kl\u00e1ry v Troji tradi\u010dn\u00edm vinobran\u00edm - HOTELHOUSE.cz\",\"isPartOf\":{\"@id\":\"https:\/\/hotelhouse.cz\/#website\"},\"datePublished\":\"2025-08-26T22:01:00+00:00\",\"dateModified\":\"2025-08-20T14:00:45+00:00\",\"description\":\"U\u017e za m\u011bs\u00edc, tedy o v\u00edkendu 13. a 14. z\u00e1\u0159\u00ed, o\u017eije Vinice sv. Kl\u00e1ry, kter\u00e1 je sou\u010d\u00e1st\u00ed Botanick\u00e9 zahrady hl. m. Prahy.\",\"breadcrumb\":{\"@id\":\"https:\/\/hotelhouse.cz\/index.php\/2025\/08\/27\/jiz-v-zari-ozije-vinice-sv-klary-v-troji-tradicnim-vinobranim\/#breadcrumb\"},\"inLanguage\":\"cs\",\"potentialAction\":[{\"@type\":\"ReadAction\",\"target\":[\"https:\/\/hotelhouse.cz\/index.php\/2025\/08\/27\/jiz-v-zari-ozije-vinice-sv-klary-v-troji-tradicnim-vinobranim\/\"]}]},{\"@type\":\"BreadcrumbList\",\"@id\":\"https:\/\/hotelhouse.cz\/index.php\/2025\/08\/27\/jiz-v-zari-ozije-vinice-sv-klary-v-troji-tradicnim-vinobranim\/#breadcrumb\",\"itemListElement\":[{\"@type\":\"ListItem\",\"position\":1,\"name\":\"Dom\u016f\",\"item\":\"https:\/\/hotelhouse.cz\/\"},{\"@type\":\"ListItem\",\"position\":2,\"name\":\"Ji\u017e v z\u00e1\u0159\u00ed o\u017eije Vinice sv. Kl\u00e1ry v Troji tradi\u010dn\u00edm vinobran\u00edm\"}]},{\"@type\":\"WebSite\",\"@id\":\"https:\/\/hotelhouse.cz\/#website\",\"url\":\"https:\/\/hotelhouse.cz\/\",\"name\":\"HOTELHOUSE.cz\",\"description\":\"Port\u00e1l o hotelech, pensionech, spa resortech a restaurac\u00edch...\",\"publisher\":{\"@id\":\"https:\/\/hotelhouse.cz\/#organization\"},\"potentialAction\":[{\"@type\":\"SearchAction\",\"target\":{\"@type\":\"EntryPoint\",\"urlTemplate\":\"https:\/\/hotelhouse.cz\/?s={search_term_string}\"},\"query-input\":\"required name=search_term_string\"}],\"inLanguage\":\"cs\"},{\"@type\":\"Organization\",\"@id\":\"https:\/\/hotelhouse.cz\/#organization\",\"name\":\"HOTELHOUSE.cz\",\"url\":\"https:\/\/hotelhouse.cz\/\",\"logo\":{\"@type\":\"ImageObject\",\"inLanguage\":\"cs\",\"@id\":\"https:\/\/hotelhouse.cz\/#\/schema\/logo\/image\/\",\"url\":\"https:\/\/hotelhouse.cz\/wp-content\/uploads\/2024\/12\/cropped-Logo_HotelHouse-2.jpg\",\"contentUrl\":\"https:\/\/hotelhouse.cz\/wp-content\/uploads\/2024\/12\/cropped-Logo_HotelHouse-2.jpg\",\"width\":933,\"height\":516,\"caption\":\"HOTELHOUSE.cz\"},\"image\":{\"@id\":\"https:\/\/hotelhouse.cz\/#\/schema\/logo\/image\/\"},\"sameAs\":[\"https:\/\/www.instagram.com\/hotelhousecz\/\"]},{\"@type\":\"Person\",\"@id\":\"https:\/\/hotelhouse.cz\/#\/schema\/person\/def44b172d589b89b7d95d5df5bf4495\",\"name\":\"Martina Pechov\u00e1\",\"image\":{\"@type\":\"ImageObject\",\"inLanguage\":\"cs\",\"@id\":\"https:\/\/hotelhouse.cz\/#\/schema\/person\/image\/\",\"url\":\"https:\/\/secure.gravatar.com\/avatar\/f0b7849f9f82bc20952396010e3c9adb?s=96&d=mm&r=g\",\"contentUrl\":\"https:\/\/secure.gravatar.com\/avatar\/f0b7849f9f82bc20952396010e3c9adb?s=96&d=mm&r=g\",\"caption\":\"Martina Pechov\u00e1\"},\"sameAs\":[\"http:\/\/HOTELHOUSE.cz\"],\"url\":\"https:\/\/hotelhouse.cz\/index.php\/author\/marpech\/\"}]}<\/script>\n<!-- \/ Yoast SEO plugin. -->","yoast_head_json":{"title":"Ji\u017e v z\u00e1\u0159\u00ed o\u017eije Vinice sv. Kl\u00e1ry v Troji tradi\u010dn\u00edm vinobran\u00edm - HOTELHOUSE.cz","description":"U\u017e za m\u011bs\u00edc, tedy o v\u00edkendu 13. a 14. z\u00e1\u0159\u00ed, o\u017eije Vinice sv. Kl\u00e1ry, kter\u00e1 je sou\u010d\u00e1st\u00ed Botanick\u00e9 zahrady hl. m. Prahy.","robots":{"index":"index","follow":"follow","max-snippet":"max-snippet:-1","max-image-preview":"max-image-preview:large","max-video-preview":"max-video-preview:-1"},"canonical":"https:\/\/hotelhouse.cz\/index.php\/2025\/08\/27\/jiz-v-zari-ozije-vinice-sv-klary-v-troji-tradicnim-vinobranim\/","og_locale":"cs_CZ","og_type":"article","og_title":"Ji\u017e v z\u00e1\u0159\u00ed o\u017eije Vinice sv. Kl\u00e1ry v Troji tradi\u010dn\u00edm vinobran\u00edm - HOTELHOUSE.cz","og_description":"U\u017e za m\u011bs\u00edc, tedy o v\u00edkendu 13. a 14. z\u00e1\u0159\u00ed, o\u017eije Vinice sv. Kl\u00e1ry, kter\u00e1 je sou\u010d\u00e1st\u00ed Botanick\u00e9 zahrady hl. m. Prahy.","og_url":"https:\/\/hotelhouse.cz\/index.php\/2025\/08\/27\/jiz-v-zari-ozije-vinice-sv-klary-v-troji-tradicnim-vinobranim\/","og_site_name":"HOTELHOUSE.cz","article_published_time":"2025-08-26T22:01:00+00:00","article_modified_time":"2025-08-20T14:00:45+00:00","og_image":[{"width":2560,"height":1707,"url":"https:\/\/hotelhouse.cz\/wp-content\/uploads\/2025\/08\/D6A0886-1-scaled.jpg","type":"image\/jpeg"}],"author":"Martina Pechov\u00e1","twitter_card":"summary_large_image","twitter_misc":{"Napsal(a)":"Martina Pechov\u00e1","Odhadovan\u00e1 doba \u010dten\u00ed":"6 minut"},"schema":{"@context":"https:\/\/schema.org","@graph":[{"@type":"Article","@id":"https:\/\/hotelhouse.cz\/index.php\/2025\/08\/27\/jiz-v-zari-ozije-vinice-sv-klary-v-troji-tradicnim-vinobranim\/#article","isPartOf":{"@id":"https:\/\/hotelhouse.cz\/index.php\/2025\/08\/27\/jiz-v-zari-ozije-vinice-sv-klary-v-troji-tradicnim-vinobranim\/"},"author":{"name":"Martina Pechov\u00e1","@id":"https:\/\/hotelhouse.cz\/#\/schema\/person\/def44b172d589b89b7d95d5df5bf4495"},"headline":"Ji\u017e v z\u00e1\u0159\u00ed o\u017eije Vinice sv. Kl\u00e1ry v Troji tradi\u010dn\u00edm vinobran\u00edm","datePublished":"2025-08-26T22:01:00+00:00","dateModified":"2025-08-20T14:00:45+00:00","mainEntityOfPage":{"@id":"https:\/\/hotelhouse.cz\/index.php\/2025\/08\/27\/jiz-v-zari-ozije-vinice-sv-klary-v-troji-tradicnim-vinobranim\/"},"wordCount":996,"publisher":{"@id":"https:\/\/hotelhouse.cz\/#organization"},"articleSection":["DEGUSTUJEME &amp; TESTUJEME","NEWS","PRA\u017dSK\u00c1 METROPOLE"],"inLanguage":"cs"},{"@type":"WebPage","@id":"https:\/\/hotelhouse.cz\/index.php\/2025\/08\/27\/jiz-v-zari-ozije-vinice-sv-klary-v-troji-tradicnim-vinobranim\/","url":"https:\/\/hotelhouse.cz\/index.php\/2025\/08\/27\/jiz-v-zari-ozije-vinice-sv-klary-v-troji-tradicnim-vinobranim\/","name":"Ji\u017e v z\u00e1\u0159\u00ed o\u017eije Vinice sv. Kl\u00e1ry v Troji tradi\u010dn\u00edm vinobran\u00edm - HOTELHOUSE.cz","isPartOf":{"@id":"https:\/\/hotelhouse.cz\/#website"},"datePublished":"2025-08-26T22:01:00+00:00","dateModified":"2025-08-20T14:00:45+00:00","description":"U\u017e za m\u011bs\u00edc, tedy o v\u00edkendu 13. a 14. z\u00e1\u0159\u00ed, o\u017eije Vinice sv. Kl\u00e1ry, kter\u00e1 je sou\u010d\u00e1st\u00ed Botanick\u00e9 zahrady hl. m. Prahy.","breadcrumb":{"@id":"https:\/\/hotelhouse.cz\/index.php\/2025\/08\/27\/jiz-v-zari-ozije-vinice-sv-klary-v-troji-tradicnim-vinobranim\/#breadcrumb"},"inLanguage":"cs","potentialAction":[{"@type":"ReadAction","target":["https:\/\/hotelhouse.cz\/index.php\/2025\/08\/27\/jiz-v-zari-ozije-vinice-sv-klary-v-troji-tradicnim-vinobranim\/"]}]},{"@type":"BreadcrumbList","@id":"https:\/\/hotelhouse.cz\/index.php\/2025\/08\/27\/jiz-v-zari-ozije-vinice-sv-klary-v-troji-tradicnim-vinobranim\/#breadcrumb","itemListElement":[{"@type":"ListItem","position":1,"name":"Dom\u016f","item":"https:\/\/hotelhouse.cz\/"},{"@type":"ListItem","position":2,"name":"Ji\u017e v z\u00e1\u0159\u00ed o\u017eije Vinice sv. Kl\u00e1ry v Troji tradi\u010dn\u00edm vinobran\u00edm"}]},{"@type":"WebSite","@id":"https:\/\/hotelhouse.cz\/#website","url":"https:\/\/hotelhouse.cz\/","name":"HOTELHOUSE.cz","description":"Port\u00e1l o hotelech, pensionech, spa resortech a restaurac\u00edch...","publisher":{"@id":"https:\/\/hotelhouse.cz\/#organization"},"potentialAction":[{"@type":"SearchAction","target":{"@type":"EntryPoint","urlTemplate":"https:\/\/hotelhouse.cz\/?s={search_term_string}"},"query-input":"required name=search_term_string"}],"inLanguage":"cs"},{"@type":"Organization","@id":"https:\/\/hotelhouse.cz\/#organization","name":"HOTELHOUSE.cz","url":"https:\/\/hotelhouse.cz\/","logo":{"@type":"ImageObject","inLanguage":"cs","@id":"https:\/\/hotelhouse.cz\/#\/schema\/logo\/image\/","url":"https:\/\/hotelhouse.cz\/wp-content\/uploads\/2024\/12\/cropped-Logo_HotelHouse-2.jpg","contentUrl":"https:\/\/hotelhouse.cz\/wp-content\/uploads\/2024\/12\/cropped-Logo_HotelHouse-2.jpg","width":933,"height":516,"caption":"HOTELHOUSE.cz"},"image":{"@id":"https:\/\/hotelhouse.cz\/#\/schema\/logo\/image\/"},"sameAs":["https:\/\/www.instagram.com\/hotelhousecz\/"]},{"@type":"Person","@id":"https:\/\/hotelhouse.cz\/#\/schema\/person\/def44b172d589b89b7d95d5df5bf4495","name":"Martina Pechov\u00e1","image":{"@type":"ImageObject","inLanguage":"cs","@id":"https:\/\/hotelhouse.cz\/#\/schema\/person\/image\/","url":"https:\/\/secure.gravatar.com\/avatar\/f0b7849f9f82bc20952396010e3c9adb?s=96&d=mm&r=g","contentUrl":"https:\/\/secure.gravatar.com\/avatar\/f0b7849f9f82bc20952396010e3c9adb?s=96&d=mm&r=g","caption":"Martina Pechov\u00e1"},"sameAs":["http:\/\/HOTELHOUSE.cz"],"url":"https:\/\/hotelhouse.cz\/index.php\/author\/marpech\/"}]}},"_links":{"self":[{"href":"https:\/\/hotelhouse.cz\/index.php\/wp-json\/wp\/v2\/posts\/8200"}],"collection":[{"href":"https:\/\/hotelhouse.cz\/index.php\/wp-json\/wp\/v2\/posts"}],"about":[{"href":"https:\/\/hotelhouse.cz\/index.php\/wp-json\/wp\/v2\/types\/post"}],"author":[{"embeddable":true,"href":"https:\/\/hotelhouse.cz\/index.php\/wp-json\/wp\/v2\/users\/9"}],"replies":[{"embeddable":true,"href":"https:\/\/hotelhouse.cz\/index.php\/wp-json\/wp\/v2\/comments?post=8200"}],"version-history":[{"count":3,"href":"https:\/\/hotelhouse.cz\/index.php\/wp-json\/wp\/v2\/posts\/8200\/revisions"}],"predecessor-version":[{"id":8210,"href":"https:\/\/hotelhouse.cz\/index.php\/wp-json\/wp\/v2\/posts\/8200\/revisions\/8210"}],"wp:featuredmedia":[{"embeddable":true,"href":"https:\/\/hotelhouse.cz\/index.php\/wp-json\/wp\/v2\/media\/8202"}],"wp:attachment":[{"href":"https:\/\/hotelhouse.cz\/index.php\/wp-json\/wp\/v2\/media?parent=8200"}],"wp:term":[{"taxonomy":"category","embeddable":true,"href":"https:\/\/hotelhouse.cz\/index.php\/wp-json\/wp\/v2\/categories?post=8200"},{"taxonomy":"post_tag","embeddable":true,"href":"https:\/\/hotelhouse.cz\/index.php\/wp-json\/wp\/v2\/tags?post=8200"}],"curies":[{"name":"wp","href":"https:\/\/api.w.org\/{rel}","templated":true}]}}