{"id":8226,"date":"2025-08-28T00:01:00","date_gmt":"2025-08-27T22:01:00","guid":{"rendered":"https:\/\/hotelhouse.cz\/?p=8226"},"modified":"2025-08-28T20:46:42","modified_gmt":"2025-08-28T18:46:42","slug":"pozvanka-na-sobotni-spindlerovske-sejkory-ochutnavka-krkonosske-tradice","status":"publish","type":"post","link":"https:\/\/hotelhouse.cz\/index.php\/2025\/08\/28\/pozvanka-na-sobotni-spindlerovske-sejkory-ochutnavka-krkonosske-tradice\/","title":{"rendered":"Pozv\u00e1nka na sobotn\u00ed \u0160pindlerovsk\u00e9 sejkory: Ochutn\u00e1vka krkono\u0161sk\u00e9 tradice"},"content":{"rendered":"\n<div style=\"height:43px\" aria-hidden=\"true\" class=\"wp-block-spacer\"><\/div>\n\n\n\n<p class=\"has-medium-font-size\"><strong>P\u0159ijm\u011bte srde\u010dn\u00e9 pozv\u00e1n\u00ed na druh\u00fd ro\u010dn\u00edk \u0160pindlerovsk\u00fdch sejkor, sousedsk\u00e9 akce, kter\u00e1 spojuje l\u00e1sku k tradi\u010dn\u00edmu lok\u00e1ln\u00edmu pokrmu s p\u0159\u00e1telsk\u00fdm setk\u00e1n\u00edm. Ud\u00e1lost se bude konat ji\u017e v sobotu 30. srpna v m\u011bstsk\u00e9m parku v centru <a href=\"https:\/\/spindleruvmlyn.cz\/category\/krkonose\/\">\u0160pindlerova Ml\u00fdna<\/a>.<\/strong><\/p>\n\n\n\n<div style=\"height:43px\" aria-hidden=\"true\" class=\"wp-block-spacer\"><\/div>\n\n\n<div class=\"wp-block-image\">\n<figure class=\"aligncenter size-full\"><img decoding=\"async\" src=\"https:\/\/spindleruvmlyn.cz\/wp-content\/uploads\/2025\/08\/IG-post-Spindlerovske-sejkory-SM-2025.jpg\" alt=\"Pozv\u00e1nka na sobotn\u00ed \u0160pindlerovsk\u00e9 sejkory: Ochutn\u00e1vka krkono\u0161sk\u00e9 tradice\" class=\"wp-image-3695\"\/><\/figure><\/div>\n\n\n<div style=\"height:43px\" aria-hidden=\"true\" class=\"wp-block-spacer\"><\/div>\n\n\n\n<p class=\"has-medium-font-size\">Stejn\u011b jako loni i letos v\u011b\u0159\u00edme, \u017ee tato akce bude p\u0159\u00edjemn\u00fdm zakon\u010den\u00edm letn\u00edch pr\u00e1zdnin pro cel\u00e9 rodiny.<\/p>\n\n\n\n<div style=\"height:43px\" aria-hidden=\"true\" class=\"wp-block-spacer\"><\/div>\n\n\n<div class=\"wp-block-image is-resized\">\n<figure class=\"aligncenter size-full\"><img decoding=\"async\" src=\"https:\/\/spindleruvmlyn.cz\/wp-content\/uploads\/2025\/08\/A4-Spindlerovske-sejkory-cisty-program-SM-2025.jpg\" alt=\"Pozv\u00e1nka na sobotn\u00ed \u0160pindlerovsk\u00e9 sejkory: Ochutn\u00e1vka krkono\u0161sk\u00e9 tradice\" class=\"wp-image-3694\"\/><\/figure><\/div>\n\n\n<div style=\"height:43px\" aria-hidden=\"true\" class=\"wp-block-spacer\"><\/div>\n\n\n\n<h2 class=\"wp-block-heading\">Na co se m\u016f\u017eete t\u011b\u0161it?<\/h2>\n\n\n\n<div style=\"height:43px\" aria-hidden=\"true\" class=\"wp-block-spacer\"><\/div>\n\n\n\n<p class=\"has-medium-font-size\">Akce za\u010d\u00edn\u00e1 ve <strong>13:00 hodin<\/strong>, ale m\u016f\u017eete se p\u0159ipojit kdykoliv b\u011bhem odpoledne. Program je navr\u017een tak, abychom m\u011bli dostatek \u010dasu na degustaci, pov\u00edd\u00e1n\u00ed a z\u00e1bavu.<\/p>\n\n\n\n<div style=\"height:22px\" aria-hidden=\"true\" class=\"wp-block-spacer\"><\/div>\n\n\n\n<ul class=\"wp-block-list\">\n<li class=\"has-medium-font-size\"><strong>Ochutn\u00e1vka sejkor:<\/strong> \u010cek\u00e1 v\u00e1s sout\u011b\u017e o nejlep\u0161\u00ed sejkoru od m\u00edstn\u00edch ob\u010dan\u016f, gastro za\u0159\u00edzen\u00ed a \u0161pindlerovsk\u00fdch spolk\u016f. Konkurence je siln\u00e1! O titul nejlep\u0161\u00edho sejkora\u0159e se utkaj\u00ed: <strong>Dvo\u0159\u00e1kova bouda<\/strong> (lo\u0148sk\u00fd v\u00edt\u011bz), <strong>\u0160pindlerov\u0161t\u00ed hasi\u010di<\/strong>, <strong>Horsk\u00e1 slu\u017eba<\/strong>, spolek <strong>\u0160pindl sportuje<\/strong>, <strong>Skiare\u00e1l \u0160pindler\u016fv Ml\u00fdn<\/strong>, a hotely a restaurace <strong>Elan bar<\/strong>, <strong>Jel\u00ednek<\/strong>, <strong>Pinia<\/strong>, <strong>Soyka<\/strong>, <strong>Vojensk\u00e1 zotavovna<\/strong> a <strong>Harmony<\/strong>.<\/li>\n\n\n\n<li class=\"has-medium-font-size\"><strong>Hudebn\u00ed doprovod:<\/strong> Odpoledne v\u00e1m zp\u0159\u00edjemn\u00ed duo <strong>Nikita &amp; Filip<\/strong> a ve\u010der, po vyhl\u00e1\u0161en\u00ed v\u00edt\u011bz\u016f, si vychutn\u00e1te hudbu \u0161ansonov\u00e9ho tria <strong>Je\u017eek v deci<\/strong>, kter\u00e9 zahraje od <strong>18:30 hodin<\/strong>.<\/li>\n\n\n\n<li class=\"has-medium-font-size\"><strong>Program pro d\u011bti:<\/strong> Pro na\u0161e nejmen\u0161\u00ed jsou p\u0159ipraveny tv\u016fr\u010d\u00ed d\u00edlni\u010dky pod veden\u00edm <strong>Monky Galbav\u00e9<\/strong>.<\/li>\n<\/ul>\n\n\n\n<div style=\"height:43px\" aria-hidden=\"true\" class=\"wp-block-spacer\"><\/div>\n\n\n<div class=\"wp-block-image is-resized\">\n<figure class=\"aligncenter size-full\"><img decoding=\"async\" src=\"https:\/\/spindleruvmlyn.cz\/wp-content\/uploads\/2025\/08\/A4-Spindlerovske-sejkory-PROGRAM-SM-2025.jpg\" alt=\"Pozv\u00e1nka na sobotn\u00ed \u0160pindlerovsk\u00e9 sejkory: Ochutn\u00e1vka krkono\u0161sk\u00e9 tradice\" class=\"wp-image-3689\"\/><\/figure><\/div>\n\n\n<div style=\"height:43px\" aria-hidden=\"true\" class=\"wp-block-spacer\"><\/div>\n\n\n\n<h2 class=\"wp-block-heading\">Sout\u011b\u017e o nejlep\u0161\u00ed sejkoru<\/h2>\n\n\n\n<div style=\"height:43px\" aria-hidden=\"true\" class=\"wp-block-spacer\"><\/div>\n\n\n\n<p class=\"has-medium-font-size\">Vyhl\u00e1\u0161en\u00ed v\u00edt\u011bze druh\u00e9ho ro\u010dn\u00edku prob\u011bhne v <strong>18:00 hodin<\/strong>. Chcete se zapojit do hlasov\u00e1n\u00ed? Zakupte si degusta\u010dn\u00ed kartu za <strong>250 K\u010d<\/strong>, kter\u00e1 slou\u017e\u00ed z\u00e1rove\u0148 jako hlasovac\u00ed l\u00edstek. Karty budou k dispozici v informa\u010dn\u00edm st\u00e1nku m\u011bsta (u mlyn\u00e1\u0159e, v horn\u00ed \u010d\u00e1sti parku).<\/p>\n\n\n\n<p class=\"has-medium-font-size\"><strong>Vstup na akci je zdarma, tak nev\u00e1hejte a p\u0159ij\u010fte si s n\u00e1mi u\u017e\u00edt nezapomenuteln\u00e9 odpoledne pln\u00e9 dobr\u00e9ho j\u00eddla a skv\u011bl\u00e9 atmosf\u00e9ry! <\/strong><\/p>\n\n\n\n<div style=\"height:100px\" aria-hidden=\"true\" class=\"wp-block-spacer\"><\/div>\n\n\n\n<figure class=\"wp-block-gallery has-nested-images columns-2 is-cropped wp-block-gallery-1 is-layout-flex wp-block-gallery-is-layout-flex\">\n<figure class=\"wp-block-image size-large\"><img decoding=\"async\" data-id=\"3689\" src=\"https:\/\/spindleruvmlyn.cz\/wp-content\/uploads\/2025\/08\/A4-Spindlerovske-sejkory-PROGRAM-SM-2025.jpg\" alt=\"Pozv\u00e1nka na sobotn\u00ed \u0160pindlerovsk\u00e9 sejkory: Ochutn\u00e1vka krkono\u0161sk\u00e9 tradice\" class=\"wp-image-3689\"\/><\/figure>\n\n\n\n<figure class=\"wp-block-image size-large\"><img decoding=\"async\" data-id=\"3694\" src=\"https:\/\/spindleruvmlyn.cz\/wp-content\/uploads\/2025\/08\/A4-Spindlerovske-sejkory-cisty-program-SM-2025.jpg\" alt=\"Pozv\u00e1nka na sobotn\u00ed \u0160pindlerovsk\u00e9 sejkory: Ochutn\u00e1vka krkono\u0161sk\u00e9 tradice\" class=\"wp-image-3694\"\/><\/figure>\n\n\n\n<figure class=\"wp-block-image size-large\"><img decoding=\"async\" data-id=\"3695\" src=\"https:\/\/spindleruvmlyn.cz\/wp-content\/uploads\/2025\/08\/IG-post-Spindlerovske-sejkory-SM-2025.jpg\" alt=\"Pozv\u00e1nka na sobotn\u00ed \u0160pindlerovsk\u00e9 sejkory: Ochutn\u00e1vka krkono\u0161sk\u00e9 tradice\" class=\"wp-image-3695\"\/><\/figure>\n\n\n\n<figure class=\"wp-block-image size-large\"><img decoding=\"async\" data-id=\"3690\" src=\"https:\/\/spindleruvmlyn.cz\/wp-content\/uploads\/2025\/08\/A4-Spindlerovske-sejkory-SM-2025.jpg\" alt=\"Pozv\u00e1nka na sobotn\u00ed \u0160pindlerovsk\u00e9 sejkory: Ochutn\u00e1vka krkono\u0161sk\u00e9 tradice\" class=\"wp-image-3690\"\/><\/figure>\n\n\n\n<figure class=\"wp-block-image size-large\"><img decoding=\"async\" data-id=\"3692\" src=\"https:\/\/spindleruvmlyn.cz\/wp-content\/uploads\/2025\/08\/FCBK-Spindlerovske-sejkory-SM-2025-1024x390.jpg\" alt=\"Pozv\u00e1nka na sobotn\u00ed \u0160pindlerovsk\u00e9 sejkory: Ochutn\u00e1vka krkono\u0161sk\u00e9 tradice\" class=\"wp-image-3692\"\/><\/figure>\n<\/figure>\n\n\n\n<div style=\"height:35px\" aria-hidden=\"true\" class=\"wp-block-spacer\"><\/div>\n\n\n\n<p class=\"has-medium-font-size\"><strong>Zdroj foto:<\/strong> \u0160pindler\u016fv Ml\u00fdn<\/p>\n\n\n\n<div style=\"height:68px\" aria-hidden=\"true\" class=\"wp-block-spacer\"><\/div>\n\n\n\n<p class=\"has-medium-font-size\"><\/p>\n","protected":false},"excerpt":{"rendered":"<p>P\u0159ijm\u011bte srde\u010dn\u00e9 pozv\u00e1n\u00ed na druh\u00fd ro\u010dn\u00edk \u0160pindlerovsk\u00fdch sejkor, sousedsk\u00e9 akce, kter\u00e1 spojuje l\u00e1sku k tradi\u010dn\u00edmu lok\u00e1ln\u00edmu pokrmu s p\u0159\u00e1telsk\u00fdm setk\u00e1n\u00edm. Ud\u00e1lost se bude konat ji\u017e v sobotu 30. srpna v m\u011bstsk\u00e9m parku v centru&#46;&#46;&#46;<\/p>\n","protected":false},"author":3,"featured_media":8227,"comment_status":"closed","ping_status":"closed","sticky":false,"template":"","format":"standard","meta":{"_monsterinsights_skip_tracking":false,"_monsterinsights_sitenote_active":false,"_monsterinsights_sitenote_note":"","_monsterinsights_sitenote_category":0,"footnotes":""},"categories":[26,2,160,23],"tags":[],"yoast_head":"<!-- This site is optimized with the Yoast SEO plugin v21.5 - https:\/\/yoast.com\/wordpress\/plugins\/seo\/ -->\n<title>Pozv\u00e1nka na sobotn\u00ed \u0160pindlerovsk\u00e9 sejkory: Ochutn\u00e1vka krkono\u0161sk\u00e9 tradice - HOTELHOUSE.cz<\/title>\n<meta name=\"description\" content=\"Pozv\u00e1nka na sobotn\u00ed \u0160pindlerovsk\u00e9 sejkory: Ud\u00e1lost se bude konat ji\u017e v sobotu 30. srpna v m\u011bstsk\u00e9m parku v centru \u0160pindlerova Ml\u00fdna.\" \/>\n<meta name=\"robots\" content=\"index, follow, max-snippet:-1, max-image-preview:large, max-video-preview:-1\" \/>\n<link rel=\"canonical\" href=\"https:\/\/hotelhouse.cz\/index.php\/2025\/08\/28\/pozvanka-na-sobotni-spindlerovske-sejkory-ochutnavka-krkonosske-tradice\/\" \/>\n<meta property=\"og:locale\" content=\"cs_CZ\" \/>\n<meta property=\"og:type\" content=\"article\" \/>\n<meta property=\"og:title\" content=\"Pozv\u00e1nka na sobotn\u00ed \u0160pindlerovsk\u00e9 sejkory: Ochutn\u00e1vka krkono\u0161sk\u00e9 tradice - HOTELHOUSE.cz\" \/>\n<meta property=\"og:description\" content=\"Pozv\u00e1nka na sobotn\u00ed \u0160pindlerovsk\u00e9 sejkory: Ud\u00e1lost se bude konat ji\u017e v sobotu 30. srpna v m\u011bstsk\u00e9m parku v centru \u0160pindlerova Ml\u00fdna.\" \/>\n<meta property=\"og:url\" content=\"https:\/\/hotelhouse.cz\/index.php\/2025\/08\/28\/pozvanka-na-sobotni-spindlerovske-sejkory-ochutnavka-krkonosske-tradice\/\" \/>\n<meta property=\"og:site_name\" content=\"HOTELHOUSE.cz\" \/>\n<meta property=\"article:published_time\" content=\"2025-08-27T22:01:00+00:00\" \/>\n<meta property=\"article:modified_time\" content=\"2025-08-28T18:46:42+00:00\" \/>\n<meta property=\"og:image\" content=\"https:\/\/hotelhouse.cz\/wp-content\/uploads\/2025\/08\/Spindlerovske-sejkory-TTL.jpg\" \/>\n\t<meta property=\"og:image:width\" content=\"1154\" \/>\n\t<meta property=\"og:image:height\" content=\"554\" \/>\n\t<meta property=\"og:image:type\" content=\"image\/jpeg\" \/>\n<meta name=\"author\" content=\"Van\u011bk Miroslav\" \/>\n<meta name=\"twitter:card\" content=\"summary_large_image\" \/>\n<meta name=\"twitter:label1\" content=\"Napsal(a)\" \/>\n\t<meta name=\"twitter:data1\" content=\"Van\u011bk Miroslav\" \/>\n\t<meta name=\"twitter:label2\" content=\"Odhadovan\u00e1 doba \u010dten\u00ed\" \/>\n\t<meta name=\"twitter:data2\" content=\"3 minuty\" \/>\n<script type=\"application\/ld+json\" class=\"yoast-schema-graph\">{\"@context\":\"https:\/\/schema.org\",\"@graph\":[{\"@type\":\"Article\",\"@id\":\"https:\/\/hotelhouse.cz\/index.php\/2025\/08\/28\/pozvanka-na-sobotni-spindlerovske-sejkory-ochutnavka-krkonosske-tradice\/#article\",\"isPartOf\":{\"@id\":\"https:\/\/hotelhouse.cz\/index.php\/2025\/08\/28\/pozvanka-na-sobotni-spindlerovske-sejkory-ochutnavka-krkonosske-tradice\/\"},\"author\":{\"name\":\"Van\u011bk Miroslav\",\"@id\":\"https:\/\/hotelhouse.cz\/#\/schema\/person\/fa8caee3f0a9c6134afed3c541204812\"},\"headline\":\"Pozv\u00e1nka na sobotn\u00ed \u0160pindlerovsk\u00e9 sejkory: Ochutn\u00e1vka krkono\u0161sk\u00e9 tradice\",\"datePublished\":\"2025-08-27T22:01:00+00:00\",\"dateModified\":\"2025-08-28T18:46:42+00:00\",\"mainEntityOfPage\":{\"@id\":\"https:\/\/hotelhouse.cz\/index.php\/2025\/08\/28\/pozvanka-na-sobotni-spindlerovske-sejkory-ochutnavka-krkonosske-tradice\/\"},\"wordCount\":352,\"publisher\":{\"@id\":\"https:\/\/hotelhouse.cz\/#organization\"},\"articleSection\":[\"N\u00e1dhern\u00e1M\u00edsta.cz\",\"NEWS\",\"\u0160PINDLER\u016eV ML\u00ddN\",\"TIPY NA CESTOV\u00c1N\u00cd\"],\"inLanguage\":\"cs\"},{\"@type\":\"WebPage\",\"@id\":\"https:\/\/hotelhouse.cz\/index.php\/2025\/08\/28\/pozvanka-na-sobotni-spindlerovske-sejkory-ochutnavka-krkonosske-tradice\/\",\"url\":\"https:\/\/hotelhouse.cz\/index.php\/2025\/08\/28\/pozvanka-na-sobotni-spindlerovske-sejkory-ochutnavka-krkonosske-tradice\/\",\"name\":\"Pozv\u00e1nka na sobotn\u00ed \u0160pindlerovsk\u00e9 sejkory: Ochutn\u00e1vka krkono\u0161sk\u00e9 tradice - HOTELHOUSE.cz\",\"isPartOf\":{\"@id\":\"https:\/\/hotelhouse.cz\/#website\"},\"datePublished\":\"2025-08-27T22:01:00+00:00\",\"dateModified\":\"2025-08-28T18:46:42+00:00\",\"description\":\"Pozv\u00e1nka na sobotn\u00ed \u0160pindlerovsk\u00e9 sejkory: Ud\u00e1lost se bude konat ji\u017e v sobotu 30. srpna v m\u011bstsk\u00e9m parku v centru \u0160pindlerova Ml\u00fdna.\",\"breadcrumb\":{\"@id\":\"https:\/\/hotelhouse.cz\/index.php\/2025\/08\/28\/pozvanka-na-sobotni-spindlerovske-sejkory-ochutnavka-krkonosske-tradice\/#breadcrumb\"},\"inLanguage\":\"cs\",\"potentialAction\":[{\"@type\":\"ReadAction\",\"target\":[\"https:\/\/hotelhouse.cz\/index.php\/2025\/08\/28\/pozvanka-na-sobotni-spindlerovske-sejkory-ochutnavka-krkonosske-tradice\/\"]}]},{\"@type\":\"BreadcrumbList\",\"@id\":\"https:\/\/hotelhouse.cz\/index.php\/2025\/08\/28\/pozvanka-na-sobotni-spindlerovske-sejkory-ochutnavka-krkonosske-tradice\/#breadcrumb\",\"itemListElement\":[{\"@type\":\"ListItem\",\"position\":1,\"name\":\"Dom\u016f\",\"item\":\"https:\/\/hotelhouse.cz\/\"},{\"@type\":\"ListItem\",\"position\":2,\"name\":\"Pozv\u00e1nka na sobotn\u00ed \u0160pindlerovsk\u00e9 sejkory: Ochutn\u00e1vka krkono\u0161sk\u00e9 tradice\"}]},{\"@type\":\"WebSite\",\"@id\":\"https:\/\/hotelhouse.cz\/#website\",\"url\":\"https:\/\/hotelhouse.cz\/\",\"name\":\"HOTELHOUSE.cz\",\"description\":\"Port\u00e1l o hotelech, pensionech, spa resortech a restaurac\u00edch...\",\"publisher\":{\"@id\":\"https:\/\/hotelhouse.cz\/#organization\"},\"potentialAction\":[{\"@type\":\"SearchAction\",\"target\":{\"@type\":\"EntryPoint\",\"urlTemplate\":\"https:\/\/hotelhouse.cz\/?s={search_term_string}\"},\"query-input\":\"required name=search_term_string\"}],\"inLanguage\":\"cs\"},{\"@type\":\"Organization\",\"@id\":\"https:\/\/hotelhouse.cz\/#organization\",\"name\":\"HOTELHOUSE.cz\",\"url\":\"https:\/\/hotelhouse.cz\/\",\"logo\":{\"@type\":\"ImageObject\",\"inLanguage\":\"cs\",\"@id\":\"https:\/\/hotelhouse.cz\/#\/schema\/logo\/image\/\",\"url\":\"https:\/\/hotelhouse.cz\/wp-content\/uploads\/2024\/12\/cropped-Logo_HotelHouse-2.jpg\",\"contentUrl\":\"https:\/\/hotelhouse.cz\/wp-content\/uploads\/2024\/12\/cropped-Logo_HotelHouse-2.jpg\",\"width\":933,\"height\":516,\"caption\":\"HOTELHOUSE.cz\"},\"image\":{\"@id\":\"https:\/\/hotelhouse.cz\/#\/schema\/logo\/image\/\"},\"sameAs\":[\"https:\/\/www.instagram.com\/hotelhousecz\/\"]},{\"@type\":\"Person\",\"@id\":\"https:\/\/hotelhouse.cz\/#\/schema\/person\/fa8caee3f0a9c6134afed3c541204812\",\"name\":\"Van\u011bk Miroslav\",\"image\":{\"@type\":\"ImageObject\",\"inLanguage\":\"cs\",\"@id\":\"https:\/\/hotelhouse.cz\/#\/schema\/person\/image\/\",\"url\":\"https:\/\/secure.gravatar.com\/avatar\/cc93dbecbfc820d69a964ea4a1c72377?s=96&d=mm&r=g\",\"contentUrl\":\"https:\/\/secure.gravatar.com\/avatar\/cc93dbecbfc820d69a964ea4a1c72377?s=96&d=mm&r=g\",\"caption\":\"Van\u011bk Miroslav\"},\"sameAs\":[\"http:\/\/www.hotelhouse.cz\"],\"url\":\"https:\/\/hotelhouse.cz\/index.php\/author\/mirvan\/\"}]}<\/script>\n<!-- \/ Yoast SEO plugin. -->","yoast_head_json":{"title":"Pozv\u00e1nka na sobotn\u00ed \u0160pindlerovsk\u00e9 sejkory: Ochutn\u00e1vka krkono\u0161sk\u00e9 tradice - HOTELHOUSE.cz","description":"Pozv\u00e1nka na sobotn\u00ed \u0160pindlerovsk\u00e9 sejkory: Ud\u00e1lost se bude konat ji\u017e v sobotu 30. srpna v m\u011bstsk\u00e9m parku v centru \u0160pindlerova Ml\u00fdna.","robots":{"index":"index","follow":"follow","max-snippet":"max-snippet:-1","max-image-preview":"max-image-preview:large","max-video-preview":"max-video-preview:-1"},"canonical":"https:\/\/hotelhouse.cz\/index.php\/2025\/08\/28\/pozvanka-na-sobotni-spindlerovske-sejkory-ochutnavka-krkonosske-tradice\/","og_locale":"cs_CZ","og_type":"article","og_title":"Pozv\u00e1nka na sobotn\u00ed \u0160pindlerovsk\u00e9 sejkory: Ochutn\u00e1vka krkono\u0161sk\u00e9 tradice - HOTELHOUSE.cz","og_description":"Pozv\u00e1nka na sobotn\u00ed \u0160pindlerovsk\u00e9 sejkory: Ud\u00e1lost se bude konat ji\u017e v sobotu 30. srpna v m\u011bstsk\u00e9m parku v centru \u0160pindlerova Ml\u00fdna.","og_url":"https:\/\/hotelhouse.cz\/index.php\/2025\/08\/28\/pozvanka-na-sobotni-spindlerovske-sejkory-ochutnavka-krkonosske-tradice\/","og_site_name":"HOTELHOUSE.cz","article_published_time":"2025-08-27T22:01:00+00:00","article_modified_time":"2025-08-28T18:46:42+00:00","og_image":[{"width":1154,"height":554,"url":"https:\/\/hotelhouse.cz\/wp-content\/uploads\/2025\/08\/Spindlerovske-sejkory-TTL.jpg","type":"image\/jpeg"}],"author":"Van\u011bk Miroslav","twitter_card":"summary_large_image","twitter_misc":{"Napsal(a)":"Van\u011bk Miroslav","Odhadovan\u00e1 doba \u010dten\u00ed":"3 minuty"},"schema":{"@context":"https:\/\/schema.org","@graph":[{"@type":"Article","@id":"https:\/\/hotelhouse.cz\/index.php\/2025\/08\/28\/pozvanka-na-sobotni-spindlerovske-sejkory-ochutnavka-krkonosske-tradice\/#article","isPartOf":{"@id":"https:\/\/hotelhouse.cz\/index.php\/2025\/08\/28\/pozvanka-na-sobotni-spindlerovske-sejkory-ochutnavka-krkonosske-tradice\/"},"author":{"name":"Van\u011bk Miroslav","@id":"https:\/\/hotelhouse.cz\/#\/schema\/person\/fa8caee3f0a9c6134afed3c541204812"},"headline":"Pozv\u00e1nka na sobotn\u00ed \u0160pindlerovsk\u00e9 sejkory: Ochutn\u00e1vka krkono\u0161sk\u00e9 tradice","datePublished":"2025-08-27T22:01:00+00:00","dateModified":"2025-08-28T18:46:42+00:00","mainEntityOfPage":{"@id":"https:\/\/hotelhouse.cz\/index.php\/2025\/08\/28\/pozvanka-na-sobotni-spindlerovske-sejkory-ochutnavka-krkonosske-tradice\/"},"wordCount":352,"publisher":{"@id":"https:\/\/hotelhouse.cz\/#organization"},"articleSection":["N\u00e1dhern\u00e1M\u00edsta.cz","NEWS","\u0160PINDLER\u016eV ML\u00ddN","TIPY NA CESTOV\u00c1N\u00cd"],"inLanguage":"cs"},{"@type":"WebPage","@id":"https:\/\/hotelhouse.cz\/index.php\/2025\/08\/28\/pozvanka-na-sobotni-spindlerovske-sejkory-ochutnavka-krkonosske-tradice\/","url":"https:\/\/hotelhouse.cz\/index.php\/2025\/08\/28\/pozvanka-na-sobotni-spindlerovske-sejkory-ochutnavka-krkonosske-tradice\/","name":"Pozv\u00e1nka na sobotn\u00ed \u0160pindlerovsk\u00e9 sejkory: Ochutn\u00e1vka krkono\u0161sk\u00e9 tradice - HOTELHOUSE.cz","isPartOf":{"@id":"https:\/\/hotelhouse.cz\/#website"},"datePublished":"2025-08-27T22:01:00+00:00","dateModified":"2025-08-28T18:46:42+00:00","description":"Pozv\u00e1nka na sobotn\u00ed \u0160pindlerovsk\u00e9 sejkory: Ud\u00e1lost se bude konat ji\u017e v sobotu 30. srpna v m\u011bstsk\u00e9m parku v centru \u0160pindlerova Ml\u00fdna.","breadcrumb":{"@id":"https:\/\/hotelhouse.cz\/index.php\/2025\/08\/28\/pozvanka-na-sobotni-spindlerovske-sejkory-ochutnavka-krkonosske-tradice\/#breadcrumb"},"inLanguage":"cs","potentialAction":[{"@type":"ReadAction","target":["https:\/\/hotelhouse.cz\/index.php\/2025\/08\/28\/pozvanka-na-sobotni-spindlerovske-sejkory-ochutnavka-krkonosske-tradice\/"]}]},{"@type":"BreadcrumbList","@id":"https:\/\/hotelhouse.cz\/index.php\/2025\/08\/28\/pozvanka-na-sobotni-spindlerovske-sejkory-ochutnavka-krkonosske-tradice\/#breadcrumb","itemListElement":[{"@type":"ListItem","position":1,"name":"Dom\u016f","item":"https:\/\/hotelhouse.cz\/"},{"@type":"ListItem","position":2,"name":"Pozv\u00e1nka na sobotn\u00ed \u0160pindlerovsk\u00e9 sejkory: Ochutn\u00e1vka krkono\u0161sk\u00e9 tradice"}]},{"@type":"WebSite","@id":"https:\/\/hotelhouse.cz\/#website","url":"https:\/\/hotelhouse.cz\/","name":"HOTELHOUSE.cz","description":"Port\u00e1l o hotelech, pensionech, spa resortech a restaurac\u00edch...","publisher":{"@id":"https:\/\/hotelhouse.cz\/#organization"},"potentialAction":[{"@type":"SearchAction","target":{"@type":"EntryPoint","urlTemplate":"https:\/\/hotelhouse.cz\/?s={search_term_string}"},"query-input":"required name=search_term_string"}],"inLanguage":"cs"},{"@type":"Organization","@id":"https:\/\/hotelhouse.cz\/#organization","name":"HOTELHOUSE.cz","url":"https:\/\/hotelhouse.cz\/","logo":{"@type":"ImageObject","inLanguage":"cs","@id":"https:\/\/hotelhouse.cz\/#\/schema\/logo\/image\/","url":"https:\/\/hotelhouse.cz\/wp-content\/uploads\/2024\/12\/cropped-Logo_HotelHouse-2.jpg","contentUrl":"https:\/\/hotelhouse.cz\/wp-content\/uploads\/2024\/12\/cropped-Logo_HotelHouse-2.jpg","width":933,"height":516,"caption":"HOTELHOUSE.cz"},"image":{"@id":"https:\/\/hotelhouse.cz\/#\/schema\/logo\/image\/"},"sameAs":["https:\/\/www.instagram.com\/hotelhousecz\/"]},{"@type":"Person","@id":"https:\/\/hotelhouse.cz\/#\/schema\/person\/fa8caee3f0a9c6134afed3c541204812","name":"Van\u011bk Miroslav","image":{"@type":"ImageObject","inLanguage":"cs","@id":"https:\/\/hotelhouse.cz\/#\/schema\/person\/image\/","url":"https:\/\/secure.gravatar.com\/avatar\/cc93dbecbfc820d69a964ea4a1c72377?s=96&d=mm&r=g","contentUrl":"https:\/\/secure.gravatar.com\/avatar\/cc93dbecbfc820d69a964ea4a1c72377?s=96&d=mm&r=g","caption":"Van\u011bk Miroslav"},"sameAs":["http:\/\/www.hotelhouse.cz"],"url":"https:\/\/hotelhouse.cz\/index.php\/author\/mirvan\/"}]}},"_links":{"self":[{"href":"https:\/\/hotelhouse.cz\/index.php\/wp-json\/wp\/v2\/posts\/8226"}],"collection":[{"href":"https:\/\/hotelhouse.cz\/index.php\/wp-json\/wp\/v2\/posts"}],"about":[{"href":"https:\/\/hotelhouse.cz\/index.php\/wp-json\/wp\/v2\/types\/post"}],"author":[{"embeddable":true,"href":"https:\/\/hotelhouse.cz\/index.php\/wp-json\/wp\/v2\/users\/3"}],"replies":[{"embeddable":true,"href":"https:\/\/hotelhouse.cz\/index.php\/wp-json\/wp\/v2\/comments?post=8226"}],"version-history":[{"count":3,"href":"https:\/\/hotelhouse.cz\/index.php\/wp-json\/wp\/v2\/posts\/8226\/revisions"}],"predecessor-version":[{"id":8231,"href":"https:\/\/hotelhouse.cz\/index.php\/wp-json\/wp\/v2\/posts\/8226\/revisions\/8231"}],"wp:featuredmedia":[{"embeddable":true,"href":"https:\/\/hotelhouse.cz\/index.php\/wp-json\/wp\/v2\/media\/8227"}],"wp:attachment":[{"href":"https:\/\/hotelhouse.cz\/index.php\/wp-json\/wp\/v2\/media?parent=8226"}],"wp:term":[{"taxonomy":"category","embeddable":true,"href":"https:\/\/hotelhouse.cz\/index.php\/wp-json\/wp\/v2\/categories?post=8226"},{"taxonomy":"post_tag","embeddable":true,"href":"https:\/\/hotelhouse.cz\/index.php\/wp-json\/wp\/v2\/tags?post=8226"}],"curies":[{"name":"wp","href":"https:\/\/api.w.org\/{rel}","templated":true}]}}