{"id":8300,"date":"2025-10-22T00:01:00","date_gmt":"2025-10-21T22:01:00","guid":{"rendered":"https:\/\/hotelhouse.cz\/?p=8300"},"modified":"2025-10-16T01:51:35","modified_gmt":"2025-10-15T23:51:35","slug":"yurij-kolesnik-poprve-predstavuje-poledni-nabidku-v-la-verande-a-babiccine-zahrade","status":"publish","type":"post","link":"https:\/\/hotelhouse.cz\/index.php\/2025\/10\/22\/yurij-kolesnik-poprve-predstavuje-poledni-nabidku-v-la-verande-a-babiccine-zahrade\/","title":{"rendered":"Yurij Kolesnik poprv\u00e9 p\u0159edstavuje poledn\u00ed nab\u00eddku v La Verand\u011b a Babi\u010d\u010din\u011b zahrad\u011b"},"content":{"rendered":"\n<div style=\"height:35px\" aria-hidden=\"true\" class=\"wp-block-spacer\"><\/div>\n\n\n\n<p class=\"has-medium-font-size\"><strong>Zn\u00e1m\u00fd restaurat\u00e9r&nbsp;Yurij Kolesnik, kter\u00fd stoj\u00ed za obl\u00edben\u00fdmi restauracemi&nbsp;La Veranda v centru Prahy&nbsp;a&nbsp;Babi\u010d\u010dina zahrada v&nbsp;Pr\u016fhonic\u00edch, nov\u011b p\u0159edstavuje poledn\u00ed nab\u00eddku. Poprv\u00e9 tak host\u00e9 mohou v obou podnic\u00edch vyzkou\u0161et speci\u00e1ln\u011b sestaven\u00e1 menu, kter\u00e1 se budou ka\u017ed\u00fd t\u00fdden obm\u011b\u0148ovat.<\/strong><\/p>\n\n\n\n<div style=\"height:35px\" class=\"wp-block-spacer\"><\/div>\n\n\n<div class=\"wp-block-image\">\n<figure class=\"aligncenter size-large\"><img decoding=\"async\" src=\"https:\/\/prazskaparizska.cz\/wp-content\/uploads\/2025\/10\/BZ-kamna-1024x640.jpeg\" alt=\"Yurij Kolesnik poprv\u00e9 p\u0159edstavuje poledn\u00ed nab\u00eddku v La Verand\u011b a Babi\u010d\u010din\u011b zahrad\u011b\" class=\"wp-image-5124\" \/><\/figure><\/div>\n\n\n<div style=\"height:35px\" class=\"wp-block-spacer\"><\/div>\n\n\n\n<p class=\"has-medium-font-size\"><strong>La Veranda&nbsp;(Po\u2013P\u00e1, 12:00\u201315:00) <\/strong>\u2013 fine dining v srdci Prahy za p\u0159\u00edzniv\u00e9 ceny. Poledn\u00ed menu p\u0159in\u00e1\u0161\u00ed leh\u010d\u00ed, sez\u00f3nn\u00ed kombinace a je ide\u00e1ln\u00ed volbou pro pracovn\u00ed ob\u011bd i rychl\u00fd \u00fanik z ruchu m\u011bsta.<\/p>\n\n\n\n<p class=\"has-medium-font-size\"><strong>Babi\u010d\u010dina zahrada&nbsp;(\u00dat\u2013P\u00e1, 11:00\u201315:00)<\/strong> \u2013 j\u00eddlo jako od babi\u010dky, poctiv\u00e1 dom\u00e1c\u00ed kuchyn\u011b, kter\u00e1 zah\u0159eje na du\u0161i. Poledn\u00ed nab\u00eddka je koncipov\u00e1na tak, aby host\u00e9 na\u0161li zn\u00e1m\u00e9 chut\u011b v \u010derstv\u00e9m a n\u00e1padit\u00e9m proveden\u00ed.<\/p>\n\n\n\n<div style=\"height:35px\" class=\"wp-block-spacer\"><\/div>\n\n\n<div class=\"wp-block-image\">\n<figure class=\"aligncenter size-large\"><img decoding=\"async\" src=\"https:\/\/prazskaparizska.cz\/wp-content\/uploads\/2025\/10\/LV-2-1024x684.jpg\" alt=\"Yurij Kolesnik poprv\u00e9 p\u0159edstavuje poledn\u00ed nab\u00eddku v La Verand\u011b a Babi\u010d\u010din\u011b zahrad\u011b\" class=\"wp-image-5126\" \/><\/figure><\/div>\n\n\n<div style=\"height:35px\" class=\"wp-block-spacer\"><\/div>\n\n\n\n<p class=\"has-medium-font-size\">\u201e<em>Cht\u011bli jsme vyj\u00edt vst\u0159\u00edc host\u016fm, kte\u0159\u00ed n\u00e1s nav\u0161t\u011bvuj\u00ed pravideln\u011b, a z\u00e1rove\u0148 d\u00e1t p\u0159\u00edle\u017eitost t\u011bm, kte\u0159\u00ed si cht\u011bj\u00ed dop\u0159\u00e1t na\u0161i kuchyni i b\u011bhem dne. Ka\u017ed\u00fd t\u00fdden proto p\u0159in\u00e1\u0161\u00edme nov\u00e9 menu, aby se na\u0161i host\u00e9 v\u017edy m\u011bli na co t\u011b\u0161it<\/em>,\u201c \u0159\u00edk\u00e1 Yurij Kolesnik.<\/p>\n\n\n\n<p class=\"has-medium-font-size\">Poledn\u00ed nab\u00eddka je tak ide\u00e1ln\u00ed volbou jak pro obchodn\u00ed sch\u016fzky v centru Prahy, tak i pro klidn\u00fd ob\u011bd v rodinn\u00e9m prost\u0159ed\u00ed Pr\u016fhonic.<\/p>\n\n\n\n<div style=\"height:35px\" class=\"wp-block-spacer\"><\/div>\n\n\n<div class=\"wp-block-image\">\n<figure class=\"aligncenter size-large\"><img decoding=\"async\" src=\"https:\/\/prazskaparizska.cz\/wp-content\/uploads\/2025\/10\/BZ-2-1024x684.jpg\" alt=\"Yurij Kolesnik poprv\u00e9 p\u0159edstavuje poledn\u00ed nab\u00eddku v La Verand\u011b a Babi\u010d\u010din\u011b zahrad\u011b\" class=\"wp-image-5123\" \/><\/figure><\/div>\n\n\n<div style=\"height:35px\" class=\"wp-block-spacer\"><\/div>\n\n\n\n<p class=\"has-medium-font-size\"><a href=\"https:\/\/babiccinazahrada.cz\">https:\/\/babiccinazahrada.cz<\/a><\/p>\n\n\n\n<p class=\"has-medium-font-size\"><a href=\"https:\/\/laveranda.cz\">https:\/\/laveranda.cz<\/a><\/p>\n\n\n\n<div style=\"height:100px\" class=\"wp-block-spacer\"><\/div>\n\n\n\n<figure class=\"wp-block-gallery has-nested-images columns-2 is-cropped wp-block-gallery-1 is-layout-flex wp-block-gallery-is-layout-flex\">\n<figure class=\"wp-block-image size-large\"><img decoding=\"async\" loading=\"lazy\" width=\"833\" height=\"1250\" data-id=\"5127\" src=\"https:\/\/prazskaparizska.cz\/wp-content\/uploads\/2025\/10\/LV-INTERIER-1024x684.jpg\" alt=\"Yurij Kolesnik poprv\u00e9 p\u0159edstavuje poledn\u00ed nab\u00eddku v La Verand\u011b a Babi\u010d\u010din\u011b zahrad\u011b\" class=\"wp-image-5127\" \/><\/figure>\n\n\n\n<figure class=\"wp-block-image size-large\"><img decoding=\"async\" data-id=\"5124\" src=\"https:\/\/prazskaparizska.cz\/wp-content\/uploads\/2025\/10\/BZ-kamna-1024x640.jpeg\" alt=\"Yurij Kolesnik poprv\u00e9 p\u0159edstavuje poledn\u00ed nab\u00eddku v La Verand\u011b a Babi\u010d\u010din\u011b zahrad\u011b\" class=\"wp-image-5124\" \/><\/figure>\n\n\n\n<figure class=\"wp-block-image size-large\"><img decoding=\"async\" data-id=\"5126\" src=\"https:\/\/prazskaparizska.cz\/wp-content\/uploads\/2025\/10\/LV-2-1024x684.jpg\" alt=\"Yurij Kolesnik poprv\u00e9 p\u0159edstavuje poledn\u00ed nab\u00eddku v La Verand\u011b a Babi\u010d\u010din\u011b zahrad\u011b\" class=\"wp-image-5126\" \/><\/figure>\n\n\n\n<figure class=\"wp-block-image size-large\"><img decoding=\"async\" data-id=\"5128\" src=\"https:\/\/prazskaparizska.cz\/wp-content\/uploads\/2025\/10\/BZ-1024x684.jpg\" alt=\"Yurij Kolesnik poprv\u00e9 p\u0159edstavuje poledn\u00ed nab\u00eddku v La Verand\u011b a Babi\u010d\u010din\u011b zahrad\u011b\" class=\"wp-image-5128\" \/><\/figure>\n\n\n\n<figure class=\"wp-block-image size-large\"><img decoding=\"async\" data-id=\"5125\" src=\"https:\/\/prazskaparizska.cz\/wp-content\/uploads\/2025\/10\/LV-1024x684.jpg\" alt=\"Yurij Kolesnik poprv\u00e9 p\u0159edstavuje poledn\u00ed nab\u00eddku v La Verand\u011b a Babi\u010d\u010din\u011b zahrad\u011b\" class=\"wp-image-5125\" \/><\/figure>\n\n\n\n<figure class=\"wp-block-image size-large\"><img decoding=\"async\" data-id=\"5123\" src=\"https:\/\/prazskaparizska.cz\/wp-content\/uploads\/2025\/10\/BZ-2-1024x684.jpg\" alt=\"Yurij Kolesnik poprv\u00e9 p\u0159edstavuje poledn\u00ed nab\u00eddku v La Verand\u011b a Babi\u010d\u010din\u011b zahrad\u011b\" class=\"wp-image-5123\" \/><\/figure>\n<\/figure>\n\n\n\n<div style=\"height:35px\" class=\"wp-block-spacer\"><\/div>\n\n\n\n<p class=\"has-medium-font-size\"><strong>Zdroj foto: <\/strong>La Veranda a Babi\u010d\u010dina zahrada<\/p>\n\n\n\n<div style=\"height:65px\" class=\"wp-block-spacer\"><\/div>\n","protected":false},"excerpt":{"rendered":"<p>Zn\u00e1m\u00fd restaurat\u00e9r&nbsp;Yurij Kolesnik, kter\u00fd stoj\u00ed za obl\u00edben\u00fdmi restauracemi&nbsp;La Veranda v centru Prahy&nbsp;a&nbsp;Babi\u010d\u010dina zahrada v&nbsp;Pr\u016fhonic\u00edch, nov\u011b p\u0159edstavuje poledn\u00ed nab\u00eddku. Poprv\u00e9 tak host\u00e9 mohou v obou podnic\u00edch vyzkou\u0161et speci\u00e1ln\u011b sestaven\u00e1 menu, kter\u00e1 se budou ka\u017ed\u00fd t\u00fdden&#46;&#46;&#46;<\/p>\n","protected":false},"author":10,"featured_media":8301,"comment_status":"closed","ping_status":"closed","sticky":false,"template":"","format":"standard","meta":{"_monsterinsights_skip_tracking":false,"_monsterinsights_sitenote_active":false,"_monsterinsights_sitenote_note":"","_monsterinsights_sitenote_category":0,"footnotes":""},"categories":[163,2,154,8,28],"tags":[],"yoast_head":"<!-- This site is optimized with the Yoast SEO plugin v21.5 - https:\/\/yoast.com\/wordpress\/plugins\/seo\/ -->\n<title>Yurij Kolesnik poprv\u00e9 p\u0159edstavuje poledn\u00ed nab\u00eddku v La Verand\u011b a Babi\u010d\u010din\u011b zahrad\u011b - HOTELHOUSE.cz<\/title>\n<meta name=\"description\" content=\"Zn\u00e1m\u00fd restaurat\u00e9r\u00a0Yurij Kolesnik, kter\u00fd stoj\u00ed za obl\u00edben\u00fdmi restauracemi\u00a0La Verandav centru Prahy\u00a0a\u00a0Babi\u010d\u010dina zahrada v\u00a0Pr\u016fhonic\u00edch.\" \/>\n<meta name=\"robots\" content=\"index, follow, max-snippet:-1, max-image-preview:large, max-video-preview:-1\" \/>\n<link rel=\"canonical\" href=\"https:\/\/hotelhouse.cz\/index.php\/2025\/10\/22\/yurij-kolesnik-poprve-predstavuje-poledni-nabidku-v-la-verande-a-babiccine-zahrade\/\" \/>\n<meta property=\"og:locale\" content=\"cs_CZ\" \/>\n<meta property=\"og:type\" content=\"article\" \/>\n<meta property=\"og:title\" content=\"Yurij Kolesnik poprv\u00e9 p\u0159edstavuje poledn\u00ed nab\u00eddku v La Verand\u011b a Babi\u010d\u010din\u011b zahrad\u011b - HOTELHOUSE.cz\" \/>\n<meta property=\"og:description\" content=\"Zn\u00e1m\u00fd restaurat\u00e9r\u00a0Yurij Kolesnik, kter\u00fd stoj\u00ed za obl\u00edben\u00fdmi restauracemi\u00a0La Verandav centru Prahy\u00a0a\u00a0Babi\u010d\u010dina zahrada v\u00a0Pr\u016fhonic\u00edch.\" \/>\n<meta property=\"og:url\" content=\"https:\/\/hotelhouse.cz\/index.php\/2025\/10\/22\/yurij-kolesnik-poprve-predstavuje-poledni-nabidku-v-la-verande-a-babiccine-zahrade\/\" \/>\n<meta property=\"og:site_name\" content=\"HOTELHOUSE.cz\" \/>\n<meta property=\"article:published_time\" content=\"2025-10-21T22:01:00+00:00\" \/>\n<meta property=\"article:modified_time\" content=\"2025-10-15T23:51:35+00:00\" \/>\n<meta property=\"og:image\" content=\"https:\/\/hotelhouse.cz\/wp-content\/uploads\/2025\/10\/LV-INTERIER.jpg\" \/>\n\t<meta property=\"og:image:width\" content=\"1450\" \/>\n\t<meta property=\"og:image:height\" content=\"968\" \/>\n\t<meta property=\"og:image:type\" content=\"image\/jpeg\" \/>\n<meta name=\"author\" content=\"Helen Guardian\" \/>\n<meta name=\"twitter:card\" content=\"summary_large_image\" \/>\n<meta name=\"twitter:label1\" content=\"Napsal(a)\" \/>\n\t<meta name=\"twitter:data1\" content=\"Helen Guardian\" \/>\n\t<meta name=\"twitter:label2\" content=\"Odhadovan\u00e1 doba \u010dten\u00ed\" \/>\n\t<meta name=\"twitter:data2\" content=\"3 minuty\" \/>\n<script type=\"application\/ld+json\" class=\"yoast-schema-graph\">{\"@context\":\"https:\/\/schema.org\",\"@graph\":[{\"@type\":\"Article\",\"@id\":\"https:\/\/hotelhouse.cz\/index.php\/2025\/10\/22\/yurij-kolesnik-poprve-predstavuje-poledni-nabidku-v-la-verande-a-babiccine-zahrade\/#article\",\"isPartOf\":{\"@id\":\"https:\/\/hotelhouse.cz\/index.php\/2025\/10\/22\/yurij-kolesnik-poprve-predstavuje-poledni-nabidku-v-la-verande-a-babiccine-zahrade\/\"},\"author\":{\"name\":\"Helen Guardian\",\"@id\":\"https:\/\/hotelhouse.cz\/#\/schema\/person\/d632b16c6b63077400f5e36aa5488072\"},\"headline\":\"Yurij Kolesnik poprv\u00e9 p\u0159edstavuje poledn\u00ed nab\u00eddku v La Verand\u011b a Babi\u010d\u010din\u011b zahrad\u011b\",\"datePublished\":\"2025-10-21T22:01:00+00:00\",\"dateModified\":\"2025-10-15T23:51:35+00:00\",\"mainEntityOfPage\":{\"@id\":\"https:\/\/hotelhouse.cz\/index.php\/2025\/10\/22\/yurij-kolesnik-poprve-predstavuje-poledni-nabidku-v-la-verande-a-babiccine-zahrade\/\"},\"wordCount\":265,\"publisher\":{\"@id\":\"https:\/\/hotelhouse.cz\/#organization\"},\"articleSection\":[\"GASTRO TIPY\",\"NEWS\",\"PRA\u017dSK\u00c1 METROPOLE\",\"RESTAURACE &amp; BISTRA\",\"TIPY NA J\u00cdDLO\"],\"inLanguage\":\"cs\"},{\"@type\":\"WebPage\",\"@id\":\"https:\/\/hotelhouse.cz\/index.php\/2025\/10\/22\/yurij-kolesnik-poprve-predstavuje-poledni-nabidku-v-la-verande-a-babiccine-zahrade\/\",\"url\":\"https:\/\/hotelhouse.cz\/index.php\/2025\/10\/22\/yurij-kolesnik-poprve-predstavuje-poledni-nabidku-v-la-verande-a-babiccine-zahrade\/\",\"name\":\"Yurij Kolesnik poprv\u00e9 p\u0159edstavuje poledn\u00ed nab\u00eddku v La Verand\u011b a Babi\u010d\u010din\u011b zahrad\u011b - HOTELHOUSE.cz\",\"isPartOf\":{\"@id\":\"https:\/\/hotelhouse.cz\/#website\"},\"datePublished\":\"2025-10-21T22:01:00+00:00\",\"dateModified\":\"2025-10-15T23:51:35+00:00\",\"description\":\"Zn\u00e1m\u00fd restaurat\u00e9r\u00a0Yurij Kolesnik, kter\u00fd stoj\u00ed za obl\u00edben\u00fdmi restauracemi\u00a0La Verandav centru Prahy\u00a0a\u00a0Babi\u010d\u010dina zahrada v\u00a0Pr\u016fhonic\u00edch.\",\"breadcrumb\":{\"@id\":\"https:\/\/hotelhouse.cz\/index.php\/2025\/10\/22\/yurij-kolesnik-poprve-predstavuje-poledni-nabidku-v-la-verande-a-babiccine-zahrade\/#breadcrumb\"},\"inLanguage\":\"cs\",\"potentialAction\":[{\"@type\":\"ReadAction\",\"target\":[\"https:\/\/hotelhouse.cz\/index.php\/2025\/10\/22\/yurij-kolesnik-poprve-predstavuje-poledni-nabidku-v-la-verande-a-babiccine-zahrade\/\"]}]},{\"@type\":\"BreadcrumbList\",\"@id\":\"https:\/\/hotelhouse.cz\/index.php\/2025\/10\/22\/yurij-kolesnik-poprve-predstavuje-poledni-nabidku-v-la-verande-a-babiccine-zahrade\/#breadcrumb\",\"itemListElement\":[{\"@type\":\"ListItem\",\"position\":1,\"name\":\"Dom\u016f\",\"item\":\"https:\/\/hotelhouse.cz\/\"},{\"@type\":\"ListItem\",\"position\":2,\"name\":\"Yurij Kolesnik poprv\u00e9 p\u0159edstavuje poledn\u00ed nab\u00eddku v La Verand\u011b a Babi\u010d\u010din\u011b zahrad\u011b\"}]},{\"@type\":\"WebSite\",\"@id\":\"https:\/\/hotelhouse.cz\/#website\",\"url\":\"https:\/\/hotelhouse.cz\/\",\"name\":\"HOTELHOUSE.cz\",\"description\":\"Port\u00e1l o hotelech, pensionech, spa resortech a restaurac\u00edch...\",\"publisher\":{\"@id\":\"https:\/\/hotelhouse.cz\/#organization\"},\"potentialAction\":[{\"@type\":\"SearchAction\",\"target\":{\"@type\":\"EntryPoint\",\"urlTemplate\":\"https:\/\/hotelhouse.cz\/?s={search_term_string}\"},\"query-input\":\"required name=search_term_string\"}],\"inLanguage\":\"cs\"},{\"@type\":\"Organization\",\"@id\":\"https:\/\/hotelhouse.cz\/#organization\",\"name\":\"HOTELHOUSE.cz\",\"url\":\"https:\/\/hotelhouse.cz\/\",\"logo\":{\"@type\":\"ImageObject\",\"inLanguage\":\"cs\",\"@id\":\"https:\/\/hotelhouse.cz\/#\/schema\/logo\/image\/\",\"url\":\"https:\/\/hotelhouse.cz\/wp-content\/uploads\/2024\/12\/cropped-Logo_HotelHouse-2.jpg\",\"contentUrl\":\"https:\/\/hotelhouse.cz\/wp-content\/uploads\/2024\/12\/cropped-Logo_HotelHouse-2.jpg\",\"width\":933,\"height\":516,\"caption\":\"HOTELHOUSE.cz\"},\"image\":{\"@id\":\"https:\/\/hotelhouse.cz\/#\/schema\/logo\/image\/\"},\"sameAs\":[\"https:\/\/www.instagram.com\/hotelhousecz\/\"]},{\"@type\":\"Person\",\"@id\":\"https:\/\/hotelhouse.cz\/#\/schema\/person\/d632b16c6b63077400f5e36aa5488072\",\"name\":\"Helen Guardian\",\"image\":{\"@type\":\"ImageObject\",\"inLanguage\":\"cs\",\"@id\":\"https:\/\/hotelhouse.cz\/#\/schema\/person\/image\/\",\"url\":\"https:\/\/secure.gravatar.com\/avatar\/f62c76287ccbbd3f899549a169c0e6aa?s=96&d=mm&r=g\",\"contentUrl\":\"https:\/\/secure.gravatar.com\/avatar\/f62c76287ccbbd3f899549a169c0e6aa?s=96&d=mm&r=g\",\"caption\":\"Helen Guardian\"},\"sameAs\":[\"http:\/\/HOTELHOUSE.cz\"],\"url\":\"https:\/\/hotelhouse.cz\/index.php\/author\/helgu\/\"}]}<\/script>\n<!-- \/ Yoast SEO plugin. -->","yoast_head_json":{"title":"Yurij Kolesnik poprv\u00e9 p\u0159edstavuje poledn\u00ed nab\u00eddku v La Verand\u011b a Babi\u010d\u010din\u011b zahrad\u011b - HOTELHOUSE.cz","description":"Zn\u00e1m\u00fd restaurat\u00e9r\u00a0Yurij Kolesnik, kter\u00fd stoj\u00ed za obl\u00edben\u00fdmi restauracemi\u00a0La Verandav centru Prahy\u00a0a\u00a0Babi\u010d\u010dina zahrada v\u00a0Pr\u016fhonic\u00edch.","robots":{"index":"index","follow":"follow","max-snippet":"max-snippet:-1","max-image-preview":"max-image-preview:large","max-video-preview":"max-video-preview:-1"},"canonical":"https:\/\/hotelhouse.cz\/index.php\/2025\/10\/22\/yurij-kolesnik-poprve-predstavuje-poledni-nabidku-v-la-verande-a-babiccine-zahrade\/","og_locale":"cs_CZ","og_type":"article","og_title":"Yurij Kolesnik poprv\u00e9 p\u0159edstavuje poledn\u00ed nab\u00eddku v La Verand\u011b a Babi\u010d\u010din\u011b zahrad\u011b - HOTELHOUSE.cz","og_description":"Zn\u00e1m\u00fd restaurat\u00e9r\u00a0Yurij Kolesnik, kter\u00fd stoj\u00ed za obl\u00edben\u00fdmi restauracemi\u00a0La Verandav centru Prahy\u00a0a\u00a0Babi\u010d\u010dina zahrada v\u00a0Pr\u016fhonic\u00edch.","og_url":"https:\/\/hotelhouse.cz\/index.php\/2025\/10\/22\/yurij-kolesnik-poprve-predstavuje-poledni-nabidku-v-la-verande-a-babiccine-zahrade\/","og_site_name":"HOTELHOUSE.cz","article_published_time":"2025-10-21T22:01:00+00:00","article_modified_time":"2025-10-15T23:51:35+00:00","og_image":[{"width":1450,"height":968,"url":"https:\/\/hotelhouse.cz\/wp-content\/uploads\/2025\/10\/LV-INTERIER.jpg","type":"image\/jpeg"}],"author":"Helen Guardian","twitter_card":"summary_large_image","twitter_misc":{"Napsal(a)":"Helen Guardian","Odhadovan\u00e1 doba \u010dten\u00ed":"3 minuty"},"schema":{"@context":"https:\/\/schema.org","@graph":[{"@type":"Article","@id":"https:\/\/hotelhouse.cz\/index.php\/2025\/10\/22\/yurij-kolesnik-poprve-predstavuje-poledni-nabidku-v-la-verande-a-babiccine-zahrade\/#article","isPartOf":{"@id":"https:\/\/hotelhouse.cz\/index.php\/2025\/10\/22\/yurij-kolesnik-poprve-predstavuje-poledni-nabidku-v-la-verande-a-babiccine-zahrade\/"},"author":{"name":"Helen Guardian","@id":"https:\/\/hotelhouse.cz\/#\/schema\/person\/d632b16c6b63077400f5e36aa5488072"},"headline":"Yurij Kolesnik poprv\u00e9 p\u0159edstavuje poledn\u00ed nab\u00eddku v La Verand\u011b a Babi\u010d\u010din\u011b zahrad\u011b","datePublished":"2025-10-21T22:01:00+00:00","dateModified":"2025-10-15T23:51:35+00:00","mainEntityOfPage":{"@id":"https:\/\/hotelhouse.cz\/index.php\/2025\/10\/22\/yurij-kolesnik-poprve-predstavuje-poledni-nabidku-v-la-verande-a-babiccine-zahrade\/"},"wordCount":265,"publisher":{"@id":"https:\/\/hotelhouse.cz\/#organization"},"articleSection":["GASTRO TIPY","NEWS","PRA\u017dSK\u00c1 METROPOLE","RESTAURACE &amp; BISTRA","TIPY NA J\u00cdDLO"],"inLanguage":"cs"},{"@type":"WebPage","@id":"https:\/\/hotelhouse.cz\/index.php\/2025\/10\/22\/yurij-kolesnik-poprve-predstavuje-poledni-nabidku-v-la-verande-a-babiccine-zahrade\/","url":"https:\/\/hotelhouse.cz\/index.php\/2025\/10\/22\/yurij-kolesnik-poprve-predstavuje-poledni-nabidku-v-la-verande-a-babiccine-zahrade\/","name":"Yurij Kolesnik poprv\u00e9 p\u0159edstavuje poledn\u00ed nab\u00eddku v La Verand\u011b a Babi\u010d\u010din\u011b zahrad\u011b - HOTELHOUSE.cz","isPartOf":{"@id":"https:\/\/hotelhouse.cz\/#website"},"datePublished":"2025-10-21T22:01:00+00:00","dateModified":"2025-10-15T23:51:35+00:00","description":"Zn\u00e1m\u00fd restaurat\u00e9r\u00a0Yurij Kolesnik, kter\u00fd stoj\u00ed za obl\u00edben\u00fdmi restauracemi\u00a0La Verandav centru Prahy\u00a0a\u00a0Babi\u010d\u010dina zahrada v\u00a0Pr\u016fhonic\u00edch.","breadcrumb":{"@id":"https:\/\/hotelhouse.cz\/index.php\/2025\/10\/22\/yurij-kolesnik-poprve-predstavuje-poledni-nabidku-v-la-verande-a-babiccine-zahrade\/#breadcrumb"},"inLanguage":"cs","potentialAction":[{"@type":"ReadAction","target":["https:\/\/hotelhouse.cz\/index.php\/2025\/10\/22\/yurij-kolesnik-poprve-predstavuje-poledni-nabidku-v-la-verande-a-babiccine-zahrade\/"]}]},{"@type":"BreadcrumbList","@id":"https:\/\/hotelhouse.cz\/index.php\/2025\/10\/22\/yurij-kolesnik-poprve-predstavuje-poledni-nabidku-v-la-verande-a-babiccine-zahrade\/#breadcrumb","itemListElement":[{"@type":"ListItem","position":1,"name":"Dom\u016f","item":"https:\/\/hotelhouse.cz\/"},{"@type":"ListItem","position":2,"name":"Yurij Kolesnik poprv\u00e9 p\u0159edstavuje poledn\u00ed nab\u00eddku v La Verand\u011b a Babi\u010d\u010din\u011b zahrad\u011b"}]},{"@type":"WebSite","@id":"https:\/\/hotelhouse.cz\/#website","url":"https:\/\/hotelhouse.cz\/","name":"HOTELHOUSE.cz","description":"Port\u00e1l o hotelech, pensionech, spa resortech a restaurac\u00edch...","publisher":{"@id":"https:\/\/hotelhouse.cz\/#organization"},"potentialAction":[{"@type":"SearchAction","target":{"@type":"EntryPoint","urlTemplate":"https:\/\/hotelhouse.cz\/?s={search_term_string}"},"query-input":"required name=search_term_string"}],"inLanguage":"cs"},{"@type":"Organization","@id":"https:\/\/hotelhouse.cz\/#organization","name":"HOTELHOUSE.cz","url":"https:\/\/hotelhouse.cz\/","logo":{"@type":"ImageObject","inLanguage":"cs","@id":"https:\/\/hotelhouse.cz\/#\/schema\/logo\/image\/","url":"https:\/\/hotelhouse.cz\/wp-content\/uploads\/2024\/12\/cropped-Logo_HotelHouse-2.jpg","contentUrl":"https:\/\/hotelhouse.cz\/wp-content\/uploads\/2024\/12\/cropped-Logo_HotelHouse-2.jpg","width":933,"height":516,"caption":"HOTELHOUSE.cz"},"image":{"@id":"https:\/\/hotelhouse.cz\/#\/schema\/logo\/image\/"},"sameAs":["https:\/\/www.instagram.com\/hotelhousecz\/"]},{"@type":"Person","@id":"https:\/\/hotelhouse.cz\/#\/schema\/person\/d632b16c6b63077400f5e36aa5488072","name":"Helen Guardian","image":{"@type":"ImageObject","inLanguage":"cs","@id":"https:\/\/hotelhouse.cz\/#\/schema\/person\/image\/","url":"https:\/\/secure.gravatar.com\/avatar\/f62c76287ccbbd3f899549a169c0e6aa?s=96&d=mm&r=g","contentUrl":"https:\/\/secure.gravatar.com\/avatar\/f62c76287ccbbd3f899549a169c0e6aa?s=96&d=mm&r=g","caption":"Helen Guardian"},"sameAs":["http:\/\/HOTELHOUSE.cz"],"url":"https:\/\/hotelhouse.cz\/index.php\/author\/helgu\/"}]}},"_links":{"self":[{"href":"https:\/\/hotelhouse.cz\/index.php\/wp-json\/wp\/v2\/posts\/8300"}],"collection":[{"href":"https:\/\/hotelhouse.cz\/index.php\/wp-json\/wp\/v2\/posts"}],"about":[{"href":"https:\/\/hotelhouse.cz\/index.php\/wp-json\/wp\/v2\/types\/post"}],"author":[{"embeddable":true,"href":"https:\/\/hotelhouse.cz\/index.php\/wp-json\/wp\/v2\/users\/10"}],"replies":[{"embeddable":true,"href":"https:\/\/hotelhouse.cz\/index.php\/wp-json\/wp\/v2\/comments?post=8300"}],"version-history":[{"count":1,"href":"https:\/\/hotelhouse.cz\/index.php\/wp-json\/wp\/v2\/posts\/8300\/revisions"}],"predecessor-version":[{"id":8302,"href":"https:\/\/hotelhouse.cz\/index.php\/wp-json\/wp\/v2\/posts\/8300\/revisions\/8302"}],"wp:featuredmedia":[{"embeddable":true,"href":"https:\/\/hotelhouse.cz\/index.php\/wp-json\/wp\/v2\/media\/8301"}],"wp:attachment":[{"href":"https:\/\/hotelhouse.cz\/index.php\/wp-json\/wp\/v2\/media?parent=8300"}],"wp:term":[{"taxonomy":"category","embeddable":true,"href":"https:\/\/hotelhouse.cz\/index.php\/wp-json\/wp\/v2\/categories?post=8300"},{"taxonomy":"post_tag","embeddable":true,"href":"https:\/\/hotelhouse.cz\/index.php\/wp-json\/wp\/v2\/tags?post=8300"}],"curies":[{"name":"wp","href":"https:\/\/api.w.org\/{rel}","templated":true}]}}