{"id":8383,"date":"2025-11-14T00:01:00","date_gmt":"2025-11-13T23:01:00","guid":{"rendered":"https:\/\/hotelhouse.cz\/?p=8383"},"modified":"2026-03-29T14:39:59","modified_gmt":"2026-03-29T12:39:59","slug":"stezka-korunami-stromu-krkonose-neopakovatelna-atmosfera-a-barvy-podzimniho-lesa-budou-v-listopadu-pro-deti-zdarma","status":"publish","type":"post","link":"https:\/\/hotelhouse.cz\/index.php\/2025\/11\/14\/stezka-korunami-stromu-krkonose-neopakovatelna-atmosfera-a-barvy-podzimniho-lesa-budou-v-listopadu-pro-deti-zdarma\/","title":{"rendered":"Stezka korunami strom\u016f Krkono\u0161e:\u00a0Neopakovateln\u00e1 atmosf\u00e9ra a barvy podzimn\u00edho lesa budou v listopadu pro d\u011bti zdarma"},"content":{"rendered":"\n<div style=\"height:45px\" aria-hidden=\"true\" class=\"wp-block-spacer\"><\/div>\n\n\n\n<p class=\"has-medium-font-size\"><strong>Listopad v <a href=\"https:\/\/centrumkrkonos.cz\/\">Krkono\u0161\u00edch<\/a> m\u00e1 sv\u00e9 neopakovateln\u00e9 kouzlo. Podzimn\u00ed les se postupn\u011b ukl\u00e1d\u00e1 k zimn\u00edmu sp\u00e1nku, mlhy a n\u00edzk\u00e9 slunce vytv\u00e1\u0159ej\u00ed jedine\u010dnou atmosf\u00e9ru a na h\u0159ebenech se u\u017e mohou objevit prvn\u00ed zn\u00e1mky p\u0159ich\u00e1zej\u00edc\u00ed zimy. Pr\u00e1v\u011b v tomto obdob\u00ed p\u0159ich\u00e1z\u00ed Stezka korunami strom\u016f v Jansk\u00fdch L\u00e1zn\u00edch s nab\u00eddkou, kter\u00e1 pot\u011b\u0161\u00ed v\u0161echny rodiny s d\u011btmi. Po cel\u00fd listopad budou m\u00edt d\u011bti do 14 let vstup na Stezku zcela zdarma.<\/strong><\/p>\n\n\n\n<div style=\"height:45px\" aria-hidden=\"true\" class=\"wp-block-spacer\"><\/div>\n\n\n<div class=\"wp-block-image\">\n<figure class=\"aligncenter size-large\"><img decoding=\"async\" src=\"https:\/\/spindleruvmlyn.cz\/wp-content\/uploads\/2025\/11\/Stezka-korunami-stromu-Janske-lazne__-DJI_0436-1024x768.jpg\" alt=\"Stezka korunami strom\u016f Krkono\u0161e\" class=\"wp-image-4128\" \/><\/figure><\/div>\n\n\n<div style=\"height:45px\" aria-hidden=\"true\" class=\"wp-block-spacer\"><\/div>\n\n\n\n<p class=\"has-medium-font-size\">C\u00edlem akce je umo\u017enit rodin\u00e1m, aby si spole\u010dn\u011b u\u017eily kr\u00e1su krkono\u0161sk\u00e9 p\u0159\u00edrody v klidn\u011bj\u0161\u00edm obdob\u00ed roku, kdy je Stezka m\u00e9n\u011b nav\u0161t\u011bvovan\u00e1 a nab\u00edz\u00ed tak jedine\u010dn\u00fd prostor k objevov\u00e1n\u00ed kr\u00e1s p\u0159\u00edrody a hor i odpo\u010dinku. N\u00e1v\u0161t\u011bvn\u00edci se mohou t\u011b\u0161it na proch\u00e1zku v korun\u00e1ch strom\u016f v d\u00e9lce v\u00edce ne\u017e 1 500 metr\u016f, dopln\u011bnou o interaktivn\u00ed zast\u00e1vky a eduka\u010dn\u00ed prvky p\u0159ibli\u017euj\u00edc\u00ed fascinuj\u00edc\u00ed \u017eivot m\u00edstn\u00edho lesa.<\/p>\n\n\n\n<p class=\"has-medium-font-size\">\u201e<em>Listopad je m\u011bs\u00edcem, kdy se p\u0159\u00edroda p\u0159ipravuje na zimu, a z\u00e1rove\u0148 \u010dasem, kdy se lid\u00e9 cht\u011bj\u00ed p\u0159ed v\u00e1no\u010dn\u00edm shonem je\u0161t\u011b na chv\u00edli zastavit a str\u00e1vit tento \u010das se sv\u00fdmi nejbli\u017e\u0161\u00edmi n\u011bkde venku v p\u0159\u00edrod\u011b. Na\u0161\u00ed listopadovou akc\u00ed chceme podpo\u0159it pr\u00e1v\u011b rodiny s d\u011btmi, kter\u00e9 tak mohou p\u0159ij\u00edt i v\u00edcekr\u00e1t a u\u017e\u00edt si spole\u010dn\u011b nejen proch\u00e1zku, ale i pozn\u00e1n\u00ed a odpo\u010dinek. Vstup pro d\u011bti do 14 let zdarma je na\u0161\u00ed pozv\u00e1nkou, aby i v sychrav\u00fdch dnech objevili kouzlo p\u0159\u00edrody a jedine\u010dn\u00fd v\u00fdhled na Krkono\u0161e,\u201c<\/em> <strong>vysv\u011btluje Miroslav Matas, \u0159editel Stezky korunami strom\u016f.<\/strong><\/p>\n\n\n\n<div style=\"height:45px\" aria-hidden=\"true\" class=\"wp-block-spacer\"><\/div>\n\n\n\n<figure class=\"wp-block-gallery has-nested-images columns-default is-cropped wp-block-gallery-1 is-layout-flex wp-block-gallery-is-layout-flex\">\n<figure class=\"wp-block-image size-large\"><img decoding=\"async\" data-id=\"4127\" src=\"https:\/\/spindleruvmlyn.cz\/wp-content\/uploads\/2025\/11\/Stezka-korunami-stromu-Janske-lazne__-IMG_0050-683x1024.jpg\" alt=\"Stezka korunami strom\u016f Krkono\u0161e\" class=\"wp-image-4127\" \/><\/figure>\n\n\n\n<figure class=\"wp-block-image size-large\"><img decoding=\"async\" data-id=\"4129\" src=\"https:\/\/spindleruvmlyn.cz\/wp-content\/uploads\/2025\/11\/Stezka-korunami-stromu-Janske__-lazne-DJI_0421-HDR-Pano-870x1024.jpg\" alt=\"Stezka korunami strom\u016f Krkono\u0161e\" class=\"wp-image-4129\" \/><\/figure>\n<\/figure>\n\n\n\n<div style=\"height:45px\" aria-hidden=\"true\" class=\"wp-block-spacer\"><\/div>\n\n\n\n<p class=\"has-medium-font-size\">Vyhl\u00eddkov\u00e1 v\u011b\u017e s&nbsp;prosklenou vyhl\u00eddkou ve v\u00fd\u0161ce 43 metr\u016f nad zem\u00ed nab\u00eddne pohled na n\u00e1dhern\u00e9 barvy podzimn\u00edho lesa. N\u00e1v\u0161t\u011bvn\u00edci mohou krom\u011b proch\u00e1zky v&nbsp;neopakovateln\u00e9 podzimn\u00ed atmosf\u00e9\u0159e vyu\u017e\u00edt z\u00e1zem\u00ed restaurace V korun\u00e1ch, kter\u00e1 nab\u00eddne tepl\u00e9 n\u00e1poje a speci\u00e1ln\u00ed sez\u00f3nn\u00ed menu z&nbsp;lok\u00e1ln\u00edch surovin. Pro nejmen\u0161\u00ed nechyb\u00ed d\u011btsk\u00fd koutek, kter\u00fd zp\u0159\u00edjemn\u00ed chv\u00edle odpo\u010dinku rodi\u010d\u016fm.<\/p>\n\n\n\n<p class=\"has-medium-font-size\"><strong>Akce plat\u00ed po cel\u00fd listopad a\u017e do 30. 11. 2025. D\u011bti do 14 let maj\u00ed vstup zdarma, dosp\u011bl\u00ed a star\u0161\u00ed n\u00e1v\u0161t\u011bvn\u00edci pak mohou vyu\u017e\u00edt standardn\u00ed vstupn\u00e9 dle aktu\u00e1ln\u00edho cen\u00edku.<\/strong><\/p>\n\n\n\n<div style=\"height:45px\" aria-hidden=\"true\" class=\"wp-block-spacer\"><\/div>\n\n\n\n<figure class=\"wp-block-gallery has-nested-images columns-2 is-cropped wp-block-gallery-3 is-layout-flex wp-block-gallery-is-layout-flex\">\n<figure class=\"wp-block-image size-large\"><img decoding=\"async\" data-id=\"4126\" src=\"https:\/\/spindleruvmlyn.cz\/wp-content\/uploads\/2025\/11\/Stezka-korunami-stromu-Janske-lazne__-DJI_0403-HDR1-1024x768.jpg\" alt=\"Stezka korunami strom\u016f Krkono\u0161e\" class=\"wp-image-4126\" \/><\/figure>\n\n\n\n<figure class=\"wp-block-image size-large\"><img decoding=\"async\" data-id=\"4128\" src=\"https:\/\/spindleruvmlyn.cz\/wp-content\/uploads\/2025\/11\/Stezka-korunami-stromu-Janske-lazne__-DJI_0436-1024x768.jpg\" alt=\"Stezka korunami strom\u016f Krkono\u0161e\" class=\"wp-image-4128\" \/><\/figure>\n\n\n\n<figure class=\"wp-block-image size-large\"><img decoding=\"async\" data-id=\"4127\" src=\"https:\/\/spindleruvmlyn.cz\/wp-content\/uploads\/2025\/11\/Stezka-korunami-stromu-Janske-lazne__-IMG_0050-683x1024.jpg\" alt=\"Stezka korunami strom\u016f Krkono\u0161e\" class=\"wp-image-4127\" \/><\/figure>\n\n\n\n<figure class=\"wp-block-image size-large\"><img decoding=\"async\" data-id=\"4129\" src=\"https:\/\/spindleruvmlyn.cz\/wp-content\/uploads\/2025\/11\/Stezka-korunami-stromu-Janske__-lazne-DJI_0421-HDR-Pano-870x1024.jpg\" alt=\"Stezka korunami strom\u016f Krkono\u0161e\" class=\"wp-image-4129\" \/><\/figure>\n<\/figure>\n\n\n\n<div style=\"height:45px\" aria-hidden=\"true\" class=\"wp-block-spacer\"><\/div>\n\n\n\n<p class=\"has-medium-font-size\"><strong>Zdroj foto:<\/strong>&nbsp;Stezka korunami strom\u016f Krkono\u0161e<\/p>\n\n\n\n<div style=\"height:45px\" aria-hidden=\"true\" class=\"wp-block-spacer\"><\/div>\n","protected":false},"excerpt":{"rendered":"<p>Listopad v Krkono\u0161\u00edch m\u00e1 sv\u00e9 neopakovateln\u00e9 kouzlo. Podzimn\u00ed les se postupn\u011b ukl\u00e1d\u00e1 k zimn\u00edmu sp\u00e1nku, mlhy a n\u00edzk\u00e9 slunce vytv\u00e1\u0159ej\u00ed jedine\u010dnou atmosf\u00e9ru a na h\u0159ebenech se u\u017e mohou objevit prvn\u00ed zn\u00e1mky p\u0159ich\u00e1zej\u00edc\u00ed zimy. Pr\u00e1v\u011b&#46;&#46;&#46;<\/p>\n","protected":false},"author":9,"featured_media":8387,"comment_status":"closed","ping_status":"closed","sticky":false,"template":"","format":"standard","meta":{"_monsterinsights_skip_tracking":false,"_monsterinsights_sitenote_active":false,"_monsterinsights_sitenote_note":"","_monsterinsights_sitenote_category":0,"footnotes":""},"categories":[2,160,23],"tags":[],"yoast_head":"<!-- This site is optimized with the Yoast SEO plugin v21.5 - https:\/\/yoast.com\/wordpress\/plugins\/seo\/ -->\n<title>Stezka korunami strom\u016f Krkono\u0161e:\u00a0Neopakovateln\u00e1 atmosf\u00e9ra a barvy podzimn\u00edho lesa budou v listopadu pro d\u011bti zdarma - HOTELHOUSE.cz<\/title>\n<meta name=\"description\" content=\"Listopad v Krkono\u0161\u00edch m\u00e1 sv\u00e9 neopakovateln\u00e9 kouzlo. Podzimn\u00ed les se postupn\u011b ukl\u00e1d\u00e1 k zimn\u00edmu sp\u00e1nku, mlhy a n\u00edzk\u00e9 slunce.\" \/>\n<meta name=\"robots\" content=\"index, follow, max-snippet:-1, max-image-preview:large, max-video-preview:-1\" \/>\n<link rel=\"canonical\" href=\"https:\/\/hotelhouse.cz\/index.php\/2025\/11\/14\/stezka-korunami-stromu-krkonose-neopakovatelna-atmosfera-a-barvy-podzimniho-lesa-budou-v-listopadu-pro-deti-zdarma\/\" \/>\n<meta property=\"og:locale\" content=\"cs_CZ\" \/>\n<meta property=\"og:type\" content=\"article\" \/>\n<meta property=\"og:title\" content=\"Stezka korunami strom\u016f Krkono\u0161e:\u00a0Neopakovateln\u00e1 atmosf\u00e9ra a barvy podzimn\u00edho lesa budou v listopadu pro d\u011bti zdarma - HOTELHOUSE.cz\" \/>\n<meta property=\"og:description\" content=\"Listopad v Krkono\u0161\u00edch m\u00e1 sv\u00e9 neopakovateln\u00e9 kouzlo. Podzimn\u00ed les se postupn\u011b ukl\u00e1d\u00e1 k zimn\u00edmu sp\u00e1nku, mlhy a n\u00edzk\u00e9 slunce.\" \/>\n<meta property=\"og:url\" content=\"https:\/\/hotelhouse.cz\/index.php\/2025\/11\/14\/stezka-korunami-stromu-krkonose-neopakovatelna-atmosfera-a-barvy-podzimniho-lesa-budou-v-listopadu-pro-deti-zdarma\/\" \/>\n<meta property=\"og:site_name\" content=\"HOTELHOUSE.cz\" \/>\n<meta property=\"article:published_time\" content=\"2025-11-13T23:01:00+00:00\" \/>\n<meta property=\"article:modified_time\" content=\"2026-03-29T12:39:59+00:00\" \/>\n<meta property=\"og:image\" content=\"https:\/\/hotelhouse.cz\/wp-content\/uploads\/2025\/11\/Stezka-korunami-stromu-Janske-lazne__-DJI_0436.jpg\" \/>\n\t<meta property=\"og:image:width\" content=\"2400\" \/>\n\t<meta property=\"og:image:height\" content=\"1799\" \/>\n\t<meta property=\"og:image:type\" content=\"image\/jpeg\" \/>\n<meta name=\"author\" content=\"Martina Pechov\u00e1\" \/>\n<meta name=\"twitter:card\" content=\"summary_large_image\" \/>\n<meta name=\"twitter:label1\" content=\"Napsal(a)\" \/>\n\t<meta name=\"twitter:data1\" content=\"Martina Pechov\u00e1\" \/>\n\t<meta name=\"twitter:label2\" content=\"Odhadovan\u00e1 doba \u010dten\u00ed\" \/>\n\t<meta name=\"twitter:data2\" content=\"4 minuty\" \/>\n<script type=\"application\/ld+json\" class=\"yoast-schema-graph\">{\"@context\":\"https:\/\/schema.org\",\"@graph\":[{\"@type\":\"Article\",\"@id\":\"https:\/\/hotelhouse.cz\/index.php\/2025\/11\/14\/stezka-korunami-stromu-krkonose-neopakovatelna-atmosfera-a-barvy-podzimniho-lesa-budou-v-listopadu-pro-deti-zdarma\/#article\",\"isPartOf\":{\"@id\":\"https:\/\/hotelhouse.cz\/index.php\/2025\/11\/14\/stezka-korunami-stromu-krkonose-neopakovatelna-atmosfera-a-barvy-podzimniho-lesa-budou-v-listopadu-pro-deti-zdarma\/\"},\"author\":{\"name\":\"Martina Pechov\u00e1\",\"@id\":\"https:\/\/hotelhouse.cz\/#\/schema\/person\/def44b172d589b89b7d95d5df5bf4495\"},\"headline\":\"Stezka korunami strom\u016f Krkono\u0161e:\u00a0Neopakovateln\u00e1 atmosf\u00e9ra a barvy podzimn\u00edho lesa budou v listopadu pro d\u011bti zdarma\",\"datePublished\":\"2025-11-13T23:01:00+00:00\",\"dateModified\":\"2026-03-29T12:39:59+00:00\",\"mainEntityOfPage\":{\"@id\":\"https:\/\/hotelhouse.cz\/index.php\/2025\/11\/14\/stezka-korunami-stromu-krkonose-neopakovatelna-atmosfera-a-barvy-podzimniho-lesa-budou-v-listopadu-pro-deti-zdarma\/\"},\"wordCount\":455,\"publisher\":{\"@id\":\"https:\/\/hotelhouse.cz\/#organization\"},\"articleSection\":[\"NEWS\",\"\u0160PINDLER\u016eV ML\u00ddN\",\"TIPY NA CESTOV\u00c1N\u00cd\"],\"inLanguage\":\"cs\"},{\"@type\":\"WebPage\",\"@id\":\"https:\/\/hotelhouse.cz\/index.php\/2025\/11\/14\/stezka-korunami-stromu-krkonose-neopakovatelna-atmosfera-a-barvy-podzimniho-lesa-budou-v-listopadu-pro-deti-zdarma\/\",\"url\":\"https:\/\/hotelhouse.cz\/index.php\/2025\/11\/14\/stezka-korunami-stromu-krkonose-neopakovatelna-atmosfera-a-barvy-podzimniho-lesa-budou-v-listopadu-pro-deti-zdarma\/\",\"name\":\"Stezka korunami strom\u016f Krkono\u0161e:\u00a0Neopakovateln\u00e1 atmosf\u00e9ra a barvy podzimn\u00edho lesa budou v listopadu pro d\u011bti zdarma - HOTELHOUSE.cz\",\"isPartOf\":{\"@id\":\"https:\/\/hotelhouse.cz\/#website\"},\"datePublished\":\"2025-11-13T23:01:00+00:00\",\"dateModified\":\"2026-03-29T12:39:59+00:00\",\"description\":\"Listopad v Krkono\u0161\u00edch m\u00e1 sv\u00e9 neopakovateln\u00e9 kouzlo. Podzimn\u00ed les se postupn\u011b ukl\u00e1d\u00e1 k zimn\u00edmu sp\u00e1nku, mlhy a n\u00edzk\u00e9 slunce.\",\"breadcrumb\":{\"@id\":\"https:\/\/hotelhouse.cz\/index.php\/2025\/11\/14\/stezka-korunami-stromu-krkonose-neopakovatelna-atmosfera-a-barvy-podzimniho-lesa-budou-v-listopadu-pro-deti-zdarma\/#breadcrumb\"},\"inLanguage\":\"cs\",\"potentialAction\":[{\"@type\":\"ReadAction\",\"target\":[\"https:\/\/hotelhouse.cz\/index.php\/2025\/11\/14\/stezka-korunami-stromu-krkonose-neopakovatelna-atmosfera-a-barvy-podzimniho-lesa-budou-v-listopadu-pro-deti-zdarma\/\"]}]},{\"@type\":\"BreadcrumbList\",\"@id\":\"https:\/\/hotelhouse.cz\/index.php\/2025\/11\/14\/stezka-korunami-stromu-krkonose-neopakovatelna-atmosfera-a-barvy-podzimniho-lesa-budou-v-listopadu-pro-deti-zdarma\/#breadcrumb\",\"itemListElement\":[{\"@type\":\"ListItem\",\"position\":1,\"name\":\"Dom\u016f\",\"item\":\"https:\/\/hotelhouse.cz\/\"},{\"@type\":\"ListItem\",\"position\":2,\"name\":\"Stezka korunami strom\u016f Krkono\u0161e:\u00a0Neopakovateln\u00e1 atmosf\u00e9ra a barvy podzimn\u00edho lesa budou v listopadu pro d\u011bti zdarma\"}]},{\"@type\":\"WebSite\",\"@id\":\"https:\/\/hotelhouse.cz\/#website\",\"url\":\"https:\/\/hotelhouse.cz\/\",\"name\":\"HOTELHOUSE.cz\",\"description\":\"Port\u00e1l o hotelech, pensionech, spa resortech a restaurac\u00edch...\",\"publisher\":{\"@id\":\"https:\/\/hotelhouse.cz\/#organization\"},\"potentialAction\":[{\"@type\":\"SearchAction\",\"target\":{\"@type\":\"EntryPoint\",\"urlTemplate\":\"https:\/\/hotelhouse.cz\/?s={search_term_string}\"},\"query-input\":\"required name=search_term_string\"}],\"inLanguage\":\"cs\"},{\"@type\":\"Organization\",\"@id\":\"https:\/\/hotelhouse.cz\/#organization\",\"name\":\"HOTELHOUSE.cz\",\"url\":\"https:\/\/hotelhouse.cz\/\",\"logo\":{\"@type\":\"ImageObject\",\"inLanguage\":\"cs\",\"@id\":\"https:\/\/hotelhouse.cz\/#\/schema\/logo\/image\/\",\"url\":\"https:\/\/hotelhouse.cz\/wp-content\/uploads\/2024\/12\/cropped-Logo_HotelHouse-2.jpg\",\"contentUrl\":\"https:\/\/hotelhouse.cz\/wp-content\/uploads\/2024\/12\/cropped-Logo_HotelHouse-2.jpg\",\"width\":933,\"height\":516,\"caption\":\"HOTELHOUSE.cz\"},\"image\":{\"@id\":\"https:\/\/hotelhouse.cz\/#\/schema\/logo\/image\/\"},\"sameAs\":[\"https:\/\/www.instagram.com\/hotelhousecz\/\"]},{\"@type\":\"Person\",\"@id\":\"https:\/\/hotelhouse.cz\/#\/schema\/person\/def44b172d589b89b7d95d5df5bf4495\",\"name\":\"Martina Pechov\u00e1\",\"image\":{\"@type\":\"ImageObject\",\"inLanguage\":\"cs\",\"@id\":\"https:\/\/hotelhouse.cz\/#\/schema\/person\/image\/\",\"url\":\"https:\/\/secure.gravatar.com\/avatar\/f0b7849f9f82bc20952396010e3c9adb?s=96&d=mm&r=g\",\"contentUrl\":\"https:\/\/secure.gravatar.com\/avatar\/f0b7849f9f82bc20952396010e3c9adb?s=96&d=mm&r=g\",\"caption\":\"Martina Pechov\u00e1\"},\"sameAs\":[\"http:\/\/HOTELHOUSE.cz\"],\"url\":\"https:\/\/hotelhouse.cz\/index.php\/author\/marpech\/\"}]}<\/script>\n<!-- \/ Yoast SEO plugin. -->","yoast_head_json":{"title":"Stezka korunami strom\u016f Krkono\u0161e:\u00a0Neopakovateln\u00e1 atmosf\u00e9ra a barvy podzimn\u00edho lesa budou v listopadu pro d\u011bti zdarma - HOTELHOUSE.cz","description":"Listopad v Krkono\u0161\u00edch m\u00e1 sv\u00e9 neopakovateln\u00e9 kouzlo. Podzimn\u00ed les se postupn\u011b ukl\u00e1d\u00e1 k zimn\u00edmu sp\u00e1nku, mlhy a n\u00edzk\u00e9 slunce.","robots":{"index":"index","follow":"follow","max-snippet":"max-snippet:-1","max-image-preview":"max-image-preview:large","max-video-preview":"max-video-preview:-1"},"canonical":"https:\/\/hotelhouse.cz\/index.php\/2025\/11\/14\/stezka-korunami-stromu-krkonose-neopakovatelna-atmosfera-a-barvy-podzimniho-lesa-budou-v-listopadu-pro-deti-zdarma\/","og_locale":"cs_CZ","og_type":"article","og_title":"Stezka korunami strom\u016f Krkono\u0161e:\u00a0Neopakovateln\u00e1 atmosf\u00e9ra a barvy podzimn\u00edho lesa budou v listopadu pro d\u011bti zdarma - HOTELHOUSE.cz","og_description":"Listopad v Krkono\u0161\u00edch m\u00e1 sv\u00e9 neopakovateln\u00e9 kouzlo. Podzimn\u00ed les se postupn\u011b ukl\u00e1d\u00e1 k zimn\u00edmu sp\u00e1nku, mlhy a n\u00edzk\u00e9 slunce.","og_url":"https:\/\/hotelhouse.cz\/index.php\/2025\/11\/14\/stezka-korunami-stromu-krkonose-neopakovatelna-atmosfera-a-barvy-podzimniho-lesa-budou-v-listopadu-pro-deti-zdarma\/","og_site_name":"HOTELHOUSE.cz","article_published_time":"2025-11-13T23:01:00+00:00","article_modified_time":"2026-03-29T12:39:59+00:00","og_image":[{"width":2400,"height":1799,"url":"https:\/\/hotelhouse.cz\/wp-content\/uploads\/2025\/11\/Stezka-korunami-stromu-Janske-lazne__-DJI_0436.jpg","type":"image\/jpeg"}],"author":"Martina Pechov\u00e1","twitter_card":"summary_large_image","twitter_misc":{"Napsal(a)":"Martina Pechov\u00e1","Odhadovan\u00e1 doba \u010dten\u00ed":"4 minuty"},"schema":{"@context":"https:\/\/schema.org","@graph":[{"@type":"Article","@id":"https:\/\/hotelhouse.cz\/index.php\/2025\/11\/14\/stezka-korunami-stromu-krkonose-neopakovatelna-atmosfera-a-barvy-podzimniho-lesa-budou-v-listopadu-pro-deti-zdarma\/#article","isPartOf":{"@id":"https:\/\/hotelhouse.cz\/index.php\/2025\/11\/14\/stezka-korunami-stromu-krkonose-neopakovatelna-atmosfera-a-barvy-podzimniho-lesa-budou-v-listopadu-pro-deti-zdarma\/"},"author":{"name":"Martina Pechov\u00e1","@id":"https:\/\/hotelhouse.cz\/#\/schema\/person\/def44b172d589b89b7d95d5df5bf4495"},"headline":"Stezka korunami strom\u016f Krkono\u0161e:\u00a0Neopakovateln\u00e1 atmosf\u00e9ra a barvy podzimn\u00edho lesa budou v listopadu pro d\u011bti zdarma","datePublished":"2025-11-13T23:01:00+00:00","dateModified":"2026-03-29T12:39:59+00:00","mainEntityOfPage":{"@id":"https:\/\/hotelhouse.cz\/index.php\/2025\/11\/14\/stezka-korunami-stromu-krkonose-neopakovatelna-atmosfera-a-barvy-podzimniho-lesa-budou-v-listopadu-pro-deti-zdarma\/"},"wordCount":455,"publisher":{"@id":"https:\/\/hotelhouse.cz\/#organization"},"articleSection":["NEWS","\u0160PINDLER\u016eV ML\u00ddN","TIPY NA CESTOV\u00c1N\u00cd"],"inLanguage":"cs"},{"@type":"WebPage","@id":"https:\/\/hotelhouse.cz\/index.php\/2025\/11\/14\/stezka-korunami-stromu-krkonose-neopakovatelna-atmosfera-a-barvy-podzimniho-lesa-budou-v-listopadu-pro-deti-zdarma\/","url":"https:\/\/hotelhouse.cz\/index.php\/2025\/11\/14\/stezka-korunami-stromu-krkonose-neopakovatelna-atmosfera-a-barvy-podzimniho-lesa-budou-v-listopadu-pro-deti-zdarma\/","name":"Stezka korunami strom\u016f Krkono\u0161e:\u00a0Neopakovateln\u00e1 atmosf\u00e9ra a barvy podzimn\u00edho lesa budou v listopadu pro d\u011bti zdarma - HOTELHOUSE.cz","isPartOf":{"@id":"https:\/\/hotelhouse.cz\/#website"},"datePublished":"2025-11-13T23:01:00+00:00","dateModified":"2026-03-29T12:39:59+00:00","description":"Listopad v Krkono\u0161\u00edch m\u00e1 sv\u00e9 neopakovateln\u00e9 kouzlo. Podzimn\u00ed les se postupn\u011b ukl\u00e1d\u00e1 k zimn\u00edmu sp\u00e1nku, mlhy a n\u00edzk\u00e9 slunce.","breadcrumb":{"@id":"https:\/\/hotelhouse.cz\/index.php\/2025\/11\/14\/stezka-korunami-stromu-krkonose-neopakovatelna-atmosfera-a-barvy-podzimniho-lesa-budou-v-listopadu-pro-deti-zdarma\/#breadcrumb"},"inLanguage":"cs","potentialAction":[{"@type":"ReadAction","target":["https:\/\/hotelhouse.cz\/index.php\/2025\/11\/14\/stezka-korunami-stromu-krkonose-neopakovatelna-atmosfera-a-barvy-podzimniho-lesa-budou-v-listopadu-pro-deti-zdarma\/"]}]},{"@type":"BreadcrumbList","@id":"https:\/\/hotelhouse.cz\/index.php\/2025\/11\/14\/stezka-korunami-stromu-krkonose-neopakovatelna-atmosfera-a-barvy-podzimniho-lesa-budou-v-listopadu-pro-deti-zdarma\/#breadcrumb","itemListElement":[{"@type":"ListItem","position":1,"name":"Dom\u016f","item":"https:\/\/hotelhouse.cz\/"},{"@type":"ListItem","position":2,"name":"Stezka korunami strom\u016f Krkono\u0161e:\u00a0Neopakovateln\u00e1 atmosf\u00e9ra a barvy podzimn\u00edho lesa budou v listopadu pro d\u011bti zdarma"}]},{"@type":"WebSite","@id":"https:\/\/hotelhouse.cz\/#website","url":"https:\/\/hotelhouse.cz\/","name":"HOTELHOUSE.cz","description":"Port\u00e1l o hotelech, pensionech, spa resortech a restaurac\u00edch...","publisher":{"@id":"https:\/\/hotelhouse.cz\/#organization"},"potentialAction":[{"@type":"SearchAction","target":{"@type":"EntryPoint","urlTemplate":"https:\/\/hotelhouse.cz\/?s={search_term_string}"},"query-input":"required name=search_term_string"}],"inLanguage":"cs"},{"@type":"Organization","@id":"https:\/\/hotelhouse.cz\/#organization","name":"HOTELHOUSE.cz","url":"https:\/\/hotelhouse.cz\/","logo":{"@type":"ImageObject","inLanguage":"cs","@id":"https:\/\/hotelhouse.cz\/#\/schema\/logo\/image\/","url":"https:\/\/hotelhouse.cz\/wp-content\/uploads\/2024\/12\/cropped-Logo_HotelHouse-2.jpg","contentUrl":"https:\/\/hotelhouse.cz\/wp-content\/uploads\/2024\/12\/cropped-Logo_HotelHouse-2.jpg","width":933,"height":516,"caption":"HOTELHOUSE.cz"},"image":{"@id":"https:\/\/hotelhouse.cz\/#\/schema\/logo\/image\/"},"sameAs":["https:\/\/www.instagram.com\/hotelhousecz\/"]},{"@type":"Person","@id":"https:\/\/hotelhouse.cz\/#\/schema\/person\/def44b172d589b89b7d95d5df5bf4495","name":"Martina Pechov\u00e1","image":{"@type":"ImageObject","inLanguage":"cs","@id":"https:\/\/hotelhouse.cz\/#\/schema\/person\/image\/","url":"https:\/\/secure.gravatar.com\/avatar\/f0b7849f9f82bc20952396010e3c9adb?s=96&d=mm&r=g","contentUrl":"https:\/\/secure.gravatar.com\/avatar\/f0b7849f9f82bc20952396010e3c9adb?s=96&d=mm&r=g","caption":"Martina Pechov\u00e1"},"sameAs":["http:\/\/HOTELHOUSE.cz"],"url":"https:\/\/hotelhouse.cz\/index.php\/author\/marpech\/"}]}},"_links":{"self":[{"href":"https:\/\/hotelhouse.cz\/index.php\/wp-json\/wp\/v2\/posts\/8383"}],"collection":[{"href":"https:\/\/hotelhouse.cz\/index.php\/wp-json\/wp\/v2\/posts"}],"about":[{"href":"https:\/\/hotelhouse.cz\/index.php\/wp-json\/wp\/v2\/types\/post"}],"author":[{"embeddable":true,"href":"https:\/\/hotelhouse.cz\/index.php\/wp-json\/wp\/v2\/users\/9"}],"replies":[{"embeddable":true,"href":"https:\/\/hotelhouse.cz\/index.php\/wp-json\/wp\/v2\/comments?post=8383"}],"version-history":[{"count":5,"href":"https:\/\/hotelhouse.cz\/index.php\/wp-json\/wp\/v2\/posts\/8383\/revisions"}],"predecessor-version":[{"id":8713,"href":"https:\/\/hotelhouse.cz\/index.php\/wp-json\/wp\/v2\/posts\/8383\/revisions\/8713"}],"wp:featuredmedia":[{"embeddable":true,"href":"https:\/\/hotelhouse.cz\/index.php\/wp-json\/wp\/v2\/media\/8387"}],"wp:attachment":[{"href":"https:\/\/hotelhouse.cz\/index.php\/wp-json\/wp\/v2\/media?parent=8383"}],"wp:term":[{"taxonomy":"category","embeddable":true,"href":"https:\/\/hotelhouse.cz\/index.php\/wp-json\/wp\/v2\/categories?post=8383"},{"taxonomy":"post_tag","embeddable":true,"href":"https:\/\/hotelhouse.cz\/index.php\/wp-json\/wp\/v2\/tags?post=8383"}],"curies":[{"name":"wp","href":"https:\/\/api.w.org\/{rel}","templated":true}]}}