{"id":8398,"date":"2025-11-06T00:01:00","date_gmt":"2025-11-05T23:01:00","guid":{"rendered":"https:\/\/hotelhouse.cz\/?p=8398"},"modified":"2025-11-09T00:16:56","modified_gmt":"2025-11-08T23:16:56","slug":"veletrh-luxusnich-hodinek-sew-odstartuje-uz-v-patek-v-prazskem-palaci-zofin-se-predstavi-temer-60-znacek","status":"publish","type":"post","link":"https:\/\/hotelhouse.cz\/index.php\/2025\/11\/06\/veletrh-luxusnich-hodinek-sew-odstartuje-uz-v-patek-v-prazskem-palaci-zofin-se-predstavi-temer-60-znacek\/","title":{"rendered":"Veletrh luxusn\u00edch hodinek SEW odstartuje u\u017e v p\u00e1tek. V pra\u017esk\u00e9m pal\u00e1ci \u017dof\u00edn se p\u0159edstav\u00ed t\u00e9m\u011b\u0159 60 zna\u010dek"},"content":{"rendered":"\n<div style=\"height:40px\" aria-hidden=\"true\" class=\"wp-block-spacer\"><\/div>\n\n\n\n<p class=\"has-medium-font-size\"><strong>U\u017e tento p\u00e1tek a sobotu, 7. a 8. listopadu, bude v prostor\u00e1ch pal\u00e1ce \u017dof\u00edn mo\u017en\u00e9 obdivovat tvorbu 58 spole\u010dnost\u00ed. Od p\u00e1te\u010dn\u00edho poledne se zde bude toti\u017e konat v po\u0159ad\u00ed ji\u017e 11. ro\u010dn\u00edk salonu v\u00fdjime\u010dn\u00fdch hodinek SEW, kter\u00fd letos zpest\u0159\u00ed vystavuj\u00edc\u00ed zna\u010dky p\u016fvodem z \u010cech, D\u00e1nska, Francie, Holandska, Japonska, Kuby, N\u011bmecka, Rakouska, \u0160v\u00fdcarska \u010di USA.<\/strong><\/p>\n\n\n\n<div style=\"height:40px\" aria-hidden=\"true\" class=\"wp-block-spacer\"><\/div>\n\n\n<div class=\"wp-block-image\">\n<figure class=\"aligncenter size-full\"><img decoding=\"async\" src=\"https:\/\/prazskaparizska.cz\/wp-content\/uploads\/2025\/11\/1762413351_PRX10205M2700.jpg\" alt=\"Veletrh luxusn\u00edch hodinek SEW odstartuje u\u017e v p\u00e1tek. V pra\u017esk\u00e9m pal\u00e1ci \u017dof\u00edn se p\u0159edstav\u00ed t\u00e9m\u011b\u0159 60 zna\u010dek\" class=\"wp-image-5848\"\/><\/figure><\/div>\n\n\n<div style=\"height:40px\" aria-hidden=\"true\" class=\"wp-block-spacer\"><\/div>\n\n\n\n<p class=\"has-medium-font-size\">Sal\u00f3n v\u00fdjime\u010dn\u00fdch hodinek SEW v\u0161ak nen\u00ed pouze v\u00fdstavou. Ve dvou dnech se po boku prezentace 58 zna\u010dek budou konat v r\u00e1mci doprovodn\u00e9ho programu tak\u00e9 p\u0159edn\u00e1\u0161ky, stejn\u011b jako prob\u011bhne volba nejlep\u0161\u00edch hodinek v\u00fdstavy &#8211; Watch of the Year 2025. Obdobn\u011b jako v p\u0159edchoz\u00edch letech, tak ani letos nebude chyb\u011bt ceremoni\u00e1l p\u0159ed\u00e1v\u00e1n\u00ed ocen\u011bn\u00ed Horological Creativity Contribution Award za kreativn\u00ed p\u0159\u00ednos do sv\u011btov\u00e9 hodina\u0159iny.<\/p>\n\n\n\n<p class=\"has-medium-font-size\">Bezpochyby nejz\u00e1\u0159iv\u011bj\u0161\u00ed hv\u011bzdou budou v b\u00edl\u00e9m zlat\u011b vyveden\u00e9 hodinky TTR3 &#8211; Trillion Radiant z priv\u00e1tn\u00edho ateli\u00e9ru Antoine Preziuso Gen?ve. Unik\u00e1tn\u00ed kus, zcela lemovan\u00fd diamantov\u00fdmi bagetami o celkov\u00e9 hmotnosti 89 kar\u00e1t\u016f a jedn\u00edm ob\u0159\u00edm rub\u00ednem, je oslavou deseti let \u00fasp\u011b\u0161n\u00e9ho konceptu Tourbillon of Tourbillons. Jejich devizou je mechanick\u00fd strojek, konstruk\u010dn\u011b chr\u00e1n\u011bn\u00fd trojic\u00ed patent\u016f, jen\u017e je regulovan\u00fd trojic\u00ed rotuj\u00edc\u00edch tourbillon\u016f ot\u00e1\u010dej\u00edc\u00edch se z\u00e1rove\u0148 kolem cel\u00e9 plochy \u010d\u00edseln\u00edku. Dokonal\u00e1 harmonie mezi haute horlogerie a haute joaillerie je v\u00fdsledkem v\u00edce jak dvaceti let experiment\u016f. Nen\u00ed divu, \u017ee jejich cena byla stanovena na deset milion\u016f \u0161v\u00fdcarsk\u00fdch frank\u016f a jsou tak jednozna\u010dn\u011b nejdra\u017e\u0161\u00edmi hodinkami, kter\u00e9 kdy byly v \u010cech\u00e1ch prezentov\u00e1ny.<\/p>\n\n\n\n<div style=\"height:40px\" aria-hidden=\"true\" class=\"wp-block-spacer\"><\/div>\n\n\n<div class=\"wp-block-image\">\n<figure class=\"aligncenter size-full is-resized\"><img decoding=\"async\" src=\"https:\/\/prazskaparizska.cz\/wp-content\/uploads\/2025\/11\/1762413352_PRX10205M2703.jpg\" alt=\"Veletrh luxusn\u00edch hodinek SEW odstartuje u\u017e v p\u00e1tek. V pal\u00e1ci \u017dof\u00edn se p\u0159edstav\u00ed t\u00e9m\u011b\u0159 60 zna\u010dek\" class=\"wp-image-5846\" style=\"width:840px;height:auto\"\/><\/figure><\/div>\n\n\n<div style=\"height:40px\" aria-hidden=\"true\" class=\"wp-block-spacer\"><\/div>\n\n\n\n<p class=\"has-medium-font-size\">B\u011bhem p\u00e1te\u010dn\u00edho zah\u00e1jen\u00ed veletrhu SEW bude odhalen\u00fd tak\u00e9 nov\u00fd hodin\u00e1\u0159sk\u00fd motiv tri\u010dek KlokArt, jejich\u017e prodejem je ka\u017edoro\u010dn\u011b podporov\u00e1n Fond ohro\u017een\u00fdch d\u011bt\u00ed. Ten bude m\u00edt tradi\u010dn\u011b sv\u016fj st\u00e1nek u \u0161atny, v p\u0159\u00edzem\u00ed pal\u00e1ce \u017dof\u00edn. Charitativn\u00ed p\u0159esah salonu v\u00fdjime\u010dn\u00fdch hodinek SEW tak znovu pot\u011b\u0161\u00ed p\u0159\u00edznivce hrav\u00fdch ilustrac\u00ed Richarda Svitalsk\u00e9ho, jeho\u017e p\u0159edchoz\u00ed d\u00edla vydan\u00e9 v kooperaci se zna\u010dkami Prim, Omega, Certina, Festina, Casio a Seiko budou na m\u00edst\u011b takt\u00e9\u017e dostupn\u00e9.<\/p>\n\n\n\n<p class=\"has-medium-font-size\">Ned\u00edlnou sou\u010d\u00e1st\u00ed dvoudenn\u00ed akce bude tak\u00e9 p\u00e1te\u010dn\u00ed VIP ve\u010d\u00edrek, kter\u00fd za\u0161t\u00edt\u00ed program KB Premium, automobilka Audi reprezentovan\u00e1 dealerstv\u00edm Auto Jarov a nemovitosti v Dubaji nab\u00edzej\u00edc\u00ed spole\u010dnost Nov\u00e1 Dubaj. V sobotu, po ukon\u010den\u00ed v\u00fdstavy, prob\u011bhne after-party event. v r\u00e1mci hodin\u00e1\u0159stv\u00ed Koscom, mezi n\u00edm\u017e a v\u00fdstavou bude jezdit pravideln\u011b shuttlebus Audi.<\/p>\n\n\n\n<div style=\"height:37px\" aria-hidden=\"true\" class=\"wp-block-spacer\"><\/div>\n\n\n\n<figure class=\"wp-block-image size-full\"><img decoding=\"async\" src=\"https:\/\/prazskaparizska.cz\/wp-content\/uploads\/2025\/11\/1762413354_PRX10205M2704.jpg\" alt=\"Veletrh luxusn\u00edch hodinek SEW odstartuje u\u017e v p\u00e1tek. V pal\u00e1ci \u017dof\u00edn se p\u0159edstav\u00ed t\u00e9m\u011b\u0159 60 zna\u010dek\" class=\"wp-image-5844\"\/><\/figure>\n\n\n\n<div style=\"height:36px\" aria-hidden=\"true\" class=\"wp-block-spacer\"><\/div>\n\n\n\n<h2 class=\"wp-block-heading\">Doprovodn\u00fd program<\/h2>\n\n\n\n<div style=\"height:33px\" aria-hidden=\"true\" class=\"wp-block-spacer\"><\/div>\n\n\n\n<h2 class=\"wp-block-heading\" style=\"font-size:25px\">P\u00e1tek 7. listopadu<\/h2>\n\n\n\n<div style=\"height:33px\" aria-hidden=\"true\" class=\"wp-block-spacer\"><\/div>\n\n\n\n<p class=\"has-medium-font-size\">13.15\u201314.00: Bulova: 150 let zna\u010dky s \u010desk\u00fdmi ko\u0159eny a novou budoucnost\u00ed<\/p>\n\n\n\n<p class=\"has-medium-font-size\">14.15\u201315.00: Fortis: slavn\u00e1 vesm\u00edrn\u00e1 epopej a cesta za nov\u00fdm designem i technikou<\/p>\n\n\n\n<p class=\"has-medium-font-size\">15.15\u201316.00: Prim: nov\u00e1 budoucnost dvojice \u010desk\u00fdch zna\u010dek<\/p>\n\n\n\n<p class=\"has-medium-font-size\">16.00\u201316.45: Manuel Emch: vznik a pl\u00e1ny spolupr\u00e1ce Louis Erard s mistry hodin\u00e1\u0159i<\/p>\n\n\n\n<p class=\"has-medium-font-size\">17.00\u201317.45: Jarom\u00edr Ondr\u00e1\u010dek: 70 let hodin\u00e1\u0159sk\u00e9 \u0161koly v Jihlav\u011b, jedin\u00e9 ve st\u0159edn\u00ed Evrop\u011b<\/p>\n\n\n\n<div style=\"height:33px\" aria-hidden=\"true\" class=\"wp-block-spacer\"><\/div>\n\n\n\n<h2 class=\"wp-block-heading\" style=\"font-size:25px\">Sobota 8. listopadu<\/h2>\n\n\n\n<div style=\"height:33px\" aria-hidden=\"true\" class=\"wp-block-spacer\"><\/div>\n\n\n\n<p>10.30\u201311.15: Pim Kosel\u00e1g, mistr hodin\u00e1\u0159: od stroku bez oscil\u00e1toru po planet\u00e1rium<\/p>\n\n\n\n<p>11.30\u201312.15: Libor Ho\u0159\u00e1k: sb\u00edr\u00e1n\u00ed hodinek \u2013 jakou hodinu si vybrat dle charakteru<\/p>\n\n\n\n<p>12.45\u201313.30: Igor Tiras: pro\u010d a v \u010dem n\u00e1m hodin\u00e1\u0159sk\u00e9 zna\u010dky l\u017eou<\/p>\n\n\n\n<p>13.30\u201314.00: Lang &amp; Heyne: novinky Hektor Edition II a Friedrich III Manufaktur Edition<\/p>\n\n\n\n<p>14.15\u201315.00: Emmanuelle Bianchet: bo\u017esk\u00fd pom\u011br 1.618 vnesen\u00fd do hodinek<\/p>\n\n\n\n<p>15.15\u201315.45: Sartory Billard: Small Batch je zat\u00edm posledn\u00edm modelem<\/p>\n\n\n\n<div style=\"height:33px\" aria-hidden=\"true\" class=\"wp-block-spacer\"><\/div>\n\n\n<div class=\"wp-block-image\">\n<figure class=\"aligncenter size-full\"><img decoding=\"async\" src=\"https:\/\/prazskaparizska.cz\/wp-content\/uploads\/2025\/11\/1762413352_PRX10205M2701.jpg\" alt=\"Veletrh luxusn\u00edch hodinek SEW odstartuje u\u017e v p\u00e1tek. V pal\u00e1ci \u017dof\u00edn se p\u0159edstav\u00ed t\u00e9m\u011b\u0159 60 zna\u010dek\" class=\"wp-image-5845\"\/><\/figure><\/div>\n\n\n<div style=\"height:33px\" aria-hidden=\"true\" class=\"wp-block-spacer\"><\/div>\n\n\n\n<h2 class=\"wp-block-heading\">Vystavuj\u00edc\u00ed zna\u010dky:<\/h2>\n\n\n\n<div style=\"height:33px\" aria-hidden=\"true\" class=\"wp-block-spacer\"><\/div>\n\n\n\n<p>Alexander Shorokhoff, Alpina, Antoine Preziuso, Arcanaut, Arnold &amp; Son, Aviator, Beaubleu, Beauregard, Bell &amp; Ross, Benzinger, Bianchet, Bulova, Christian Van Der Klaauw, Cuervo y Sobrinos, Czapek, D. Dornblueth &amp; Sohn, Delma, Dug, Edox, Fortis, Frederique Constant, Franck Muller, Frederic Jouvenot, G-Shock, Grand Seiko, H. Moser &amp; Cie, Habring2, Hanhart, Herbelin, Junghans, Kieser Design, Kudoke, Lang &amp; Heyne, Louis Erard, Lud\u011bk Seryn, Matthias Naeschke, Maurice Lacroix, Norqain, Orient Star, Oris, Pequignet, Perrelet, Prim, Prokop &amp; Bro\u017e, Rado, Robot, Sartory Billard, Schaefer &amp; Companions, Sherpa, Sinn, Stowa, Strom, Union Glash\u00fctte, Veronika Tesa\u0159\u00edkov\u00e1, Vostok, Vulcain, XIIVI, Zeitwinkel<\/p>\n\n\n\n<div style=\"height:33px\" aria-hidden=\"true\" class=\"wp-block-spacer\"><\/div>\n\n\n\n<h2 class=\"wp-block-heading\">Otev\u00edrac\u00ed doba v\u00fdstavy SEW<\/h2>\n\n\n\n<div style=\"height:20px\" aria-hidden=\"true\" class=\"wp-block-spacer\"><\/div>\n\n\n\n<p class=\"has-medium-font-size\"><strong>P\u00e1tek \u2013 7. listopadu \u2013 12:00 a\u017e 18:00 hod.<\/strong><\/p>\n\n\n\n<p class=\"has-medium-font-size\"><strong>Sobota \u2013 8. listopadu \u2013 10:00 a\u017e 18:00 hod.<\/strong><\/p>\n\n\n\n<div style=\"height:100px\" aria-hidden=\"true\" class=\"wp-block-spacer\"><\/div>\n\n\n\n<figure class=\"wp-block-gallery has-nested-images columns-2 is-cropped wp-block-gallery-1 is-layout-flex wp-block-gallery-is-layout-flex\">\n<figure class=\"wp-block-image size-large\"><img decoding=\"async\" data-id=\"5843\" src=\"https:\/\/prazskaparizska.cz\/wp-content\/uploads\/2025\/11\/1762413349_PRX10205M2699.jpg\" alt=\"Veletrh luxusn\u00edch hodinek SEW odstartuje u\u017e v p\u00e1tek. V pal\u00e1ci \u017dof\u00edn se p\u0159edstav\u00ed t\u00e9m\u011b\u0159 60 zna\u010dek\" class=\"wp-image-5843\"\/><\/figure>\n\n\n\n<figure class=\"wp-block-image size-large\"><img decoding=\"async\" data-id=\"5848\" src=\"https:\/\/prazskaparizska.cz\/wp-content\/uploads\/2025\/11\/1762413351_PRX10205M2700.jpg\" alt=\"Veletrh luxusn\u00edch hodinek SEW odstartuje u\u017e v p\u00e1tek. V pal\u00e1ci \u017dof\u00edn se p\u0159edstav\u00ed t\u00e9m\u011b\u0159 60 zna\u010dek\" class=\"wp-image-5848\"\/><\/figure>\n\n\n\n<figure class=\"wp-block-image size-large\"><img decoding=\"async\" data-id=\"5847\" src=\"https:\/\/prazskaparizska.cz\/wp-content\/uploads\/2025\/11\/1762413351_PRX10205M2702.jpg\" alt=\"Veletrh luxusn\u00edch hodinek SEW odstartuje u\u017e v p\u00e1tek. V pal\u00e1ci \u017dof\u00edn se p\u0159edstav\u00ed t\u00e9m\u011b\u0159 60 zna\u010dek\" class=\"wp-image-5847\"\/><\/figure>\n\n\n\n<figure class=\"wp-block-image size-large\"><img decoding=\"async\" data-id=\"5845\" src=\"https:\/\/prazskaparizska.cz\/wp-content\/uploads\/2025\/11\/1762413352_PRX10205M2701.jpg\" alt=\"Veletrh luxusn\u00edch hodinek SEW odstartuje u\u017e v p\u00e1tek. V pal\u00e1ci \u017dof\u00edn se p\u0159edstav\u00ed t\u00e9m\u011b\u0159 60 zna\u010dek\" class=\"wp-image-5845\"\/><\/figure>\n\n\n\n<figure class=\"wp-block-image size-large\"><img decoding=\"async\" data-id=\"5846\" src=\"https:\/\/prazskaparizska.cz\/wp-content\/uploads\/2025\/11\/1762413352_PRX10205M2703.jpg\" alt=\"Veletrh luxusn\u00edch hodinek SEW odstartuje u\u017e v p\u00e1tek. V pal\u00e1ci \u017dof\u00edn se p\u0159edstav\u00ed t\u00e9m\u011b\u0159 60 zna\u010dek\" class=\"wp-image-5846\"\/><\/figure>\n\n\n\n<figure class=\"wp-block-image size-large\"><img decoding=\"async\" data-id=\"5844\" src=\"https:\/\/prazskaparizska.cz\/wp-content\/uploads\/2025\/11\/1762413354_PRX10205M2704.jpg\" alt=\"Veletrh luxusn\u00edch hodinek SEW odstartuje u\u017e v p\u00e1tek. V pal\u00e1ci \u017dof\u00edn se p\u0159edstav\u00ed t\u00e9m\u011b\u0159 60 zna\u010dek\" class=\"wp-image-5844\"\/><\/figure>\n<\/figure>\n\n\n\n<div style=\"height:36px\" aria-hidden=\"true\" class=\"wp-block-spacer\"><\/div>\n\n\n\n<p><strong>Zdroj:<\/strong> medial agency<\/p>\n\n\n\n<div style=\"height:100px\" aria-hidden=\"true\" class=\"wp-block-spacer\"><\/div>\n","protected":false},"excerpt":{"rendered":"<p>U\u017e tento p\u00e1tek a sobotu, 7. a 8. listopadu, bude v prostor\u00e1ch pal\u00e1ce \u017dof\u00edn mo\u017en\u00e9 obdivovat tvorbu 58 spole\u010dnost\u00ed. Od p\u00e1te\u010dn\u00edho poledne se zde bude toti\u017e konat v po\u0159ad\u00ed ji\u017e 11. ro\u010dn\u00edk salonu v\u00fdjime\u010dn\u00fdch&#46;&#46;&#46;<\/p>\n","protected":false},"author":3,"featured_media":8399,"comment_status":"closed","ping_status":"closed","sticky":false,"template":"","format":"standard","meta":{"_monsterinsights_skip_tracking":false,"_monsterinsights_sitenote_active":false,"_monsterinsights_sitenote_note":"","_monsterinsights_sitenote_category":0,"footnotes":""},"categories":[22,2,154],"tags":[189,102,188],"yoast_head":"<!-- This site is optimized with the Yoast SEO plugin v21.5 - https:\/\/yoast.com\/wordpress\/plugins\/seo\/ -->\n<title>Veletrh luxusn\u00edch hodinek SEW odstartuje u\u017e v p\u00e1tek. V pra\u017esk\u00e9m pal\u00e1ci \u017dof\u00edn se p\u0159edstav\u00ed t\u00e9m\u011b\u0159 60 zna\u010dek - HOTELHOUSE.cz<\/title>\n<meta name=\"description\" content=\"U\u017e tento p\u00e1tek a sobotu, 7. a 8. listopadu, bude v prostor\u00e1ch pal\u00e1ce \u017dof\u00edn mo\u017en\u00e9 obdivovat tvorbu 58 spole\u010dnost\u00ed.\" \/>\n<meta name=\"robots\" content=\"index, follow, max-snippet:-1, max-image-preview:large, max-video-preview:-1\" \/>\n<link rel=\"canonical\" href=\"https:\/\/hotelhouse.cz\/index.php\/2025\/11\/06\/veletrh-luxusnich-hodinek-sew-odstartuje-uz-v-patek-v-prazskem-palaci-zofin-se-predstavi-temer-60-znacek\/\" \/>\n<meta property=\"og:locale\" content=\"cs_CZ\" \/>\n<meta property=\"og:type\" content=\"article\" \/>\n<meta property=\"og:title\" content=\"Veletrh luxusn\u00edch hodinek SEW odstartuje u\u017e v p\u00e1tek. V pra\u017esk\u00e9m pal\u00e1ci \u017dof\u00edn se p\u0159edstav\u00ed t\u00e9m\u011b\u0159 60 zna\u010dek - HOTELHOUSE.cz\" \/>\n<meta property=\"og:description\" content=\"U\u017e tento p\u00e1tek a sobotu, 7. a 8. listopadu, bude v prostor\u00e1ch pal\u00e1ce \u017dof\u00edn mo\u017en\u00e9 obdivovat tvorbu 58 spole\u010dnost\u00ed.\" \/>\n<meta property=\"og:url\" content=\"https:\/\/hotelhouse.cz\/index.php\/2025\/11\/06\/veletrh-luxusnich-hodinek-sew-odstartuje-uz-v-patek-v-prazskem-palaci-zofin-se-predstavi-temer-60-znacek\/\" \/>\n<meta property=\"og:site_name\" content=\"HOTELHOUSE.cz\" \/>\n<meta property=\"article:published_time\" content=\"2025-11-05T23:01:00+00:00\" \/>\n<meta property=\"article:modified_time\" content=\"2025-11-08T23:16:56+00:00\" \/>\n<meta property=\"og:image\" content=\"https:\/\/hotelhouse.cz\/wp-content\/uploads\/2025\/11\/1762413351_PRX10205M2702.jpg\" \/>\n\t<meta property=\"og:image:width\" content=\"800\" \/>\n\t<meta property=\"og:image:height\" content=\"534\" \/>\n\t<meta property=\"og:image:type\" content=\"image\/jpeg\" \/>\n<meta name=\"author\" content=\"Van\u011bk Miroslav\" \/>\n<meta name=\"twitter:card\" content=\"summary_large_image\" \/>\n<meta name=\"twitter:label1\" content=\"Napsal(a)\" \/>\n\t<meta name=\"twitter:data1\" content=\"Van\u011bk Miroslav\" \/>\n\t<meta name=\"twitter:label2\" content=\"Odhadovan\u00e1 doba \u010dten\u00ed\" \/>\n\t<meta name=\"twitter:data2\" content=\"6 minut\" \/>\n<script type=\"application\/ld+json\" class=\"yoast-schema-graph\">{\"@context\":\"https:\/\/schema.org\",\"@graph\":[{\"@type\":\"Article\",\"@id\":\"https:\/\/hotelhouse.cz\/index.php\/2025\/11\/06\/veletrh-luxusnich-hodinek-sew-odstartuje-uz-v-patek-v-prazskem-palaci-zofin-se-predstavi-temer-60-znacek\/#article\",\"isPartOf\":{\"@id\":\"https:\/\/hotelhouse.cz\/index.php\/2025\/11\/06\/veletrh-luxusnich-hodinek-sew-odstartuje-uz-v-patek-v-prazskem-palaci-zofin-se-predstavi-temer-60-znacek\/\"},\"author\":{\"name\":\"Van\u011bk Miroslav\",\"@id\":\"https:\/\/hotelhouse.cz\/#\/schema\/person\/fa8caee3f0a9c6134afed3c541204812\"},\"headline\":\"Veletrh luxusn\u00edch hodinek SEW odstartuje u\u017e v p\u00e1tek. V pra\u017esk\u00e9m pal\u00e1ci \u017dof\u00edn se p\u0159edstav\u00ed t\u00e9m\u011b\u0159 60 zna\u010dek\",\"datePublished\":\"2025-11-05T23:01:00+00:00\",\"dateModified\":\"2025-11-08T23:16:56+00:00\",\"mainEntityOfPage\":{\"@id\":\"https:\/\/hotelhouse.cz\/index.php\/2025\/11\/06\/veletrh-luxusnich-hodinek-sew-odstartuje-uz-v-patek-v-prazskem-palaci-zofin-se-predstavi-temer-60-znacek\/\"},\"wordCount\":742,\"publisher\":{\"@id\":\"https:\/\/hotelhouse.cz\/#organization\"},\"keywords\":[\"pal\u00e1c \u017dof\u00edn\",\"Pra\u017esk\u00e1 Metropole\",\"Veletrh luxusn\u00edch hodinek SEW\"],\"articleSection\":[\"NaDovolenouDoPrahy.cz\",\"NEWS\",\"PRA\u017dSK\u00c1 METROPOLE\"],\"inLanguage\":\"cs\"},{\"@type\":\"WebPage\",\"@id\":\"https:\/\/hotelhouse.cz\/index.php\/2025\/11\/06\/veletrh-luxusnich-hodinek-sew-odstartuje-uz-v-patek-v-prazskem-palaci-zofin-se-predstavi-temer-60-znacek\/\",\"url\":\"https:\/\/hotelhouse.cz\/index.php\/2025\/11\/06\/veletrh-luxusnich-hodinek-sew-odstartuje-uz-v-patek-v-prazskem-palaci-zofin-se-predstavi-temer-60-znacek\/\",\"name\":\"Veletrh luxusn\u00edch hodinek SEW odstartuje u\u017e v p\u00e1tek. V pra\u017esk\u00e9m pal\u00e1ci \u017dof\u00edn se p\u0159edstav\u00ed t\u00e9m\u011b\u0159 60 zna\u010dek - HOTELHOUSE.cz\",\"isPartOf\":{\"@id\":\"https:\/\/hotelhouse.cz\/#website\"},\"datePublished\":\"2025-11-05T23:01:00+00:00\",\"dateModified\":\"2025-11-08T23:16:56+00:00\",\"description\":\"U\u017e tento p\u00e1tek a sobotu, 7. a 8. listopadu, bude v prostor\u00e1ch pal\u00e1ce \u017dof\u00edn mo\u017en\u00e9 obdivovat tvorbu 58 spole\u010dnost\u00ed.\",\"breadcrumb\":{\"@id\":\"https:\/\/hotelhouse.cz\/index.php\/2025\/11\/06\/veletrh-luxusnich-hodinek-sew-odstartuje-uz-v-patek-v-prazskem-palaci-zofin-se-predstavi-temer-60-znacek\/#breadcrumb\"},\"inLanguage\":\"cs\",\"potentialAction\":[{\"@type\":\"ReadAction\",\"target\":[\"https:\/\/hotelhouse.cz\/index.php\/2025\/11\/06\/veletrh-luxusnich-hodinek-sew-odstartuje-uz-v-patek-v-prazskem-palaci-zofin-se-predstavi-temer-60-znacek\/\"]}]},{\"@type\":\"BreadcrumbList\",\"@id\":\"https:\/\/hotelhouse.cz\/index.php\/2025\/11\/06\/veletrh-luxusnich-hodinek-sew-odstartuje-uz-v-patek-v-prazskem-palaci-zofin-se-predstavi-temer-60-znacek\/#breadcrumb\",\"itemListElement\":[{\"@type\":\"ListItem\",\"position\":1,\"name\":\"Dom\u016f\",\"item\":\"https:\/\/hotelhouse.cz\/\"},{\"@type\":\"ListItem\",\"position\":2,\"name\":\"Veletrh luxusn\u00edch hodinek SEW odstartuje u\u017e v p\u00e1tek. V pra\u017esk\u00e9m pal\u00e1ci \u017dof\u00edn se p\u0159edstav\u00ed t\u00e9m\u011b\u0159 60 zna\u010dek\"}]},{\"@type\":\"WebSite\",\"@id\":\"https:\/\/hotelhouse.cz\/#website\",\"url\":\"https:\/\/hotelhouse.cz\/\",\"name\":\"HOTELHOUSE.cz\",\"description\":\"Port\u00e1l o hotelech, pensionech, spa resortech a restaurac\u00edch...\",\"publisher\":{\"@id\":\"https:\/\/hotelhouse.cz\/#organization\"},\"potentialAction\":[{\"@type\":\"SearchAction\",\"target\":{\"@type\":\"EntryPoint\",\"urlTemplate\":\"https:\/\/hotelhouse.cz\/?s={search_term_string}\"},\"query-input\":\"required name=search_term_string\"}],\"inLanguage\":\"cs\"},{\"@type\":\"Organization\",\"@id\":\"https:\/\/hotelhouse.cz\/#organization\",\"name\":\"HOTELHOUSE.cz\",\"url\":\"https:\/\/hotelhouse.cz\/\",\"logo\":{\"@type\":\"ImageObject\",\"inLanguage\":\"cs\",\"@id\":\"https:\/\/hotelhouse.cz\/#\/schema\/logo\/image\/\",\"url\":\"https:\/\/hotelhouse.cz\/wp-content\/uploads\/2024\/12\/cropped-Logo_HotelHouse-2.jpg\",\"contentUrl\":\"https:\/\/hotelhouse.cz\/wp-content\/uploads\/2024\/12\/cropped-Logo_HotelHouse-2.jpg\",\"width\":933,\"height\":516,\"caption\":\"HOTELHOUSE.cz\"},\"image\":{\"@id\":\"https:\/\/hotelhouse.cz\/#\/schema\/logo\/image\/\"},\"sameAs\":[\"https:\/\/www.instagram.com\/hotelhousecz\/\"]},{\"@type\":\"Person\",\"@id\":\"https:\/\/hotelhouse.cz\/#\/schema\/person\/fa8caee3f0a9c6134afed3c541204812\",\"name\":\"Van\u011bk Miroslav\",\"image\":{\"@type\":\"ImageObject\",\"inLanguage\":\"cs\",\"@id\":\"https:\/\/hotelhouse.cz\/#\/schema\/person\/image\/\",\"url\":\"https:\/\/secure.gravatar.com\/avatar\/cc93dbecbfc820d69a964ea4a1c72377?s=96&d=mm&r=g\",\"contentUrl\":\"https:\/\/secure.gravatar.com\/avatar\/cc93dbecbfc820d69a964ea4a1c72377?s=96&d=mm&r=g\",\"caption\":\"Van\u011bk Miroslav\"},\"sameAs\":[\"http:\/\/www.hotelhouse.cz\"],\"url\":\"https:\/\/hotelhouse.cz\/index.php\/author\/mirvan\/\"}]}<\/script>\n<!-- \/ Yoast SEO plugin. -->","yoast_head_json":{"title":"Veletrh luxusn\u00edch hodinek SEW odstartuje u\u017e v p\u00e1tek. V pra\u017esk\u00e9m pal\u00e1ci \u017dof\u00edn se p\u0159edstav\u00ed t\u00e9m\u011b\u0159 60 zna\u010dek - HOTELHOUSE.cz","description":"U\u017e tento p\u00e1tek a sobotu, 7. a 8. listopadu, bude v prostor\u00e1ch pal\u00e1ce \u017dof\u00edn mo\u017en\u00e9 obdivovat tvorbu 58 spole\u010dnost\u00ed.","robots":{"index":"index","follow":"follow","max-snippet":"max-snippet:-1","max-image-preview":"max-image-preview:large","max-video-preview":"max-video-preview:-1"},"canonical":"https:\/\/hotelhouse.cz\/index.php\/2025\/11\/06\/veletrh-luxusnich-hodinek-sew-odstartuje-uz-v-patek-v-prazskem-palaci-zofin-se-predstavi-temer-60-znacek\/","og_locale":"cs_CZ","og_type":"article","og_title":"Veletrh luxusn\u00edch hodinek SEW odstartuje u\u017e v p\u00e1tek. V pra\u017esk\u00e9m pal\u00e1ci \u017dof\u00edn se p\u0159edstav\u00ed t\u00e9m\u011b\u0159 60 zna\u010dek - HOTELHOUSE.cz","og_description":"U\u017e tento p\u00e1tek a sobotu, 7. a 8. listopadu, bude v prostor\u00e1ch pal\u00e1ce \u017dof\u00edn mo\u017en\u00e9 obdivovat tvorbu 58 spole\u010dnost\u00ed.","og_url":"https:\/\/hotelhouse.cz\/index.php\/2025\/11\/06\/veletrh-luxusnich-hodinek-sew-odstartuje-uz-v-patek-v-prazskem-palaci-zofin-se-predstavi-temer-60-znacek\/","og_site_name":"HOTELHOUSE.cz","article_published_time":"2025-11-05T23:01:00+00:00","article_modified_time":"2025-11-08T23:16:56+00:00","og_image":[{"width":800,"height":534,"url":"https:\/\/hotelhouse.cz\/wp-content\/uploads\/2025\/11\/1762413351_PRX10205M2702.jpg","type":"image\/jpeg"}],"author":"Van\u011bk Miroslav","twitter_card":"summary_large_image","twitter_misc":{"Napsal(a)":"Van\u011bk Miroslav","Odhadovan\u00e1 doba \u010dten\u00ed":"6 minut"},"schema":{"@context":"https:\/\/schema.org","@graph":[{"@type":"Article","@id":"https:\/\/hotelhouse.cz\/index.php\/2025\/11\/06\/veletrh-luxusnich-hodinek-sew-odstartuje-uz-v-patek-v-prazskem-palaci-zofin-se-predstavi-temer-60-znacek\/#article","isPartOf":{"@id":"https:\/\/hotelhouse.cz\/index.php\/2025\/11\/06\/veletrh-luxusnich-hodinek-sew-odstartuje-uz-v-patek-v-prazskem-palaci-zofin-se-predstavi-temer-60-znacek\/"},"author":{"name":"Van\u011bk Miroslav","@id":"https:\/\/hotelhouse.cz\/#\/schema\/person\/fa8caee3f0a9c6134afed3c541204812"},"headline":"Veletrh luxusn\u00edch hodinek SEW odstartuje u\u017e v p\u00e1tek. V pra\u017esk\u00e9m pal\u00e1ci \u017dof\u00edn se p\u0159edstav\u00ed t\u00e9m\u011b\u0159 60 zna\u010dek","datePublished":"2025-11-05T23:01:00+00:00","dateModified":"2025-11-08T23:16:56+00:00","mainEntityOfPage":{"@id":"https:\/\/hotelhouse.cz\/index.php\/2025\/11\/06\/veletrh-luxusnich-hodinek-sew-odstartuje-uz-v-patek-v-prazskem-palaci-zofin-se-predstavi-temer-60-znacek\/"},"wordCount":742,"publisher":{"@id":"https:\/\/hotelhouse.cz\/#organization"},"keywords":["pal\u00e1c \u017dof\u00edn","Pra\u017esk\u00e1 Metropole","Veletrh luxusn\u00edch hodinek SEW"],"articleSection":["NaDovolenouDoPrahy.cz","NEWS","PRA\u017dSK\u00c1 METROPOLE"],"inLanguage":"cs"},{"@type":"WebPage","@id":"https:\/\/hotelhouse.cz\/index.php\/2025\/11\/06\/veletrh-luxusnich-hodinek-sew-odstartuje-uz-v-patek-v-prazskem-palaci-zofin-se-predstavi-temer-60-znacek\/","url":"https:\/\/hotelhouse.cz\/index.php\/2025\/11\/06\/veletrh-luxusnich-hodinek-sew-odstartuje-uz-v-patek-v-prazskem-palaci-zofin-se-predstavi-temer-60-znacek\/","name":"Veletrh luxusn\u00edch hodinek SEW odstartuje u\u017e v p\u00e1tek. V pra\u017esk\u00e9m pal\u00e1ci \u017dof\u00edn se p\u0159edstav\u00ed t\u00e9m\u011b\u0159 60 zna\u010dek - HOTELHOUSE.cz","isPartOf":{"@id":"https:\/\/hotelhouse.cz\/#website"},"datePublished":"2025-11-05T23:01:00+00:00","dateModified":"2025-11-08T23:16:56+00:00","description":"U\u017e tento p\u00e1tek a sobotu, 7. a 8. listopadu, bude v prostor\u00e1ch pal\u00e1ce \u017dof\u00edn mo\u017en\u00e9 obdivovat tvorbu 58 spole\u010dnost\u00ed.","breadcrumb":{"@id":"https:\/\/hotelhouse.cz\/index.php\/2025\/11\/06\/veletrh-luxusnich-hodinek-sew-odstartuje-uz-v-patek-v-prazskem-palaci-zofin-se-predstavi-temer-60-znacek\/#breadcrumb"},"inLanguage":"cs","potentialAction":[{"@type":"ReadAction","target":["https:\/\/hotelhouse.cz\/index.php\/2025\/11\/06\/veletrh-luxusnich-hodinek-sew-odstartuje-uz-v-patek-v-prazskem-palaci-zofin-se-predstavi-temer-60-znacek\/"]}]},{"@type":"BreadcrumbList","@id":"https:\/\/hotelhouse.cz\/index.php\/2025\/11\/06\/veletrh-luxusnich-hodinek-sew-odstartuje-uz-v-patek-v-prazskem-palaci-zofin-se-predstavi-temer-60-znacek\/#breadcrumb","itemListElement":[{"@type":"ListItem","position":1,"name":"Dom\u016f","item":"https:\/\/hotelhouse.cz\/"},{"@type":"ListItem","position":2,"name":"Veletrh luxusn\u00edch hodinek SEW odstartuje u\u017e v p\u00e1tek. V pra\u017esk\u00e9m pal\u00e1ci \u017dof\u00edn se p\u0159edstav\u00ed t\u00e9m\u011b\u0159 60 zna\u010dek"}]},{"@type":"WebSite","@id":"https:\/\/hotelhouse.cz\/#website","url":"https:\/\/hotelhouse.cz\/","name":"HOTELHOUSE.cz","description":"Port\u00e1l o hotelech, pensionech, spa resortech a restaurac\u00edch...","publisher":{"@id":"https:\/\/hotelhouse.cz\/#organization"},"potentialAction":[{"@type":"SearchAction","target":{"@type":"EntryPoint","urlTemplate":"https:\/\/hotelhouse.cz\/?s={search_term_string}"},"query-input":"required name=search_term_string"}],"inLanguage":"cs"},{"@type":"Organization","@id":"https:\/\/hotelhouse.cz\/#organization","name":"HOTELHOUSE.cz","url":"https:\/\/hotelhouse.cz\/","logo":{"@type":"ImageObject","inLanguage":"cs","@id":"https:\/\/hotelhouse.cz\/#\/schema\/logo\/image\/","url":"https:\/\/hotelhouse.cz\/wp-content\/uploads\/2024\/12\/cropped-Logo_HotelHouse-2.jpg","contentUrl":"https:\/\/hotelhouse.cz\/wp-content\/uploads\/2024\/12\/cropped-Logo_HotelHouse-2.jpg","width":933,"height":516,"caption":"HOTELHOUSE.cz"},"image":{"@id":"https:\/\/hotelhouse.cz\/#\/schema\/logo\/image\/"},"sameAs":["https:\/\/www.instagram.com\/hotelhousecz\/"]},{"@type":"Person","@id":"https:\/\/hotelhouse.cz\/#\/schema\/person\/fa8caee3f0a9c6134afed3c541204812","name":"Van\u011bk Miroslav","image":{"@type":"ImageObject","inLanguage":"cs","@id":"https:\/\/hotelhouse.cz\/#\/schema\/person\/image\/","url":"https:\/\/secure.gravatar.com\/avatar\/cc93dbecbfc820d69a964ea4a1c72377?s=96&d=mm&r=g","contentUrl":"https:\/\/secure.gravatar.com\/avatar\/cc93dbecbfc820d69a964ea4a1c72377?s=96&d=mm&r=g","caption":"Van\u011bk Miroslav"},"sameAs":["http:\/\/www.hotelhouse.cz"],"url":"https:\/\/hotelhouse.cz\/index.php\/author\/mirvan\/"}]}},"_links":{"self":[{"href":"https:\/\/hotelhouse.cz\/index.php\/wp-json\/wp\/v2\/posts\/8398"}],"collection":[{"href":"https:\/\/hotelhouse.cz\/index.php\/wp-json\/wp\/v2\/posts"}],"about":[{"href":"https:\/\/hotelhouse.cz\/index.php\/wp-json\/wp\/v2\/types\/post"}],"author":[{"embeddable":true,"href":"https:\/\/hotelhouse.cz\/index.php\/wp-json\/wp\/v2\/users\/3"}],"replies":[{"embeddable":true,"href":"https:\/\/hotelhouse.cz\/index.php\/wp-json\/wp\/v2\/comments?post=8398"}],"version-history":[{"count":1,"href":"https:\/\/hotelhouse.cz\/index.php\/wp-json\/wp\/v2\/posts\/8398\/revisions"}],"predecessor-version":[{"id":8400,"href":"https:\/\/hotelhouse.cz\/index.php\/wp-json\/wp\/v2\/posts\/8398\/revisions\/8400"}],"wp:featuredmedia":[{"embeddable":true,"href":"https:\/\/hotelhouse.cz\/index.php\/wp-json\/wp\/v2\/media\/8399"}],"wp:attachment":[{"href":"https:\/\/hotelhouse.cz\/index.php\/wp-json\/wp\/v2\/media?parent=8398"}],"wp:term":[{"taxonomy":"category","embeddable":true,"href":"https:\/\/hotelhouse.cz\/index.php\/wp-json\/wp\/v2\/categories?post=8398"},{"taxonomy":"post_tag","embeddable":true,"href":"https:\/\/hotelhouse.cz\/index.php\/wp-json\/wp\/v2\/tags?post=8398"}],"curies":[{"name":"wp","href":"https:\/\/api.w.org\/{rel}","templated":true}]}}