{"id":8488,"date":"2026-01-23T00:01:00","date_gmt":"2026-01-22T23:01:00","guid":{"rendered":"https:\/\/hotelhouse.cz\/?p=8488"},"modified":"2026-01-20T18:18:39","modified_gmt":"2026-01-20T17:18:39","slug":"prazska-restaurace-alma-ziskala-oceneni-michelin-bib","status":"publish","type":"post","link":"https:\/\/hotelhouse.cz\/index.php\/2026\/01\/23\/prazska-restaurace-alma-ziskala-oceneni-michelin-bib\/","title":{"rendered":"Pra\u017esk\u00e1 restaurace Alma z\u00edskala ocen\u011bn\u00ed Michelin Bib!"},"content":{"rendered":"\n<div style=\"height:35px\" aria-hidden=\"true\" class=\"wp-block-spacer\"><\/div>\n\n\n\n<p class=\"has-medium-font-size\"><strong>Restaurace Alma si dva roky po sv\u00e9m otev\u0159en\u00ed p\u0159ipisuje v\u00fdznamn\u00fd \u00fasp\u011bch \u2013 ocen\u011bn\u00ed Bib Gourmand. Symbol hlavy michelinsk\u00e9ho pan\u00e1\u010dka je vyhrazen podnik\u016fm, kter\u00e9 nab\u00edzej\u00ed vynikaj\u00edc\u00ed gastronomii za p\u0159\u00edv\u011btivou cenu. Alma krom\u011b v\u00fdjime\u010dn\u00e9ho pom\u011bru ceny a kvality nab\u00edz\u00ed tak\u00e9 p\u0159\u00edjemnou, uvoln\u011bnou a nezapomenutelnou atmosf\u00e9ru, d\u00edky kter\u00e9 se host\u00e9 r\u00e1di vracej\u00ed.<\/strong><\/p>\n\n\n\n<div style=\"height:35px\" aria-hidden=\"true\" class=\"wp-block-spacer\"><\/div>\n\n\n<div class=\"wp-block-image\">\n<figure class=\"aligncenter size-large\"><img decoding=\"async\" src=\"https:\/\/vcentru.cz\/wp-content\/uploads\/2025\/12\/Alma-foto-Radek-Ulehla-1024x683.jpg\" alt=\"Pra\u017esk\u00e1 restaurace Alma z\u00edskala ocen\u011bn\u00ed Michelin Bib!\" class=\"wp-image-6488\" \/><\/figure><\/div>\n\n\n<div style=\"height:35px\" aria-hidden=\"true\" class=\"wp-block-spacer\"><\/div>\n\n\n\n<p class=\"has-medium-font-size\">Almu zalo\u017eil v roce 2023 Vojt\u011bch V\u00e1clav\u00edk jako novou kapitolu p\u0159\u00edb\u011bhu Kro Kitchen. Prvn\u00ed dva roky ji netradi\u010dn\u011b vedli dva \u0161\u00e9fkucha\u0159i \u2013 Michal Dan\u011bk a Petr \u017didek. Od po\u010d\u00e1tku stav\u00ed na kvalitn\u00edch, p\u0159ev\u00e1\u017en\u011b lok\u00e1ln\u00edch surovin\u00e1ch, poctiv\u00e9m \u0159emesle a modern\u00edm pohledu na \u010deskou kuchyni. K jej\u00edm pil\u00ed\u0159\u016fm pat\u0159\u00ed tak\u00e9 sez\u00f3nnost, spolupr\u00e1ce s m\u00edstn\u00edmi zem\u011bd\u011blci a d\u016fsledn\u00e9 omezov\u00e1n\u00ed pl\u00fdtv\u00e1n\u00ed.<\/p>\n\n\n\n<div style=\"height:35px\" aria-hidden=\"true\" class=\"wp-block-spacer\"><\/div>\n\n\n\n<figure class=\"wp-block-gallery has-nested-images columns-default is-cropped wp-block-gallery-1 is-layout-flex wp-block-gallery-is-layout-flex\">\n<figure class=\"wp-block-image size-large\"><img decoding=\"async\" data-id=\"6483\" src=\"https:\/\/vcentru.cz\/wp-content\/uploads\/2025\/12\/Alma-2511-foto-Vojtech-Tesarek-1-ve-velke-velikosti-682x1024.jpeg\" alt=\"Pra\u017esk\u00e1 restaurace Alma z\u00edskala ocen\u011bn\u00ed Michelin Bib!\" class=\"wp-image-6483\" \/><\/figure>\n\n\n\n<figure class=\"wp-block-image size-large\"><img decoding=\"async\" data-id=\"6486\" src=\"https:\/\/vcentru.cz\/wp-content\/uploads\/2025\/12\/Alma-2512-foto-Vojtech-Tesarek-2-682x1024.jpg\" alt=\"Pra\u017esk\u00e1 restaurace Alma z\u00edskala ocen\u011bn\u00ed Michelin Bib!\" class=\"wp-image-6486\" \/><\/figure>\n<\/figure>\n\n\n\n<div style=\"height:35px\" aria-hidden=\"true\" class=\"wp-block-spacer\"><\/div>\n\n\n\n<p class=\"has-medium-font-size\">Alma v\u0161ak nen\u00ed jen restaurac\u00ed; funguje jako komplexn\u00ed gastronomick\u00fd hub. Pod jednou st\u0159echou propojuje \u0161pi\u010dkovou kuchyni, bar s mezin\u00e1rodn\u00edm renom\u00e9, vin\u00e1rnu s precizn\u00ed selekc\u00ed biodynamick\u00fdch v\u00edn a kav\u00e1rnu s v\u00fdb\u011brovou k\u00e1vou. D\u016fraz na respekt k surovin\u00e1m, koleg\u016fm i host\u016fm se zde propisuje do ka\u017edodenn\u00edho fungov\u00e1n\u00ed.<\/p>\n\n\n\n<div style=\"height:35px\" aria-hidden=\"true\" class=\"wp-block-spacer\"><\/div>\n\n\n\n<figure class=\"wp-block-gallery has-nested-images columns-default is-cropped wp-block-gallery-3 is-layout-flex wp-block-gallery-is-layout-flex\">\n<figure class=\"wp-block-image size-large\"><img decoding=\"async\" data-id=\"6482\" src=\"https:\/\/vcentru.cz\/wp-content\/uploads\/2025\/12\/Alma-2511-foto-Vojtech-Tesarek-2-ve-velke-velikosti-682x1024.jpeg\" alt=\"Pra\u017esk\u00e1 restaurace Alma z\u00edskala ocen\u011bn\u00ed Michelin Bib!\" class=\"wp-image-6482\" \/><\/figure>\n\n\n\n<figure class=\"wp-block-image size-large\"><img decoding=\"async\" data-id=\"6485\" src=\"https:\/\/vcentru.cz\/wp-content\/uploads\/2025\/12\/Alma-2512-foto-Vojtech-Tesarek-3-682x1024.jpg\" alt=\"Pra\u017esk\u00e1 restaurace Alma z\u00edskala ocen\u011bn\u00ed Michelin Bib!\" class=\"wp-image-6485\" \/><\/figure>\n<\/figure>\n\n\n\n<div style=\"height:35px\" aria-hidden=\"true\" class=\"wp-block-spacer\"><\/div>\n\n\n\n<p class=\"has-medium-font-size\">Od l\u00e9ta 2025 z\u016fstal na postu \u0161\u00e9fkucha\u0159e Almy Petr \u017didek, kter\u00fd k ocen\u011bn\u00ed Bib Gourmand \u0159\u00edk\u00e1: <em>\u201eZ Bibu m\u00e1m velkou radost. Je to kr\u00e1sn\u00e9 ocen\u011bn\u00ed pro na\u0161i kuchyni, kter\u00e1 je up\u0159\u00edmn\u00e1, zalo\u017eena na chuti a kvalit\u011b surovin. Beru to jako ocen\u011bn\u00ed na\u0161\u00ed ka\u017edodenn\u00ed pr\u00e1ce a z\u00e1vazek d\u00e1l d\u011blat dobr\u00e9 j\u00eddlo bez kompromis\u016f.\u201d<\/em><\/p>\n\n\n\n<div style=\"height:35px\" aria-hidden=\"true\" class=\"wp-block-spacer\"><\/div>\n\n\n<div class=\"wp-block-image is-resized\">\n<figure class=\"aligncenter size-large\"><img decoding=\"async\" src=\"https:\/\/vcentru.cz\/wp-content\/uploads\/2025\/12\/Petr-Zidek-foto-Vojtech-Tesarek-683x1024.jpeg\" alt=\"Pra\u017esk\u00e1 restaurace Alma z\u00edskala ocen\u011bn\u00ed Michelin Bib!\" class=\"wp-image-6484\" style=\"width:460px\" width=\"460\" \/><\/figure><\/div>\n\n\n<div style=\"height:35px\" aria-hidden=\"true\" class=\"wp-block-spacer\"><\/div>\n\n\n\n<p class=\"has-medium-font-size\">Gener\u00e1ln\u00ed mana\u017eer Juraj Pil\u00e1t k z\u00edskan\u00e9mu ocen\u011bn\u00ed uv\u00e1d\u00ed: <em>\u201ePro m\u011b osobn\u011b je to ocen\u011bn\u00ed a potvrzen\u00ed skv\u011bl\u00e9 pr\u00e1ce, kterou cel\u00fd t\u00fdm Almy odv\u00e1d\u00ed. A tak\u00e9 toho, kam jsme se od otev\u0159en\u00ed, kdy to pro n\u00e1s v\u0161echny bylo n\u011bco nov\u00e9ho, dok\u00e1zali posunout. Alma nen\u00ed jenom restaurace, ale kombinace r\u016fzn\u00fdch provoz\u016f, z nich\u017e ka\u017ed\u00fd obn\u00e1\u0161\u00ed n\u011bco jin\u00e9ho. Proto je a\u017e neuv\u011b\u0159iteln\u00e9, \u017ee se n\u00e1m to spole\u010dn\u011b povedlo. Je to kolektivn\u00ed z\u00e1sluha n\u00e1s v\u0161ech,\u201d<\/em> vysv\u011btluje a vyjmenov\u00e1v\u00e1: <em>\u201eKuchyn\u011b, servisu, baru, kav\u00e1rny, vin\u00e1rny, obchodu Alma Wines, recepce a tak\u00e9 lid\u00ed, kte\u0159\u00ed nejsou vid\u011bt, kte\u0159\u00ed se staraj\u00ed o HR, administrativu, eventy, brig\u00e1dn\u00edky, sb\u011br v p\u0159\u00edrod\u011b ale i o \u00faklid a myt\u00ed n\u00e1dob\u00ed. A samoz\u0159ejm\u011b i v\u0161ech, kte\u0159\u00ed byli sou\u010d\u00e1st\u00ed Almy n\u011bjakou dobu, i kdy\u017e dnes u\u017e u n\u00e1s nepracuj\u00ed. Ti v\u0161ichni maj\u00ed sv\u016fj d\u00edl pr\u00e1ce na tom, aby v\u0161e fungovalo tak, jak m\u00e1, a aby Alma byla skv\u011bl\u00e9 a zaj\u00edmav\u00e9 m\u00edsto, kter\u00e9 se sna\u017e\u00ed b\u00fdt udr\u017eiteln\u00e9 nejen ekologicky, ale tak\u00e9 ekonomicky.\u201d<\/em><\/p>\n\n\n\n<div style=\"height:35px\" aria-hidden=\"true\" class=\"wp-block-spacer\"><\/div>\n\n\n\n<p class=\"has-medium-font-size\"><a href=\"http:\/\/www.almaprague.cz\"><strong>www.AlmaPrague.cz<\/strong><\/a><\/p>\n\n\n\n<div style=\"height:100px\" aria-hidden=\"true\" class=\"wp-block-spacer\"><\/div>\n\n\n\n<figure class=\"wp-block-gallery has-nested-images columns-2 is-cropped wp-block-gallery-5 is-layout-flex wp-block-gallery-is-layout-flex\">\n<figure class=\"wp-block-image size-large\"><img decoding=\"async\" data-id=\"6483\" src=\"https:\/\/vcentru.cz\/wp-content\/uploads\/2025\/12\/Alma-2511-foto-Vojtech-Tesarek-1-ve-velke-velikosti-682x1024.jpeg\" alt=\"Pra\u017esk\u00e1 restaurace Alma z\u00edskala ocen\u011bn\u00ed Michelin Bib!\" class=\"wp-image-6483\" \/><\/figure>\n\n\n\n<figure class=\"wp-block-image size-large\"><img decoding=\"async\" data-id=\"6482\" src=\"https:\/\/vcentru.cz\/wp-content\/uploads\/2025\/12\/Alma-2511-foto-Vojtech-Tesarek-2-ve-velke-velikosti-682x1024.jpeg\" alt=\"Pra\u017esk\u00e1 restaurace Alma z\u00edskala ocen\u011bn\u00ed Michelin Bib!\" class=\"wp-image-6482\" \/><\/figure>\n\n\n\n<figure class=\"wp-block-image size-large\"><img decoding=\"async\" data-id=\"6485\" src=\"https:\/\/vcentru.cz\/wp-content\/uploads\/2025\/12\/Alma-2512-foto-Vojtech-Tesarek-3-682x1024.jpg\" alt=\"Pra\u017esk\u00e1 restaurace Alma z\u00edskala ocen\u011bn\u00ed Michelin Bib!\" class=\"wp-image-6485\" \/><\/figure>\n\n\n\n<figure class=\"wp-block-image size-large\"><img decoding=\"async\" data-id=\"6486\" src=\"https:\/\/vcentru.cz\/wp-content\/uploads\/2025\/12\/Alma-2512-foto-Vojtech-Tesarek-2-682x1024.jpg\" alt=\"Pra\u017esk\u00e1 restaurace Alma z\u00edskala ocen\u011bn\u00ed Michelin Bib!\" class=\"wp-image-6486\" \/><\/figure>\n\n\n\n<figure class=\"wp-block-image size-large\"><img decoding=\"async\" data-id=\"6488\" src=\"https:\/\/vcentru.cz\/wp-content\/uploads\/2025\/12\/Alma-foto-Radek-Ulehla-1024x683.jpg\" alt=\"Pra\u017esk\u00e1 restaurace Alma z\u00edskala ocen\u011bn\u00ed Michelin Bib!\" class=\"wp-image-6488\" \/><\/figure>\n\n\n\n<figure class=\"wp-block-image size-large\"><img decoding=\"async\" data-id=\"6484\" src=\"https:\/\/vcentru.cz\/wp-content\/uploads\/2025\/12\/Petr-Zidek-foto-Vojtech-Tesarek-683x1024.jpeg\" alt=\"Pra\u017esk\u00e1 restaurace Alma z\u00edskala ocen\u011bn\u00ed Michelin Bib!\" class=\"wp-image-6484\" \/><\/figure>\n\n\n\n<figure class=\"wp-block-image size-large\"><img decoding=\"async\" data-id=\"6487\" src=\"https:\/\/vcentru.cz\/wp-content\/uploads\/2025\/12\/Alma-foto-Vojtech-Tesarek-2-1024x682.jpeg\" alt=\"Pra\u017esk\u00e1 restaurace Alma z\u00edskala ocen\u011bn\u00ed Michelin Bib!\" class=\"wp-image-6487\" \/><\/figure>\n<\/figure>\n\n\n\n<div style=\"height:35px\" aria-hidden=\"true\" class=\"wp-block-spacer\"><\/div>\n\n\n\n<p class=\"has-medium-font-size\"><strong>Zdroj foto:<\/strong> Restaurace Alma<\/p>\n\n\n\n<div style=\"height:65px\" aria-hidden=\"true\" class=\"wp-block-spacer\"><\/div>\n","protected":false},"excerpt":{"rendered":"<p>Restaurace Alma si dva roky po sv\u00e9m otev\u0159en\u00ed p\u0159ipisuje v\u00fdznamn\u00fd \u00fasp\u011bch \u2013 ocen\u011bn\u00ed Bib Gourmand. Symbol hlavy michelinsk\u00e9ho pan\u00e1\u010dka je vyhrazen podnik\u016fm, kter\u00e9 nab\u00edzej\u00ed vynikaj\u00edc\u00ed gastronomii za p\u0159\u00edv\u011btivou cenu. Alma krom\u011b v\u00fdjime\u010dn\u00e9ho pom\u011bru ceny&#46;&#46;&#46;<\/p>\n","protected":false},"author":10,"featured_media":8489,"comment_status":"closed","ping_status":"closed","sticky":false,"template":"","format":"standard","meta":{"_monsterinsights_skip_tracking":false,"_monsterinsights_sitenote_active":false,"_monsterinsights_sitenote_note":"","_monsterinsights_sitenote_category":0,"footnotes":""},"categories":[2,154,8,28],"tags":[],"yoast_head":"<!-- This site is optimized with the Yoast SEO plugin v21.5 - https:\/\/yoast.com\/wordpress\/plugins\/seo\/ -->\n<title>Pra\u017esk\u00e1 restaurace Alma z\u00edskala ocen\u011bn\u00ed Michelin Bib! - HOTELHOUSE.cz<\/title>\n<meta name=\"description\" content=\"Restaurace Alma si dva roky po sv\u00e9m otev\u0159en\u00ed p\u0159ipisuje v\u00fdznamn\u00fd \u00fasp\u011bch \u2013 ocen\u011bn\u00ed Bib Gourmand. Symbol hlavy michelinsk\u00e9ho pan\u00e1\u010dka\" \/>\n<meta name=\"robots\" content=\"index, follow, max-snippet:-1, max-image-preview:large, max-video-preview:-1\" \/>\n<link rel=\"canonical\" href=\"https:\/\/hotelhouse.cz\/index.php\/2026\/01\/23\/prazska-restaurace-alma-ziskala-oceneni-michelin-bib\/\" \/>\n<meta property=\"og:locale\" content=\"cs_CZ\" \/>\n<meta property=\"og:type\" content=\"article\" \/>\n<meta property=\"og:title\" content=\"Pra\u017esk\u00e1 restaurace Alma z\u00edskala ocen\u011bn\u00ed Michelin Bib! - HOTELHOUSE.cz\" \/>\n<meta property=\"og:description\" content=\"Restaurace Alma si dva roky po sv\u00e9m otev\u0159en\u00ed p\u0159ipisuje v\u00fdznamn\u00fd \u00fasp\u011bch \u2013 ocen\u011bn\u00ed Bib Gourmand. Symbol hlavy michelinsk\u00e9ho pan\u00e1\u010dka\" \/>\n<meta property=\"og:url\" content=\"https:\/\/hotelhouse.cz\/index.php\/2026\/01\/23\/prazska-restaurace-alma-ziskala-oceneni-michelin-bib\/\" \/>\n<meta property=\"og:site_name\" content=\"HOTELHOUSE.cz\" \/>\n<meta property=\"article:published_time\" content=\"2026-01-22T23:01:00+00:00\" \/>\n<meta property=\"article:modified_time\" content=\"2026-01-20T17:18:39+00:00\" \/>\n<meta property=\"og:image\" content=\"https:\/\/hotelhouse.cz\/wp-content\/uploads\/2025\/12\/Alma-foto-Vojtech-Tesarek-2.jpeg\" \/>\n\t<meta property=\"og:image:width\" content=\"1450\" \/>\n\t<meta property=\"og:image:height\" content=\"966\" \/>\n\t<meta property=\"og:image:type\" content=\"image\/jpeg\" \/>\n<meta name=\"author\" content=\"Helen Guardian\" \/>\n<meta name=\"twitter:card\" content=\"summary_large_image\" \/>\n<meta name=\"twitter:label1\" content=\"Napsal(a)\" \/>\n\t<meta name=\"twitter:data1\" content=\"Helen Guardian\" \/>\n\t<meta name=\"twitter:label2\" content=\"Odhadovan\u00e1 doba \u010dten\u00ed\" \/>\n\t<meta name=\"twitter:data2\" content=\"5 minut\" \/>\n<script type=\"application\/ld+json\" class=\"yoast-schema-graph\">{\"@context\":\"https:\/\/schema.org\",\"@graph\":[{\"@type\":\"Article\",\"@id\":\"https:\/\/hotelhouse.cz\/index.php\/2026\/01\/23\/prazska-restaurace-alma-ziskala-oceneni-michelin-bib\/#article\",\"isPartOf\":{\"@id\":\"https:\/\/hotelhouse.cz\/index.php\/2026\/01\/23\/prazska-restaurace-alma-ziskala-oceneni-michelin-bib\/\"},\"author\":{\"name\":\"Helen Guardian\",\"@id\":\"https:\/\/hotelhouse.cz\/#\/schema\/person\/d632b16c6b63077400f5e36aa5488072\"},\"headline\":\"Pra\u017esk\u00e1 restaurace Alma z\u00edskala ocen\u011bn\u00ed Michelin Bib!\",\"datePublished\":\"2026-01-22T23:01:00+00:00\",\"dateModified\":\"2026-01-20T17:18:39+00:00\",\"mainEntityOfPage\":{\"@id\":\"https:\/\/hotelhouse.cz\/index.php\/2026\/01\/23\/prazska-restaurace-alma-ziskala-oceneni-michelin-bib\/\"},\"wordCount\":515,\"publisher\":{\"@id\":\"https:\/\/hotelhouse.cz\/#organization\"},\"articleSection\":[\"NEWS\",\"PRA\u017dSK\u00c1 METROPOLE\",\"RESTAURACE &amp; BISTRA\",\"TIPY NA J\u00cdDLO\"],\"inLanguage\":\"cs\"},{\"@type\":\"WebPage\",\"@id\":\"https:\/\/hotelhouse.cz\/index.php\/2026\/01\/23\/prazska-restaurace-alma-ziskala-oceneni-michelin-bib\/\",\"url\":\"https:\/\/hotelhouse.cz\/index.php\/2026\/01\/23\/prazska-restaurace-alma-ziskala-oceneni-michelin-bib\/\",\"name\":\"Pra\u017esk\u00e1 restaurace Alma z\u00edskala ocen\u011bn\u00ed Michelin Bib! - HOTELHOUSE.cz\",\"isPartOf\":{\"@id\":\"https:\/\/hotelhouse.cz\/#website\"},\"datePublished\":\"2026-01-22T23:01:00+00:00\",\"dateModified\":\"2026-01-20T17:18:39+00:00\",\"description\":\"Restaurace Alma si dva roky po sv\u00e9m otev\u0159en\u00ed p\u0159ipisuje v\u00fdznamn\u00fd \u00fasp\u011bch \u2013 ocen\u011bn\u00ed Bib Gourmand. Symbol hlavy michelinsk\u00e9ho pan\u00e1\u010dka\",\"breadcrumb\":{\"@id\":\"https:\/\/hotelhouse.cz\/index.php\/2026\/01\/23\/prazska-restaurace-alma-ziskala-oceneni-michelin-bib\/#breadcrumb\"},\"inLanguage\":\"cs\",\"potentialAction\":[{\"@type\":\"ReadAction\",\"target\":[\"https:\/\/hotelhouse.cz\/index.php\/2026\/01\/23\/prazska-restaurace-alma-ziskala-oceneni-michelin-bib\/\"]}]},{\"@type\":\"BreadcrumbList\",\"@id\":\"https:\/\/hotelhouse.cz\/index.php\/2026\/01\/23\/prazska-restaurace-alma-ziskala-oceneni-michelin-bib\/#breadcrumb\",\"itemListElement\":[{\"@type\":\"ListItem\",\"position\":1,\"name\":\"Dom\u016f\",\"item\":\"https:\/\/hotelhouse.cz\/\"},{\"@type\":\"ListItem\",\"position\":2,\"name\":\"Pra\u017esk\u00e1 restaurace Alma z\u00edskala ocen\u011bn\u00ed Michelin Bib!\"}]},{\"@type\":\"WebSite\",\"@id\":\"https:\/\/hotelhouse.cz\/#website\",\"url\":\"https:\/\/hotelhouse.cz\/\",\"name\":\"HOTELHOUSE.cz\",\"description\":\"Port\u00e1l o hotelech, pensionech, spa resortech a restaurac\u00edch...\",\"publisher\":{\"@id\":\"https:\/\/hotelhouse.cz\/#organization\"},\"potentialAction\":[{\"@type\":\"SearchAction\",\"target\":{\"@type\":\"EntryPoint\",\"urlTemplate\":\"https:\/\/hotelhouse.cz\/?s={search_term_string}\"},\"query-input\":\"required name=search_term_string\"}],\"inLanguage\":\"cs\"},{\"@type\":\"Organization\",\"@id\":\"https:\/\/hotelhouse.cz\/#organization\",\"name\":\"HOTELHOUSE.cz\",\"url\":\"https:\/\/hotelhouse.cz\/\",\"logo\":{\"@type\":\"ImageObject\",\"inLanguage\":\"cs\",\"@id\":\"https:\/\/hotelhouse.cz\/#\/schema\/logo\/image\/\",\"url\":\"https:\/\/hotelhouse.cz\/wp-content\/uploads\/2024\/12\/cropped-Logo_HotelHouse-2.jpg\",\"contentUrl\":\"https:\/\/hotelhouse.cz\/wp-content\/uploads\/2024\/12\/cropped-Logo_HotelHouse-2.jpg\",\"width\":933,\"height\":516,\"caption\":\"HOTELHOUSE.cz\"},\"image\":{\"@id\":\"https:\/\/hotelhouse.cz\/#\/schema\/logo\/image\/\"},\"sameAs\":[\"https:\/\/www.instagram.com\/hotelhousecz\/\"]},{\"@type\":\"Person\",\"@id\":\"https:\/\/hotelhouse.cz\/#\/schema\/person\/d632b16c6b63077400f5e36aa5488072\",\"name\":\"Helen Guardian\",\"image\":{\"@type\":\"ImageObject\",\"inLanguage\":\"cs\",\"@id\":\"https:\/\/hotelhouse.cz\/#\/schema\/person\/image\/\",\"url\":\"https:\/\/secure.gravatar.com\/avatar\/f62c76287ccbbd3f899549a169c0e6aa?s=96&d=mm&r=g\",\"contentUrl\":\"https:\/\/secure.gravatar.com\/avatar\/f62c76287ccbbd3f899549a169c0e6aa?s=96&d=mm&r=g\",\"caption\":\"Helen Guardian\"},\"sameAs\":[\"http:\/\/HOTELHOUSE.cz\"],\"url\":\"https:\/\/hotelhouse.cz\/index.php\/author\/helgu\/\"}]}<\/script>\n<!-- \/ Yoast SEO plugin. -->","yoast_head_json":{"title":"Pra\u017esk\u00e1 restaurace Alma z\u00edskala ocen\u011bn\u00ed Michelin Bib! - HOTELHOUSE.cz","description":"Restaurace Alma si dva roky po sv\u00e9m otev\u0159en\u00ed p\u0159ipisuje v\u00fdznamn\u00fd \u00fasp\u011bch \u2013 ocen\u011bn\u00ed Bib Gourmand. Symbol hlavy michelinsk\u00e9ho pan\u00e1\u010dka","robots":{"index":"index","follow":"follow","max-snippet":"max-snippet:-1","max-image-preview":"max-image-preview:large","max-video-preview":"max-video-preview:-1"},"canonical":"https:\/\/hotelhouse.cz\/index.php\/2026\/01\/23\/prazska-restaurace-alma-ziskala-oceneni-michelin-bib\/","og_locale":"cs_CZ","og_type":"article","og_title":"Pra\u017esk\u00e1 restaurace Alma z\u00edskala ocen\u011bn\u00ed Michelin Bib! - HOTELHOUSE.cz","og_description":"Restaurace Alma si dva roky po sv\u00e9m otev\u0159en\u00ed p\u0159ipisuje v\u00fdznamn\u00fd \u00fasp\u011bch \u2013 ocen\u011bn\u00ed Bib Gourmand. Symbol hlavy michelinsk\u00e9ho pan\u00e1\u010dka","og_url":"https:\/\/hotelhouse.cz\/index.php\/2026\/01\/23\/prazska-restaurace-alma-ziskala-oceneni-michelin-bib\/","og_site_name":"HOTELHOUSE.cz","article_published_time":"2026-01-22T23:01:00+00:00","article_modified_time":"2026-01-20T17:18:39+00:00","og_image":[{"width":1450,"height":966,"url":"https:\/\/hotelhouse.cz\/wp-content\/uploads\/2025\/12\/Alma-foto-Vojtech-Tesarek-2.jpeg","type":"image\/jpeg"}],"author":"Helen Guardian","twitter_card":"summary_large_image","twitter_misc":{"Napsal(a)":"Helen Guardian","Odhadovan\u00e1 doba \u010dten\u00ed":"5 minut"},"schema":{"@context":"https:\/\/schema.org","@graph":[{"@type":"Article","@id":"https:\/\/hotelhouse.cz\/index.php\/2026\/01\/23\/prazska-restaurace-alma-ziskala-oceneni-michelin-bib\/#article","isPartOf":{"@id":"https:\/\/hotelhouse.cz\/index.php\/2026\/01\/23\/prazska-restaurace-alma-ziskala-oceneni-michelin-bib\/"},"author":{"name":"Helen Guardian","@id":"https:\/\/hotelhouse.cz\/#\/schema\/person\/d632b16c6b63077400f5e36aa5488072"},"headline":"Pra\u017esk\u00e1 restaurace Alma z\u00edskala ocen\u011bn\u00ed Michelin Bib!","datePublished":"2026-01-22T23:01:00+00:00","dateModified":"2026-01-20T17:18:39+00:00","mainEntityOfPage":{"@id":"https:\/\/hotelhouse.cz\/index.php\/2026\/01\/23\/prazska-restaurace-alma-ziskala-oceneni-michelin-bib\/"},"wordCount":515,"publisher":{"@id":"https:\/\/hotelhouse.cz\/#organization"},"articleSection":["NEWS","PRA\u017dSK\u00c1 METROPOLE","RESTAURACE &amp; BISTRA","TIPY NA J\u00cdDLO"],"inLanguage":"cs"},{"@type":"WebPage","@id":"https:\/\/hotelhouse.cz\/index.php\/2026\/01\/23\/prazska-restaurace-alma-ziskala-oceneni-michelin-bib\/","url":"https:\/\/hotelhouse.cz\/index.php\/2026\/01\/23\/prazska-restaurace-alma-ziskala-oceneni-michelin-bib\/","name":"Pra\u017esk\u00e1 restaurace Alma z\u00edskala ocen\u011bn\u00ed Michelin Bib! - HOTELHOUSE.cz","isPartOf":{"@id":"https:\/\/hotelhouse.cz\/#website"},"datePublished":"2026-01-22T23:01:00+00:00","dateModified":"2026-01-20T17:18:39+00:00","description":"Restaurace Alma si dva roky po sv\u00e9m otev\u0159en\u00ed p\u0159ipisuje v\u00fdznamn\u00fd \u00fasp\u011bch \u2013 ocen\u011bn\u00ed Bib Gourmand. Symbol hlavy michelinsk\u00e9ho pan\u00e1\u010dka","breadcrumb":{"@id":"https:\/\/hotelhouse.cz\/index.php\/2026\/01\/23\/prazska-restaurace-alma-ziskala-oceneni-michelin-bib\/#breadcrumb"},"inLanguage":"cs","potentialAction":[{"@type":"ReadAction","target":["https:\/\/hotelhouse.cz\/index.php\/2026\/01\/23\/prazska-restaurace-alma-ziskala-oceneni-michelin-bib\/"]}]},{"@type":"BreadcrumbList","@id":"https:\/\/hotelhouse.cz\/index.php\/2026\/01\/23\/prazska-restaurace-alma-ziskala-oceneni-michelin-bib\/#breadcrumb","itemListElement":[{"@type":"ListItem","position":1,"name":"Dom\u016f","item":"https:\/\/hotelhouse.cz\/"},{"@type":"ListItem","position":2,"name":"Pra\u017esk\u00e1 restaurace Alma z\u00edskala ocen\u011bn\u00ed Michelin Bib!"}]},{"@type":"WebSite","@id":"https:\/\/hotelhouse.cz\/#website","url":"https:\/\/hotelhouse.cz\/","name":"HOTELHOUSE.cz","description":"Port\u00e1l o hotelech, pensionech, spa resortech a restaurac\u00edch...","publisher":{"@id":"https:\/\/hotelhouse.cz\/#organization"},"potentialAction":[{"@type":"SearchAction","target":{"@type":"EntryPoint","urlTemplate":"https:\/\/hotelhouse.cz\/?s={search_term_string}"},"query-input":"required name=search_term_string"}],"inLanguage":"cs"},{"@type":"Organization","@id":"https:\/\/hotelhouse.cz\/#organization","name":"HOTELHOUSE.cz","url":"https:\/\/hotelhouse.cz\/","logo":{"@type":"ImageObject","inLanguage":"cs","@id":"https:\/\/hotelhouse.cz\/#\/schema\/logo\/image\/","url":"https:\/\/hotelhouse.cz\/wp-content\/uploads\/2024\/12\/cropped-Logo_HotelHouse-2.jpg","contentUrl":"https:\/\/hotelhouse.cz\/wp-content\/uploads\/2024\/12\/cropped-Logo_HotelHouse-2.jpg","width":933,"height":516,"caption":"HOTELHOUSE.cz"},"image":{"@id":"https:\/\/hotelhouse.cz\/#\/schema\/logo\/image\/"},"sameAs":["https:\/\/www.instagram.com\/hotelhousecz\/"]},{"@type":"Person","@id":"https:\/\/hotelhouse.cz\/#\/schema\/person\/d632b16c6b63077400f5e36aa5488072","name":"Helen Guardian","image":{"@type":"ImageObject","inLanguage":"cs","@id":"https:\/\/hotelhouse.cz\/#\/schema\/person\/image\/","url":"https:\/\/secure.gravatar.com\/avatar\/f62c76287ccbbd3f899549a169c0e6aa?s=96&d=mm&r=g","contentUrl":"https:\/\/secure.gravatar.com\/avatar\/f62c76287ccbbd3f899549a169c0e6aa?s=96&d=mm&r=g","caption":"Helen Guardian"},"sameAs":["http:\/\/HOTELHOUSE.cz"],"url":"https:\/\/hotelhouse.cz\/index.php\/author\/helgu\/"}]}},"_links":{"self":[{"href":"https:\/\/hotelhouse.cz\/index.php\/wp-json\/wp\/v2\/posts\/8488"}],"collection":[{"href":"https:\/\/hotelhouse.cz\/index.php\/wp-json\/wp\/v2\/posts"}],"about":[{"href":"https:\/\/hotelhouse.cz\/index.php\/wp-json\/wp\/v2\/types\/post"}],"author":[{"embeddable":true,"href":"https:\/\/hotelhouse.cz\/index.php\/wp-json\/wp\/v2\/users\/10"}],"replies":[{"embeddable":true,"href":"https:\/\/hotelhouse.cz\/index.php\/wp-json\/wp\/v2\/comments?post=8488"}],"version-history":[{"count":1,"href":"https:\/\/hotelhouse.cz\/index.php\/wp-json\/wp\/v2\/posts\/8488\/revisions"}],"predecessor-version":[{"id":8490,"href":"https:\/\/hotelhouse.cz\/index.php\/wp-json\/wp\/v2\/posts\/8488\/revisions\/8490"}],"wp:featuredmedia":[{"embeddable":true,"href":"https:\/\/hotelhouse.cz\/index.php\/wp-json\/wp\/v2\/media\/8489"}],"wp:attachment":[{"href":"https:\/\/hotelhouse.cz\/index.php\/wp-json\/wp\/v2\/media?parent=8488"}],"wp:term":[{"taxonomy":"category","embeddable":true,"href":"https:\/\/hotelhouse.cz\/index.php\/wp-json\/wp\/v2\/categories?post=8488"},{"taxonomy":"post_tag","embeddable":true,"href":"https:\/\/hotelhouse.cz\/index.php\/wp-json\/wp\/v2\/tags?post=8488"}],"curies":[{"name":"wp","href":"https:\/\/api.w.org\/{rel}","templated":true}]}}