{"id":8554,"date":"2026-01-24T00:01:00","date_gmt":"2026-01-23T23:01:00","guid":{"rendered":"https:\/\/hotelhouse.cz\/?p=8554"},"modified":"2026-01-24T03:42:26","modified_gmt":"2026-01-24T02:42:26","slug":"svetovy-pohar-zen-ve-spindlu-nejvetsi-lyzarska-show-zimy-miri-do-krkonos","status":"publish","type":"post","link":"https:\/\/hotelhouse.cz\/index.php\/2026\/01\/24\/svetovy-pohar-zen-ve-spindlu-nejvetsi-lyzarska-show-zimy-miri-do-krkonos\/","title":{"rendered":"Sv\u011btov\u00fd poh\u00e1r \u017een ve \u0160pindlu: Nejv\u011bt\u0161\u00ed ly\u017ea\u0159sk\u00e1 show zimy m\u00ed\u0159\u00ed do Krkono\u0161"},"content":{"rendered":"\n<div style=\"height:37px\" aria-hidden=\"true\" class=\"wp-block-spacer\"><\/div>\n\n\n\n<p class=\"has-medium-font-size\"><strong>\u0160pindler\u016fv Ml\u00fdn se op\u011bt stane centrem sv\u011btov\u00e9ho sportu. U\u017e 24. a 25. ledna 2026 se do skiare\u00e1lu Svat\u00fd Petr ve \u0160pindlu vrac\u00ed Audi FIS World Cup 2026, Sv\u011btov\u00fd poh\u00e1r v alpsk\u00e9m ly\u017eov\u00e1n\u00ed \u017een. \u010cek\u00e1 v\u00e1s v\u00edkend pln\u00fd adrenalinu, emoc\u00ed a nezapomenuteln\u00e9 atmosf\u00e9ry v sam\u00e9m srdci Centra Krkono\u0161.<\/strong><\/p>\n\n\n\n<p class=\"has-medium-font-size\">Pokud milujete hory, rychlost a nap\u011bt\u00ed a\u017e do posledn\u00ed setiny vte\u0159iny, tuhle ud\u00e1lost si rozhodn\u011b nenechte uj\u00edt. \u0160pindler\u016fv Ml\u00fdn znovu uk\u00e1\u017ee, pro\u010d pat\u0159\u00ed mezi nejv\u00fdznamn\u011bj\u0161\u00ed horsk\u00e1 st\u0159ediska ve st\u0159edn\u00ed Evrop\u011b.<\/p>\n\n\n\n<div style=\"height:37px\" aria-hidden=\"true\" class=\"wp-block-spacer\"><\/div>\n\n\n<div class=\"wp-block-image\">\n<figure class=\"aligncenter size-large\"><img decoding=\"async\" src=\"https:\/\/spindleruvmlyn.cz\/wp-content\/uploads\/2026\/01\/494571625_1274725914656064_329651442259685578_n-1024x379.png\" alt=\"Sv\u011btov\u00fd poh\u00e1r \u017een ve \u0160pindlu: Nejv\u011bt\u0161\u00ed ly\u017ea\u0159sk\u00e1 show zimy m\u00ed\u0159\u00ed do Krkono\u0161\" class=\"wp-image-4307\"\/><\/figure><\/div>\n\n\n<div style=\"height:37px\" aria-hidden=\"true\" class=\"wp-block-spacer\"><\/div>\n\n\n\n<h2 class=\"wp-block-heading\">Sv\u011btov\u00e1 \u0161pi\u010dka na technicky n\u00e1ro\u010dn\u00e9 trati<\/h2>\n\n\n\n<div style=\"height:37px\" aria-hidden=\"true\" class=\"wp-block-spacer\"><\/div>\n\n\n\n<p class=\"has-medium-font-size\">Sv\u011btov\u00fd poh\u00e1r v alpsk\u00e9m ly\u017eov\u00e1n\u00ed \u017een p\u0159in\u00e1\u0161\u00ed do \u010cesk\u00e9 republiky nekompromisn\u00ed souboje t\u011bch nejlep\u0161\u00edch ly\u017ea\u0159ek planety. Z\u00e1vody ve \u0160pindlu budou z\u00e1rove\u0148 <strong>posledn\u00ed velkou prov\u011brkou technick\u00fdch discipl\u00edn p\u0159ed Olympijsk\u00fdmi hrami<\/strong>.<\/p>\n\n\n\n<p class=\"has-medium-font-size\">Na trati ve Svat\u00e9m Petru rozhoduje naprost\u00e1 preciznost. Ostr\u00e9 hrany, prudk\u00e9 pas\u00e1\u017ee, zato\u010den\u00e9 branky a minimum prostoru pro chybu. Tady se nevyhr\u00e1v\u00e1 silou, ale dokonalou technikou, odvahou a soust\u0159ed\u011bn\u00edm. Ka\u017ed\u00e1 setina sekundy hraje roli a ka\u017ed\u00fd pr\u016fjezd m\u016f\u017ee zm\u011bnit po\u0159ad\u00ed na stupn\u00edch v\u00edt\u011bz\u016f.<\/p>\n\n\n\n<div style=\"height:37px\" aria-hidden=\"true\" class=\"wp-block-spacer\"><\/div>\n\n\n<div class=\"wp-block-image\">\n<figure class=\"aligncenter size-large\"><img decoding=\"async\" src=\"https:\/\/spindleruvmlyn.cz\/wp-content\/uploads\/2026\/01\/616825902_1508590094602977_4968358256005164352_n-1024x683.jpg\" alt=\"Sv\u011btov\u00fd poh\u00e1r \u017een ve \u0160pindlu: Nejv\u011bt\u0161\u00ed ly\u017ea\u0159sk\u00e1 show zimy m\u00ed\u0159\u00ed do Krkono\u0161\" class=\"wp-image-4310\"\/><\/figure><\/div>\n\n\n<div style=\"height:37px\" aria-hidden=\"true\" class=\"wp-block-spacer\"><\/div>\n\n\n\n<h2 class=\"wp-block-heading\">Atmosf\u00e9ra, kterou mus\u00edte za\u017e\u00edt na vlastn\u00ed k\u016f\u017ei<\/h2>\n\n\n\n<div style=\"height:37px\" aria-hidden=\"true\" class=\"wp-block-spacer\"><\/div>\n\n\n\n<p class=\"has-medium-font-size\">Audi FIS World Cup ve \u0160pindlerov\u011b Ml\u00fdn\u011b nen\u00ed jen o sportu. Je to velk\u00e1 zimn\u00ed show, kter\u00e1 pohlt\u00ed v\u0161echny smysly.<\/p>\n\n\n\n<p class=\"has-medium-font-size\">\u010cekaj\u00ed v\u00e1s bur\u00e1cej\u00edc\u00ed tribuny, tis\u00edce fanou\u0161k\u016f, \u017eiv\u00e9 p\u0159enosy, fanou\u0161kovsk\u00e1 z\u00f3na, koncerty a doprovodn\u00fd program, kter\u00fd rozproud\u00ed cel\u00e9 m\u011bsto. <strong><a href=\"https:\/\/spindleruvmlyn.cz\/\">\u0160pindler\u016fv Ml\u00fdn<\/a><\/strong> se na dva dny prom\u011bn\u00ed v m\u00edsto, kde se potk\u00e1v\u00e1 sv\u011btov\u00fd sport, hudba a jedine\u010dn\u00e1 horsk\u00e1 energie.<\/p>\n\n\n\n<p class=\"has-medium-font-size\">A\u0165 u\u017e jste skaln\u00ed fanou\u0161ek alpsk\u00e9ho ly\u017eov\u00e1n\u00ed, nebo si chcete u\u017e\u00edt v\u00fdjime\u010dn\u00fd z\u00e1\u017eitek v <strong>Krkono\u0161\u00edch<\/strong>, tady si p\u0159ijdete na sv\u00e9.<\/p>\n\n\n\n<div style=\"height:37px\" aria-hidden=\"true\" class=\"wp-block-spacer\"><\/div>\n\n\n<div class=\"wp-block-image\">\n<figure class=\"aligncenter size-large\"><img decoding=\"async\" src=\"https:\/\/spindleruvmlyn.cz\/wp-content\/uploads\/2026\/01\/618774411_1508590121269641_7848477140871512465_n-1024x683.jpg\" alt=\"Sv\u011btov\u00fd poh\u00e1r \u017een ve \u0160pindlu: Nejv\u011bt\u0161\u00ed ly\u017ea\u0159sk\u00e1 show zimy m\u00ed\u0159\u00ed do Krkono\u0161\" class=\"wp-image-4311\"\/><\/figure><\/div>\n\n\n<div style=\"height:37px\" aria-hidden=\"true\" class=\"wp-block-spacer\"><\/div>\n\n\n\n<h2 class=\"wp-block-heading\">\u0160pindler\u016fv Ml\u00fdn jako centrum zimn\u00edch emoc\u00ed<\/h2>\n\n\n\n<div style=\"height:37px\" aria-hidden=\"true\" class=\"wp-block-spacer\"><\/div>\n\n\n\n<p class=\"has-medium-font-size\">Z\u00e1vody se uskute\u010dn\u00ed ve skiare\u00e1lu <strong>Svat\u00fd Petr<\/strong>, kter\u00fd pat\u0159\u00ed k nejzn\u00e1m\u011bj\u0161\u00edm sportovn\u00edm lokalit\u00e1m v \u010cesku. <strong><a href=\"https:\/\/spindleruvmlyn.cz\/\">\u0160pindler\u016fv Ml\u00fdn<\/a><\/strong> je dlouhodob\u011b symbolem zimn\u00edch radov\u00e1nek, \u0161pi\u010dkov\u00fdch trat\u00ed a perfektn\u00edho z\u00e1zem\u00ed.<\/p>\n\n\n\n<p class=\"has-medium-font-size\">Pr\u00e1v\u011b spojen\u00ed \u0161pi\u010dkov\u00e9ho sportu, horsk\u00e9 scen\u00e9rie a \u017eiv\u00e9 atmosf\u00e9ry d\u011bl\u00e1 ze \u0160pindlu m\u00edsto, kam se sv\u011btov\u00fd poh\u00e1r tak r\u00e1d vrac\u00ed. N\u00e1v\u0161t\u011bvn\u00edci z cel\u00e9 Evropy p\u0159ij\u00ed\u017ed\u011bj\u00ed nejen kv\u016fli z\u00e1vod\u016fm, ale i kv\u016fli kouzlu, kter\u00e9 <strong><a href=\"https:\/\/centrumkrkonos.cz\/\">Centrum Krkono\u0161<\/a><\/strong> nab\u00edz\u00ed.<\/p>\n\n\n\n<div style=\"height:37px\" aria-hidden=\"true\" class=\"wp-block-spacer\"><\/div>\n\n\n\n<figure class=\"wp-block-image size-large\"><img decoding=\"async\" src=\"https:\/\/spindleruvmlyn.cz\/wp-content\/uploads\/2026\/01\/621739797_18300300601279047_5070546783271129408_n-819x1024.jpg\" alt=\"Sv\u011btov\u00fd poh\u00e1r \u017een ve \u0160pindlu: Nejv\u011bt\u0161\u00ed ly\u017ea\u0159sk\u00e1 show zimy m\u00ed\u0159\u00ed do Krkono\u0161\" class=\"wp-image-4308\"\/><\/figure>\n\n\n\n<div style=\"height:37px\" aria-hidden=\"true\" class=\"wp-block-spacer\"><\/div>\n\n\n\n<h2 class=\"wp-block-heading\">P\u0159ij\u010fte fandit, bavit se a b\u00fdt u toho<\/h2>\n\n\n\n<div style=\"height:37px\" aria-hidden=\"true\" class=\"wp-block-spacer\"><\/div>\n\n\n\n<p class=\"has-medium-font-size\">24.\u201325. ledna 2026 se ve \u0160pindlu nebude jen z\u00e1vodit. Bude se slavit sport, odvaha a emoce. P\u0159ij\u010fte povzbudit sv\u00e9 favoritky, objevte nov\u00e9 ly\u017ea\u0159sk\u00e9 hv\u011bzdy a sta\u0148te se sou\u010d\u00e1st\u00ed sv\u011btov\u00e9ho d\u011bn\u00ed p\u0159\u00edmo v <strong>Krkono\u0161\u00edch<\/strong>.<\/p>\n\n\n\n<p class=\"has-medium-font-size\">Proto\u017ee n\u011bkter\u00e9 okam\u017eiky se mus\u00ed za\u017e\u00edt na\u017eivo. A <strong>Audi FIS World Cup 2026 ve \u0160pindlerov\u011b Ml\u00fdn\u011b<\/strong> je jedn\u00edm z nich.<\/p>\n\n\n\n<p class=\"has-medium-font-size\"><strong>T\u011b\u0161\u00edme se na v\u00e1s ve \u0160pindlu.<\/strong><\/p>\n\n\n\n<div style=\"height:100px\" aria-hidden=\"true\" class=\"wp-block-spacer\"><\/div>\n\n\n\n<figure class=\"wp-block-gallery has-nested-images columns-2 is-cropped wp-block-gallery-1 is-layout-flex wp-block-gallery-is-layout-flex\">\n<figure class=\"wp-block-image size-large\"><img decoding=\"async\" data-id=\"4308\" src=\"https:\/\/spindleruvmlyn.cz\/wp-content\/uploads\/2026\/01\/621739797_18300300601279047_5070546783271129408_n-819x1024.jpg\" alt=\"Sv\u011btov\u00fd poh\u00e1r \u017een ve \u0160pindlu: Nejv\u011bt\u0161\u00ed ly\u017ea\u0159sk\u00e1 show zimy m\u00ed\u0159\u00ed do Krkono\u0161\" class=\"wp-image-4308\"\/><\/figure>\n\n\n\n<figure class=\"wp-block-image size-large\"><img decoding=\"async\" data-id=\"4309\" src=\"https:\/\/spindleruvmlyn.cz\/wp-content\/uploads\/2026\/01\/616327695_1508590097936310_6915362992605324461_n-1024x683.jpg\" alt=\"Sv\u011btov\u00fd poh\u00e1r \u017een ve \u0160pindlu: Nejv\u011bt\u0161\u00ed ly\u017ea\u0159sk\u00e1 show zimy m\u00ed\u0159\u00ed do Krkono\u0161\" class=\"wp-image-4309\"\/><\/figure>\n\n\n\n<figure class=\"wp-block-image size-large\"><img decoding=\"async\" data-id=\"4311\" src=\"https:\/\/spindleruvmlyn.cz\/wp-content\/uploads\/2026\/01\/618774411_1508590121269641_7848477140871512465_n-1024x683.jpg\" alt=\"Sv\u011btov\u00fd poh\u00e1r \u017een ve \u0160pindlu: Nejv\u011bt\u0161\u00ed ly\u017ea\u0159sk\u00e1 show zimy m\u00ed\u0159\u00ed do Krkono\u0161\" class=\"wp-image-4311\"\/><\/figure>\n\n\n\n<figure class=\"wp-block-image size-large\"><img decoding=\"async\" data-id=\"4310\" src=\"https:\/\/spindleruvmlyn.cz\/wp-content\/uploads\/2026\/01\/616825902_1508590094602977_4968358256005164352_n-1024x683.jpg\" alt=\"Sv\u011btov\u00fd poh\u00e1r \u017een ve \u0160pindlu: Nejv\u011bt\u0161\u00ed ly\u017ea\u0159sk\u00e1 show zimy m\u00ed\u0159\u00ed do Krkono\u0161\" class=\"wp-image-4310\"\/><\/figure>\n\n\n\n<figure class=\"wp-block-image size-large\"><img decoding=\"async\" data-id=\"4305\" src=\"https:\/\/spindleruvmlyn.cz\/wp-content\/uploads\/2026\/01\/619119872_1510344631094190_4884490700645301343_n-819x1024.jpg\" alt=\"Sv\u011btov\u00fd poh\u00e1r \u017een ve \u0160pindlu: Nejv\u011bt\u0161\u00ed ly\u017ea\u0159sk\u00e1 show zimy m\u00ed\u0159\u00ed do Krkono\u0161\" class=\"wp-image-4305\"\/><\/figure>\n\n\n\n<figure class=\"wp-block-image size-large\"><img decoding=\"async\" data-id=\"4302\" src=\"https:\/\/spindleruvmlyn.cz\/wp-content\/uploads\/2026\/01\/618972162_1510344564427530_4816661111445012715_n-819x1024.jpg\" alt=\"Sv\u011btov\u00fd poh\u00e1r \u017een ve \u0160pindlu: Nejv\u011bt\u0161\u00ed ly\u017ea\u0159sk\u00e1 show zimy m\u00ed\u0159\u00ed do Krkono\u0161\" class=\"wp-image-4302\"\/><\/figure>\n\n\n\n<figure class=\"wp-block-image size-large\"><img decoding=\"async\" data-id=\"4306\" src=\"https:\/\/spindleruvmlyn.cz\/wp-content\/uploads\/2026\/01\/619007558_1510344637760856_754406691048109845_n-819x1024.jpg\" alt=\"Sv\u011btov\u00fd poh\u00e1r \u017een ve \u0160pindlu: Nejv\u011bt\u0161\u00ed ly\u017ea\u0159sk\u00e1 show zimy m\u00ed\u0159\u00ed do Krkono\u0161\" class=\"wp-image-4306\"\/><\/figure>\n\n\n\n<figure class=\"wp-block-image size-large\"><img decoding=\"async\" data-id=\"4303\" src=\"https:\/\/spindleruvmlyn.cz\/wp-content\/uploads\/2026\/01\/619192237_1510344617760858_2570333046899583690_n-819x1024.jpg\" alt=\"Sv\u011btov\u00fd poh\u00e1r \u017een ve \u0160pindlu: Nejv\u011bt\u0161\u00ed ly\u017ea\u0159sk\u00e1 show zimy m\u00ed\u0159\u00ed do Krkono\u0161\" class=\"wp-image-4303\"\/><\/figure>\n\n\n\n<figure class=\"wp-block-image size-large\"><img decoding=\"async\" data-id=\"4301\" src=\"https:\/\/spindleruvmlyn.cz\/wp-content\/uploads\/2026\/01\/618979371_1510344591094194_5145082741882749524_n-819x1024.jpg\" alt=\"Sv\u011btov\u00fd poh\u00e1r \u017een ve \u0160pindlu: Nejv\u011bt\u0161\u00ed ly\u017ea\u0159sk\u00e1 show zimy m\u00ed\u0159\u00ed do Krkono\u0161\" class=\"wp-image-4301\"\/><\/figure>\n\n\n\n<figure class=\"wp-block-image size-large\"><img decoding=\"async\" data-id=\"4304\" src=\"https:\/\/spindleruvmlyn.cz\/wp-content\/uploads\/2026\/01\/619105481_1510344627760857_8817840693162983499_n-819x1024.jpg\" alt=\"Sv\u011btov\u00fd poh\u00e1r \u017een ve \u0160pindlu: Nejv\u011bt\u0161\u00ed ly\u017ea\u0159sk\u00e1 show zimy m\u00ed\u0159\u00ed do Krkono\u0161\" class=\"wp-image-4304\"\/><\/figure>\n\n\n\n<figure class=\"wp-block-image size-large\"><img decoding=\"async\" data-id=\"4307\" src=\"https:\/\/spindleruvmlyn.cz\/wp-content\/uploads\/2026\/01\/494571625_1274725914656064_329651442259685578_n-1024x379.png\" alt=\"Sv\u011btov\u00fd poh\u00e1r \u017een ve \u0160pindlu: Nejv\u011bt\u0161\u00ed ly\u017ea\u0159sk\u00e1 show zimy m\u00ed\u0159\u00ed do Krkono\u0161\" class=\"wp-image-4307\"\/><\/figure>\n<\/figure>\n\n\n\n<div style=\"height:39px\" aria-hidden=\"true\" class=\"wp-block-spacer\"><\/div>\n\n\n\n<p><strong>Zdroj foto:<\/strong> World Cup \u0160pindler\u016fv Ml\u00fdn, \u0160pindler\u016fv Ml\u00fdn<\/p>\n\n\n\n<div style=\"height:100px\" aria-hidden=\"true\" class=\"wp-block-spacer\"><\/div>\n","protected":false},"excerpt":{"rendered":"<p>\u0160pindler\u016fv Ml\u00fdn se op\u011bt stane centrem sv\u011btov\u00e9ho sportu. U\u017e 24. a 25. ledna 2026 se do skiare\u00e1lu Svat\u00fd Petr ve \u0160pindlu vrac\u00ed Audi FIS World Cup 2026, Sv\u011btov\u00fd poh\u00e1r v alpsk\u00e9m ly\u017eov\u00e1n\u00ed \u017een. \u010cek\u00e1&#46;&#46;&#46;<\/p>\n","protected":false},"author":2,"featured_media":8555,"comment_status":"closed","ping_status":"closed","sticky":false,"template":"","format":"standard","meta":{"_monsterinsights_skip_tracking":false,"_monsterinsights_sitenote_active":false,"_monsterinsights_sitenote_note":"","_monsterinsights_sitenote_category":0,"footnotes":""},"categories":[26,2,162,160],"tags":[],"yoast_head":"<!-- This site is optimized with the Yoast SEO plugin v21.5 - https:\/\/yoast.com\/wordpress\/plugins\/seo\/ -->\n<title>Sv\u011btov\u00fd poh\u00e1r \u017een ve \u0160pindlu: Nejv\u011bt\u0161\u00ed ly\u017ea\u0159sk\u00e1 show zimy m\u00ed\u0159\u00ed do Krkono\u0161 - HOTELHOUSE.cz<\/title>\n<meta name=\"robots\" content=\"index, follow, max-snippet:-1, max-image-preview:large, max-video-preview:-1\" \/>\n<link rel=\"canonical\" href=\"https:\/\/hotelhouse.cz\/index.php\/2026\/01\/24\/svetovy-pohar-zen-ve-spindlu-nejvetsi-lyzarska-show-zimy-miri-do-krkonos\/\" \/>\n<meta property=\"og:locale\" content=\"cs_CZ\" \/>\n<meta property=\"og:type\" content=\"article\" \/>\n<meta property=\"og:title\" content=\"Sv\u011btov\u00fd poh\u00e1r \u017een ve \u0160pindlu: Nejv\u011bt\u0161\u00ed ly\u017ea\u0159sk\u00e1 show zimy m\u00ed\u0159\u00ed do Krkono\u0161 - HOTELHOUSE.cz\" \/>\n<meta property=\"og:description\" content=\"\u0160pindler\u016fv Ml\u00fdn se op\u011bt stane centrem sv\u011btov\u00e9ho sportu. U\u017e 24. a 25. ledna 2026 se do skiare\u00e1lu Svat\u00fd Petr ve \u0160pindlu vrac\u00ed Audi FIS World Cup 2026, Sv\u011btov\u00fd poh\u00e1r v alpsk\u00e9m ly\u017eov\u00e1n\u00ed \u017een. \u010cek\u00e1&#046;&#046;&#046;\" \/>\n<meta property=\"og:url\" content=\"https:\/\/hotelhouse.cz\/index.php\/2026\/01\/24\/svetovy-pohar-zen-ve-spindlu-nejvetsi-lyzarska-show-zimy-miri-do-krkonos\/\" \/>\n<meta property=\"og:site_name\" content=\"HOTELHOUSE.cz\" \/>\n<meta property=\"article:published_time\" content=\"2026-01-23T23:01:00+00:00\" \/>\n<meta property=\"article:modified_time\" content=\"2026-01-24T02:42:26+00:00\" \/>\n<meta property=\"og:image\" content=\"https:\/\/hotelhouse.cz\/wp-content\/uploads\/2026\/01\/616327695_1508590097936310_6915362992605324461_n.jpg\" \/>\n\t<meta property=\"og:image:width\" content=\"1500\" \/>\n\t<meta property=\"og:image:height\" content=\"1000\" \/>\n\t<meta property=\"og:image:type\" content=\"image\/jpeg\" \/>\n<meta name=\"author\" content=\"Hol\u00e1\u0148ov\u00e1 Jolana\" \/>\n<meta name=\"twitter:card\" content=\"summary_large_image\" \/>\n<meta name=\"twitter:label1\" content=\"Napsal(a)\" \/>\n\t<meta name=\"twitter:data1\" content=\"Hol\u00e1\u0148ov\u00e1 Jolana\" \/>\n\t<meta name=\"twitter:label2\" content=\"Odhadovan\u00e1 doba \u010dten\u00ed\" \/>\n\t<meta name=\"twitter:data2\" content=\"6 minut\" \/>\n<script type=\"application\/ld+json\" class=\"yoast-schema-graph\">{\"@context\":\"https:\/\/schema.org\",\"@graph\":[{\"@type\":\"Article\",\"@id\":\"https:\/\/hotelhouse.cz\/index.php\/2026\/01\/24\/svetovy-pohar-zen-ve-spindlu-nejvetsi-lyzarska-show-zimy-miri-do-krkonos\/#article\",\"isPartOf\":{\"@id\":\"https:\/\/hotelhouse.cz\/index.php\/2026\/01\/24\/svetovy-pohar-zen-ve-spindlu-nejvetsi-lyzarska-show-zimy-miri-do-krkonos\/\"},\"author\":{\"name\":\"Hol\u00e1\u0148ov\u00e1 Jolana\",\"@id\":\"https:\/\/hotelhouse.cz\/#\/schema\/person\/4a69eae39f069d4a695854158f0891cd\"},\"headline\":\"Sv\u011btov\u00fd poh\u00e1r \u017een ve \u0160pindlu: Nejv\u011bt\u0161\u00ed ly\u017ea\u0159sk\u00e1 show zimy m\u00ed\u0159\u00ed do Krkono\u0161\",\"datePublished\":\"2026-01-23T23:01:00+00:00\",\"dateModified\":\"2026-01-24T02:42:26+00:00\",\"mainEntityOfPage\":{\"@id\":\"https:\/\/hotelhouse.cz\/index.php\/2026\/01\/24\/svetovy-pohar-zen-ve-spindlu-nejvetsi-lyzarska-show-zimy-miri-do-krkonos\/\"},\"wordCount\":558,\"publisher\":{\"@id\":\"https:\/\/hotelhouse.cz\/#organization\"},\"articleSection\":[\"N\u00e1dhern\u00e1M\u00edsta.cz\",\"NEWS\",\"SPORT\",\"\u0160PINDLER\u016eV ML\u00ddN\"],\"inLanguage\":\"cs\"},{\"@type\":\"WebPage\",\"@id\":\"https:\/\/hotelhouse.cz\/index.php\/2026\/01\/24\/svetovy-pohar-zen-ve-spindlu-nejvetsi-lyzarska-show-zimy-miri-do-krkonos\/\",\"url\":\"https:\/\/hotelhouse.cz\/index.php\/2026\/01\/24\/svetovy-pohar-zen-ve-spindlu-nejvetsi-lyzarska-show-zimy-miri-do-krkonos\/\",\"name\":\"Sv\u011btov\u00fd poh\u00e1r \u017een ve \u0160pindlu: Nejv\u011bt\u0161\u00ed ly\u017ea\u0159sk\u00e1 show zimy m\u00ed\u0159\u00ed do Krkono\u0161 - HOTELHOUSE.cz\",\"isPartOf\":{\"@id\":\"https:\/\/hotelhouse.cz\/#website\"},\"datePublished\":\"2026-01-23T23:01:00+00:00\",\"dateModified\":\"2026-01-24T02:42:26+00:00\",\"breadcrumb\":{\"@id\":\"https:\/\/hotelhouse.cz\/index.php\/2026\/01\/24\/svetovy-pohar-zen-ve-spindlu-nejvetsi-lyzarska-show-zimy-miri-do-krkonos\/#breadcrumb\"},\"inLanguage\":\"cs\",\"potentialAction\":[{\"@type\":\"ReadAction\",\"target\":[\"https:\/\/hotelhouse.cz\/index.php\/2026\/01\/24\/svetovy-pohar-zen-ve-spindlu-nejvetsi-lyzarska-show-zimy-miri-do-krkonos\/\"]}]},{\"@type\":\"BreadcrumbList\",\"@id\":\"https:\/\/hotelhouse.cz\/index.php\/2026\/01\/24\/svetovy-pohar-zen-ve-spindlu-nejvetsi-lyzarska-show-zimy-miri-do-krkonos\/#breadcrumb\",\"itemListElement\":[{\"@type\":\"ListItem\",\"position\":1,\"name\":\"Dom\u016f\",\"item\":\"https:\/\/hotelhouse.cz\/\"},{\"@type\":\"ListItem\",\"position\":2,\"name\":\"Sv\u011btov\u00fd poh\u00e1r \u017een ve \u0160pindlu: Nejv\u011bt\u0161\u00ed ly\u017ea\u0159sk\u00e1 show zimy m\u00ed\u0159\u00ed do Krkono\u0161\"}]},{\"@type\":\"WebSite\",\"@id\":\"https:\/\/hotelhouse.cz\/#website\",\"url\":\"https:\/\/hotelhouse.cz\/\",\"name\":\"HOTELHOUSE.cz\",\"description\":\"Port\u00e1l o hotelech, pensionech, spa resortech a restaurac\u00edch...\",\"publisher\":{\"@id\":\"https:\/\/hotelhouse.cz\/#organization\"},\"potentialAction\":[{\"@type\":\"SearchAction\",\"target\":{\"@type\":\"EntryPoint\",\"urlTemplate\":\"https:\/\/hotelhouse.cz\/?s={search_term_string}\"},\"query-input\":\"required name=search_term_string\"}],\"inLanguage\":\"cs\"},{\"@type\":\"Organization\",\"@id\":\"https:\/\/hotelhouse.cz\/#organization\",\"name\":\"HOTELHOUSE.cz\",\"url\":\"https:\/\/hotelhouse.cz\/\",\"logo\":{\"@type\":\"ImageObject\",\"inLanguage\":\"cs\",\"@id\":\"https:\/\/hotelhouse.cz\/#\/schema\/logo\/image\/\",\"url\":\"https:\/\/hotelhouse.cz\/wp-content\/uploads\/2024\/12\/cropped-Logo_HotelHouse-2.jpg\",\"contentUrl\":\"https:\/\/hotelhouse.cz\/wp-content\/uploads\/2024\/12\/cropped-Logo_HotelHouse-2.jpg\",\"width\":933,\"height\":516,\"caption\":\"HOTELHOUSE.cz\"},\"image\":{\"@id\":\"https:\/\/hotelhouse.cz\/#\/schema\/logo\/image\/\"},\"sameAs\":[\"https:\/\/www.instagram.com\/hotelhousecz\/\"]},{\"@type\":\"Person\",\"@id\":\"https:\/\/hotelhouse.cz\/#\/schema\/person\/4a69eae39f069d4a695854158f0891cd\",\"name\":\"Hol\u00e1\u0148ov\u00e1 Jolana\",\"image\":{\"@type\":\"ImageObject\",\"inLanguage\":\"cs\",\"@id\":\"https:\/\/hotelhouse.cz\/#\/schema\/person\/image\/\",\"url\":\"https:\/\/secure.gravatar.com\/avatar\/5863c504ed89cd419ff3a5e812c722ff?s=96&d=mm&r=g\",\"contentUrl\":\"https:\/\/secure.gravatar.com\/avatar\/5863c504ed89cd419ff3a5e812c722ff?s=96&d=mm&r=g\",\"caption\":\"Hol\u00e1\u0148ov\u00e1 Jolana\"},\"sameAs\":[\"http:\/\/www.hotelhouse.cz\"],\"url\":\"https:\/\/hotelhouse.cz\/index.php\/author\/jolhol\/\"}]}<\/script>\n<!-- \/ Yoast SEO plugin. -->","yoast_head_json":{"title":"Sv\u011btov\u00fd poh\u00e1r \u017een ve \u0160pindlu: Nejv\u011bt\u0161\u00ed ly\u017ea\u0159sk\u00e1 show zimy m\u00ed\u0159\u00ed do Krkono\u0161 - HOTELHOUSE.cz","robots":{"index":"index","follow":"follow","max-snippet":"max-snippet:-1","max-image-preview":"max-image-preview:large","max-video-preview":"max-video-preview:-1"},"canonical":"https:\/\/hotelhouse.cz\/index.php\/2026\/01\/24\/svetovy-pohar-zen-ve-spindlu-nejvetsi-lyzarska-show-zimy-miri-do-krkonos\/","og_locale":"cs_CZ","og_type":"article","og_title":"Sv\u011btov\u00fd poh\u00e1r \u017een ve \u0160pindlu: Nejv\u011bt\u0161\u00ed ly\u017ea\u0159sk\u00e1 show zimy m\u00ed\u0159\u00ed do Krkono\u0161 - HOTELHOUSE.cz","og_description":"\u0160pindler\u016fv Ml\u00fdn se op\u011bt stane centrem sv\u011btov\u00e9ho sportu. U\u017e 24. a 25. ledna 2026 se do skiare\u00e1lu Svat\u00fd Petr ve \u0160pindlu vrac\u00ed Audi FIS World Cup 2026, Sv\u011btov\u00fd poh\u00e1r v alpsk\u00e9m ly\u017eov\u00e1n\u00ed \u017een. \u010cek\u00e1&#46;&#46;&#46;","og_url":"https:\/\/hotelhouse.cz\/index.php\/2026\/01\/24\/svetovy-pohar-zen-ve-spindlu-nejvetsi-lyzarska-show-zimy-miri-do-krkonos\/","og_site_name":"HOTELHOUSE.cz","article_published_time":"2026-01-23T23:01:00+00:00","article_modified_time":"2026-01-24T02:42:26+00:00","og_image":[{"width":1500,"height":1000,"url":"https:\/\/hotelhouse.cz\/wp-content\/uploads\/2026\/01\/616327695_1508590097936310_6915362992605324461_n.jpg","type":"image\/jpeg"}],"author":"Hol\u00e1\u0148ov\u00e1 Jolana","twitter_card":"summary_large_image","twitter_misc":{"Napsal(a)":"Hol\u00e1\u0148ov\u00e1 Jolana","Odhadovan\u00e1 doba \u010dten\u00ed":"6 minut"},"schema":{"@context":"https:\/\/schema.org","@graph":[{"@type":"Article","@id":"https:\/\/hotelhouse.cz\/index.php\/2026\/01\/24\/svetovy-pohar-zen-ve-spindlu-nejvetsi-lyzarska-show-zimy-miri-do-krkonos\/#article","isPartOf":{"@id":"https:\/\/hotelhouse.cz\/index.php\/2026\/01\/24\/svetovy-pohar-zen-ve-spindlu-nejvetsi-lyzarska-show-zimy-miri-do-krkonos\/"},"author":{"name":"Hol\u00e1\u0148ov\u00e1 Jolana","@id":"https:\/\/hotelhouse.cz\/#\/schema\/person\/4a69eae39f069d4a695854158f0891cd"},"headline":"Sv\u011btov\u00fd poh\u00e1r \u017een ve \u0160pindlu: Nejv\u011bt\u0161\u00ed ly\u017ea\u0159sk\u00e1 show zimy m\u00ed\u0159\u00ed do Krkono\u0161","datePublished":"2026-01-23T23:01:00+00:00","dateModified":"2026-01-24T02:42:26+00:00","mainEntityOfPage":{"@id":"https:\/\/hotelhouse.cz\/index.php\/2026\/01\/24\/svetovy-pohar-zen-ve-spindlu-nejvetsi-lyzarska-show-zimy-miri-do-krkonos\/"},"wordCount":558,"publisher":{"@id":"https:\/\/hotelhouse.cz\/#organization"},"articleSection":["N\u00e1dhern\u00e1M\u00edsta.cz","NEWS","SPORT","\u0160PINDLER\u016eV ML\u00ddN"],"inLanguage":"cs"},{"@type":"WebPage","@id":"https:\/\/hotelhouse.cz\/index.php\/2026\/01\/24\/svetovy-pohar-zen-ve-spindlu-nejvetsi-lyzarska-show-zimy-miri-do-krkonos\/","url":"https:\/\/hotelhouse.cz\/index.php\/2026\/01\/24\/svetovy-pohar-zen-ve-spindlu-nejvetsi-lyzarska-show-zimy-miri-do-krkonos\/","name":"Sv\u011btov\u00fd poh\u00e1r \u017een ve \u0160pindlu: Nejv\u011bt\u0161\u00ed ly\u017ea\u0159sk\u00e1 show zimy m\u00ed\u0159\u00ed do Krkono\u0161 - HOTELHOUSE.cz","isPartOf":{"@id":"https:\/\/hotelhouse.cz\/#website"},"datePublished":"2026-01-23T23:01:00+00:00","dateModified":"2026-01-24T02:42:26+00:00","breadcrumb":{"@id":"https:\/\/hotelhouse.cz\/index.php\/2026\/01\/24\/svetovy-pohar-zen-ve-spindlu-nejvetsi-lyzarska-show-zimy-miri-do-krkonos\/#breadcrumb"},"inLanguage":"cs","potentialAction":[{"@type":"ReadAction","target":["https:\/\/hotelhouse.cz\/index.php\/2026\/01\/24\/svetovy-pohar-zen-ve-spindlu-nejvetsi-lyzarska-show-zimy-miri-do-krkonos\/"]}]},{"@type":"BreadcrumbList","@id":"https:\/\/hotelhouse.cz\/index.php\/2026\/01\/24\/svetovy-pohar-zen-ve-spindlu-nejvetsi-lyzarska-show-zimy-miri-do-krkonos\/#breadcrumb","itemListElement":[{"@type":"ListItem","position":1,"name":"Dom\u016f","item":"https:\/\/hotelhouse.cz\/"},{"@type":"ListItem","position":2,"name":"Sv\u011btov\u00fd poh\u00e1r \u017een ve \u0160pindlu: Nejv\u011bt\u0161\u00ed ly\u017ea\u0159sk\u00e1 show zimy m\u00ed\u0159\u00ed do Krkono\u0161"}]},{"@type":"WebSite","@id":"https:\/\/hotelhouse.cz\/#website","url":"https:\/\/hotelhouse.cz\/","name":"HOTELHOUSE.cz","description":"Port\u00e1l o hotelech, pensionech, spa resortech a restaurac\u00edch...","publisher":{"@id":"https:\/\/hotelhouse.cz\/#organization"},"potentialAction":[{"@type":"SearchAction","target":{"@type":"EntryPoint","urlTemplate":"https:\/\/hotelhouse.cz\/?s={search_term_string}"},"query-input":"required name=search_term_string"}],"inLanguage":"cs"},{"@type":"Organization","@id":"https:\/\/hotelhouse.cz\/#organization","name":"HOTELHOUSE.cz","url":"https:\/\/hotelhouse.cz\/","logo":{"@type":"ImageObject","inLanguage":"cs","@id":"https:\/\/hotelhouse.cz\/#\/schema\/logo\/image\/","url":"https:\/\/hotelhouse.cz\/wp-content\/uploads\/2024\/12\/cropped-Logo_HotelHouse-2.jpg","contentUrl":"https:\/\/hotelhouse.cz\/wp-content\/uploads\/2024\/12\/cropped-Logo_HotelHouse-2.jpg","width":933,"height":516,"caption":"HOTELHOUSE.cz"},"image":{"@id":"https:\/\/hotelhouse.cz\/#\/schema\/logo\/image\/"},"sameAs":["https:\/\/www.instagram.com\/hotelhousecz\/"]},{"@type":"Person","@id":"https:\/\/hotelhouse.cz\/#\/schema\/person\/4a69eae39f069d4a695854158f0891cd","name":"Hol\u00e1\u0148ov\u00e1 Jolana","image":{"@type":"ImageObject","inLanguage":"cs","@id":"https:\/\/hotelhouse.cz\/#\/schema\/person\/image\/","url":"https:\/\/secure.gravatar.com\/avatar\/5863c504ed89cd419ff3a5e812c722ff?s=96&d=mm&r=g","contentUrl":"https:\/\/secure.gravatar.com\/avatar\/5863c504ed89cd419ff3a5e812c722ff?s=96&d=mm&r=g","caption":"Hol\u00e1\u0148ov\u00e1 Jolana"},"sameAs":["http:\/\/www.hotelhouse.cz"],"url":"https:\/\/hotelhouse.cz\/index.php\/author\/jolhol\/"}]}},"_links":{"self":[{"href":"https:\/\/hotelhouse.cz\/index.php\/wp-json\/wp\/v2\/posts\/8554"}],"collection":[{"href":"https:\/\/hotelhouse.cz\/index.php\/wp-json\/wp\/v2\/posts"}],"about":[{"href":"https:\/\/hotelhouse.cz\/index.php\/wp-json\/wp\/v2\/types\/post"}],"author":[{"embeddable":true,"href":"https:\/\/hotelhouse.cz\/index.php\/wp-json\/wp\/v2\/users\/2"}],"replies":[{"embeddable":true,"href":"https:\/\/hotelhouse.cz\/index.php\/wp-json\/wp\/v2\/comments?post=8554"}],"version-history":[{"count":1,"href":"https:\/\/hotelhouse.cz\/index.php\/wp-json\/wp\/v2\/posts\/8554\/revisions"}],"predecessor-version":[{"id":8556,"href":"https:\/\/hotelhouse.cz\/index.php\/wp-json\/wp\/v2\/posts\/8554\/revisions\/8556"}],"wp:featuredmedia":[{"embeddable":true,"href":"https:\/\/hotelhouse.cz\/index.php\/wp-json\/wp\/v2\/media\/8555"}],"wp:attachment":[{"href":"https:\/\/hotelhouse.cz\/index.php\/wp-json\/wp\/v2\/media?parent=8554"}],"wp:term":[{"taxonomy":"category","embeddable":true,"href":"https:\/\/hotelhouse.cz\/index.php\/wp-json\/wp\/v2\/categories?post=8554"},{"taxonomy":"post_tag","embeddable":true,"href":"https:\/\/hotelhouse.cz\/index.php\/wp-json\/wp\/v2\/tags?post=8554"}],"curies":[{"name":"wp","href":"https:\/\/api.w.org\/{rel}","templated":true}]}}