{"id":8660,"date":"2026-03-16T00:01:00","date_gmt":"2026-03-15T23:01:00","guid":{"rendered":"https:\/\/hotelhouse.cz\/?p=8660"},"modified":"2026-03-14T02:45:56","modified_gmt":"2026-03-14T01:45:56","slug":"prazske-prikopy-restaurace-the-artisan-zve-na-jarni-menu-i-svatecni-brunche","status":"publish","type":"post","link":"https:\/\/hotelhouse.cz\/index.php\/2026\/03\/16\/prazske-prikopy-restaurace-the-artisan-zve-na-jarni-menu-i-svatecni-brunche\/","title":{"rendered":"Pra\u017esk\u00e9 P\u0159\u00edkopy: Restaurace The Artisan zve na jarn\u00ed menu i sv\u00e1te\u010dn\u00ed brunche"},"content":{"rendered":"\n<div style=\"height:38px\" aria-hidden=\"true\" class=\"wp-block-spacer\"><\/div>\n\n\n\n<p class=\"has-medium-font-size\"><strong>Jaro p\u0159in\u00e1\u0161\u00ed do kuchyn\u011b restaurace&nbsp;The Artisan&nbsp;<a href=\"https:\/\/prazskametropole.cz\/\" type=\"link\" id=\"https:\/\/prazskametropole.cz\/\">v pra\u017esk\u00e9m<\/a> hotelu Marriott sv\u011b\u017e\u00ed chut\u011b, mlad\u00e9 bylinky a suroviny, kter\u00e9 k t\u00e9to sez\u00f3n\u011b neodmysliteln\u011b pat\u0159\u00ed. <\/strong><\/p>\n\n\n\n<p class=\"has-medium-font-size\"><strong>Od&nbsp;30. b\u0159ezna do 4. dubna&nbsp;nab\u00eddne <a href=\"https:\/\/vcentruprahy.cz\/\" type=\"link\" id=\"https:\/\/vcentruprahy.cz\/\">v centru Prahy<\/a> speci\u00e1ln\u00ed jarn\u00ed menu inspirovan\u00e9 \u010desk\u00fdmi tradicemi a surovinami, jako jsou kop\u0159ivy, medv\u011bd\u00ed \u010desnek, jehn\u011b\u010d\u00ed nebo kr\u00e1l\u00edk. <\/strong><\/p>\n\n\n\n<div style=\"height:38px\" aria-hidden=\"true\" class=\"wp-block-spacer\"><\/div>\n\n\n<div class=\"wp-block-image\">\n<figure class=\"aligncenter size-large\"><img decoding=\"async\" src=\"https:\/\/vcentruprahy.cz\/wp-content\/uploads\/2026\/03\/The-Artisan1-1024x577.jpg\" alt=\"Velikonoce na tal\u00ed\u0159i: Restaurace The Artisan zve na jarn\u00ed menu i sv\u00e1te\u010dn\u00ed brunche\" class=\"wp-image-7970\"\/><\/figure><\/div>\n\n\n<div style=\"height:38px\" aria-hidden=\"true\" class=\"wp-block-spacer\"><\/div>\n\n\n\n<p class=\"has-medium-font-size\"><strong>V ned\u011bli 5. a v pond\u011bl\u00ed<\/strong> <strong>6. dubna<\/strong>&nbsp;na n\u011bj nav\u00e1\u017eou obl\u00edben\u00e9 velikono\u010dn\u00ed brunche \u2013 uvoln\u011bn\u00e9 sv\u00e1te\u010dn\u00ed hostiny s bohat\u00fdm bufetem, \u017eiv\u00fdmi cooking stanicemi a dezerty, kter\u00e9 ke sv\u00e1tk\u016fm jara jednodu\u0161e pat\u0159\u00ed.<\/p>\n\n\n\n<p class=\"has-medium-font-size\">\u201eVelikonoce jsou pro n\u00e1s sign\u00e1lem, \u017ee za\u010d\u00edn\u00e1 nov\u00e1 sez\u00f3na. Na tal\u00ed\u0159 se vracej\u00ed prvn\u00ed jarn\u00ed bylinky a tradi\u010dn\u00ed suroviny, kter\u00e9 r\u00e1di zpracov\u00e1v\u00e1me modern\u011b a lehce, ale v\u017edy s respektem k jejich p\u016fvodu i \u010desk\u00e9 kuchyni,\u201c <strong>\u0159\u00edk\u00e1<\/strong>&nbsp;<strong>David Rejhon, \u0161\u00e9fkucha\u0159 restaurace The Artisan<\/strong>.<\/p>\n\n\n\n<div style=\"height:38px\" aria-hidden=\"true\" class=\"wp-block-spacer\"><\/div>\n\n\n<div class=\"wp-block-image\">\n<figure class=\"aligncenter size-large\"><img decoding=\"async\" src=\"https:\/\/vcentruprahy.cz\/wp-content\/uploads\/2026\/03\/The-Artisan-2-1024x576.jpg\" alt=\"Velikonoce na tal\u00ed\u0159i: Restaurace The Artisan zve na jarn\u00ed menu i sv\u00e1te\u010dn\u00ed brunche\" class=\"wp-image-7971\"\/><\/figure><\/div>\n\n\n<div style=\"height:38px\" aria-hidden=\"true\" class=\"wp-block-spacer\"><\/div>\n\n\n\n<h2 class=\"wp-block-heading\">Jarn\u00ed menu inspirovan\u00e9 tradic\u00ed<\/h2>\n\n\n\n<div style=\"height:38px\" aria-hidden=\"true\" class=\"wp-block-spacer\"><\/div>\n\n\n\n<p class=\"has-medium-font-size\">Velikono\u010dn\u00ed nab\u00eddka stoj\u00ed na zn\u00e1m\u00fdch chut\u00edch \u010desk\u00e9 kuchyn\u011b, kter\u00e9 kucha\u0159i v The Artisan interpretuj\u00ed v sou\u010dasn\u00e9m stylu. Na \u00favod mohou host\u00e9 ochutnat nap\u0159\u00edklad&nbsp;<strong>kr\u00e1li\u010d\u00ed rillet s chipsy z mazance<\/strong>, sv\u011b\u017e\u00ed&nbsp;<strong>sal\u00e1t z kop\u0159iv s medv\u011bd\u00edm \u010desnekem <\/strong>nebo&nbsp;<strong>vejce s bylinkovou om\u00e1\u010dkou a crumble z kv\u00e1skov\u00e9ho chleba<\/strong>.<\/p>\n\n\n\n<p class=\"has-medium-font-size\">Hlavn\u00ed chody p\u0159ipom\u00ednaj\u00ed sv\u00e1te\u010dn\u00ed klasiku v modern\u00edm proveden\u00ed \u2013 na menu se objev\u00ed&nbsp;<strong>jehn\u011b\u010d\u00ed kol\u00ednko s bramborovou ka\u0161\u00ed<\/strong>,&nbsp;<strong>kr\u00e1l\u00edk na slanin\u011b s kop\u0159ivovou n\u00e1divkou<\/strong>&nbsp;nebo&nbsp;<strong>cand\u00e1t se smetanov\u00fdm \u0161pen\u00e1tem a kuku\u0159i\u010dnou polentou<\/strong>. Vegetari\u00e1nskou variantu p\u0159edstavuje&nbsp;<strong>rizoto s medv\u011bd\u00edm \u010desnekem<\/strong>, kter\u00e9 naplno vyu\u017e\u00edv\u00e1 sez\u00f3nn\u00ed chu\u0165 jarn\u00edch bylinek.<\/p>\n\n\n\n<p class=\"has-medium-font-size\">Sladk\u00fd z\u00e1v\u011br pak pat\u0159\u00ed dezert\u016fm inspirovan\u00fdm velikono\u010dn\u00edmi tradicemi, nap\u0159\u00edklad&nbsp;<strong>grilovan\u00e9mu mazanci s vanilkovou zmrzlinou<\/strong>,&nbsp;<strong>mrkvov\u00e9mu dortu<\/strong>&nbsp;nebo sv\u011b\u017e\u00edmu&nbsp;<strong>mechov\u00e9mu dortu s citronem a mascarpone<\/strong>.<\/p>\n\n\n\n<div style=\"height:38px\" aria-hidden=\"true\" class=\"wp-block-spacer\"><\/div>\n\n\n<div class=\"wp-block-image\">\n<figure class=\"aligncenter size-full is-resized\"><img decoding=\"async\" src=\"https:\/\/vcentruprahy.cz\/wp-content\/uploads\/2026\/03\/The-Artisan-3.jpg\" alt=\"Velikonoce na tal\u00ed\u0159i: Restaurace The Artisan zve na jarn\u00ed menu i sv\u00e1te\u010dn\u00ed brunche\" class=\"wp-image-7972\" style=\"width:696px;height:auto\"\/><\/figure><\/div>\n\n\n<div style=\"height:38px\" aria-hidden=\"true\" class=\"wp-block-spacer\"><\/div>\n\n\n\n<h2 class=\"wp-block-heading\">Sv\u00e1te\u010dn\u00ed brunch<\/h2>\n\n\n\n<div style=\"height:38px\" aria-hidden=\"true\" class=\"wp-block-spacer\"><\/div>\n\n\n\n<p class=\"has-medium-font-size\">Velikono\u010dn\u00ed atmosf\u00e9ru dopln\u00ed brunch, kter\u00fd pat\u0159\u00ed mezi nejobl\u00edben\u011bj\u0161\u00ed gastronomick\u00e9 ud\u00e1losti restaurace. Hosty p\u0159iv\u00edt\u00e1&nbsp;<strong>dom\u00e1c\u00ed kv\u00e1skov\u00fd chl\u00e9b s vep\u0159ovou pa\u0161tikou a nakl\u00e1danou zeleninou<\/strong>&nbsp;a drobn\u00e9&nbsp;<strong>tartaletky s vaj\u00ed\u010dkovou pomaz\u00e1nkou<\/strong>, po nich\u017e n\u00e1sleduje pestr\u00fd bufet.<\/p>\n\n\n\n<p class=\"has-medium-font-size\">Ten nab\u00eddne nap\u0159\u00edklad&nbsp;<strong>pra\u017eskou \u0161unku s k\u0159enem<\/strong>,&nbsp;<strong>\u0161pen\u00e1tovou pala\u010dinku s koz\u00edm s\u00fdrem<\/strong>,&nbsp;<strong>kr\u00e1li\u010d\u00ed rillet<\/strong>, pestr\u00fd sal\u00e1tov\u00fd bar nebo&nbsp;<strong>tatar\u00e1kovou stanici<\/strong>. Teplou \u010d\u00e1st dopln\u00ed&nbsp;<strong>risotto s medv\u011bd\u00edm \u010desnekem p\u0159ipravovan\u00e9 na\u017eivo<\/strong>, carving stanice s&nbsp;<strong>jehn\u011b\u010d\u00edm kol\u00ednkem<\/strong>, speciality z grilu Josper i tradi\u010dn\u00ed pokrmy, jako je&nbsp;<strong>kr\u00e1l\u00edk na slanin\u011b \u010di kop\u0159ivov\u00e1 n\u00e1divka<\/strong>.<\/p>\n\n\n\n<p class=\"has-medium-font-size\">Sladk\u00e1 \u010d\u00e1st brunche nab\u00eddne velikono\u010dn\u00ed klasiku v\u010detn\u011b&nbsp;<strong>mazance, mrkvov\u00e9ho dortu, mechov\u00e9ho dortu nebo velikono\u010dn\u00edho ber\u00e1nka<\/strong>, dopln\u011bnou o zmrzliny, sorbety a \u017eivou stanici s koblihami.<\/p>\n\n\n\n<div style=\"height:25px\" aria-hidden=\"true\" class=\"wp-block-spacer\"><\/div>\n\n\n\n<p class=\"has-medium-font-size\"><strong>Velikono\u010dn\u00ed brunch<\/strong> je k dispozici za&nbsp;<strong>1 545 K\u010d na osobu v\u010detn\u011b neomezen\u00e9 konzumace nealkoholick\u00fdch n\u00e1poj\u016f, k\u00e1vy a \u010daje<\/strong>, nebo&nbsp;<strong>1 745 K\u010d na osobu v\u010detn\u011b v\u00edna a piva<\/strong>. Pro d\u011bti je p\u0159ipraven tak\u00e9 d\u011btsk\u00fd koutek. <\/p>\n\n\n\n<p class=\"has-medium-font-size\"><strong>Restaurace The Artisan nab\u00edz\u00ed jedny z nejlep\u0161\u00edch brunch\u016f v <a href=\"https:\/\/prazskametropole.cz\/\" type=\"link\" id=\"https:\/\/prazskametropole.cz\/\">Pra\u017esk\u00e9 Metropoli<\/a><\/strong> na <strong><a href=\"https:\/\/prazskeprikopy.cz\/\" type=\"link\" id=\"https:\/\/prazskeprikopy.cz\/\">Pra\u017esk\u00fdch P\u0159\u00edkopech<\/a><\/strong>.<\/p>\n\n\n\n<div style=\"height:111px\" aria-hidden=\"true\" class=\"wp-block-spacer\"><\/div>\n\n\n\n<figure class=\"wp-block-gallery has-nested-images columns-2 is-cropped wp-block-gallery-1 is-layout-flex wp-block-gallery-is-layout-flex\">\n<figure class=\"wp-block-image size-large\"><img decoding=\"async\" data-id=\"7973\" src=\"https:\/\/vcentruprahy.cz\/wp-content\/uploads\/2026\/03\/The-Artisan-4-1024x682.jpg\" alt=\"Velikonoce na tal\u00ed\u0159i: Restaurace The Artisan zve na jarn\u00ed menu i sv\u00e1te\u010dn\u00ed brunche\" class=\"wp-image-7973\"\/><\/figure>\n\n\n\n<figure class=\"wp-block-image size-large\"><img decoding=\"async\" data-id=\"7971\" src=\"https:\/\/vcentruprahy.cz\/wp-content\/uploads\/2026\/03\/The-Artisan-2-1024x576.jpg\" alt=\"Velikonoce na tal\u00ed\u0159i: Restaurace The Artisan zve na jarn\u00ed menu i sv\u00e1te\u010dn\u00ed brunche\" class=\"wp-image-7971\"\/><\/figure>\n\n\n\n<figure class=\"wp-block-image size-large\"><img decoding=\"async\" data-id=\"7970\" src=\"https:\/\/vcentruprahy.cz\/wp-content\/uploads\/2026\/03\/The-Artisan1-1024x577.jpg\" alt=\"Velikonoce na tal\u00ed\u0159i: Restaurace The Artisan zve na jarn\u00ed menu i sv\u00e1te\u010dn\u00ed brunche\" class=\"wp-image-7970\"\/><\/figure>\n\n\n\n<figure class=\"wp-block-image size-large\"><img decoding=\"async\" data-id=\"7972\" src=\"https:\/\/vcentruprahy.cz\/wp-content\/uploads\/2026\/03\/The-Artisan-3.jpg\" alt=\"Velikonoce na tal\u00ed\u0159i: Restaurace The Artisan zve na jarn\u00ed menu i sv\u00e1te\u010dn\u00ed brunche\" class=\"wp-image-7972\"\/><\/figure>\n<\/figure>\n\n\n\n<div style=\"height:36px\" aria-hidden=\"true\" class=\"wp-block-spacer\"><\/div>\n\n\n\n<p class=\"has-medium-font-size\"><strong>Zdroj foto: <\/strong>The Artisan, Hotel Marriott Prague<\/p>\n\n\n\n<div style=\"height:100px\" aria-hidden=\"true\" class=\"wp-block-spacer\"><\/div>\n","protected":false},"excerpt":{"rendered":"<p>Jaro p\u0159in\u00e1\u0161\u00ed do kuchyn\u011b restaurace&nbsp;The Artisan&nbsp;v pra\u017esk\u00e9m hotelu Marriott sv\u011b\u017e\u00ed chut\u011b, mlad\u00e9 bylinky a suroviny, kter\u00e9 k t\u00e9to sez\u00f3n\u011b neodmysliteln\u011b pat\u0159\u00ed. Od&nbsp;30. b\u0159ezna do 4. dubna&nbsp;nab\u00eddne v centru Prahy speci\u00e1ln\u00ed jarn\u00ed menu inspirovan\u00e9 \u010desk\u00fdmi&#46;&#46;&#46;<\/p>\n","protected":false},"author":3,"featured_media":8661,"comment_status":"closed","ping_status":"closed","sticky":false,"template":"","format":"standard","meta":{"_monsterinsights_skip_tracking":false,"_monsterinsights_sitenote_active":false,"_monsterinsights_sitenote_note":"","_monsterinsights_sitenote_category":0,"footnotes":""},"categories":[163,26,22,2,154,156,8,28],"tags":[30,102,42,56,94,106],"yoast_head":"<!-- This site is optimized with the Yoast SEO plugin v21.5 - https:\/\/yoast.com\/wordpress\/plugins\/seo\/ -->\n<title>Pra\u017esk\u00e9 P\u0159\u00edkopy: Restaurace The Artisan zve na jarn\u00ed menu i sv\u00e1te\u010dn\u00ed brunche - HOTELHOUSE.cz<\/title>\n<meta name=\"robots\" content=\"index, follow, max-snippet:-1, max-image-preview:large, max-video-preview:-1\" \/>\n<link rel=\"canonical\" href=\"https:\/\/hotelhouse.cz\/index.php\/2026\/03\/16\/prazske-prikopy-restaurace-the-artisan-zve-na-jarni-menu-i-svatecni-brunche\/\" \/>\n<meta property=\"og:locale\" content=\"cs_CZ\" \/>\n<meta property=\"og:type\" content=\"article\" \/>\n<meta property=\"og:title\" content=\"Pra\u017esk\u00e9 P\u0159\u00edkopy: Restaurace The Artisan zve na jarn\u00ed menu i sv\u00e1te\u010dn\u00ed brunche - HOTELHOUSE.cz\" \/>\n<meta property=\"og:description\" content=\"Jaro p\u0159in\u00e1\u0161\u00ed do kuchyn\u011b restaurace&nbsp;The Artisan&nbsp;v pra\u017esk\u00e9m hotelu Marriott sv\u011b\u017e\u00ed chut\u011b, mlad\u00e9 bylinky a suroviny, kter\u00e9 k t\u00e9to sez\u00f3n\u011b neodmysliteln\u011b pat\u0159\u00ed. Od&nbsp;30. b\u0159ezna do 4. dubna&nbsp;nab\u00eddne v centru Prahy speci\u00e1ln\u00ed jarn\u00ed menu inspirovan\u00e9 \u010desk\u00fdmi&#046;&#046;&#046;\" \/>\n<meta property=\"og:url\" content=\"https:\/\/hotelhouse.cz\/index.php\/2026\/03\/16\/prazske-prikopy-restaurace-the-artisan-zve-na-jarni-menu-i-svatecni-brunche\/\" \/>\n<meta property=\"og:site_name\" content=\"HOTELHOUSE.cz\" \/>\n<meta property=\"article:published_time\" content=\"2026-03-15T23:01:00+00:00\" \/>\n<meta property=\"article:modified_time\" content=\"2026-03-14T01:45:56+00:00\" \/>\n<meta property=\"og:image\" content=\"https:\/\/hotelhouse.cz\/wp-content\/uploads\/2026\/03\/The-Artisan-4.jpg\" \/>\n\t<meta property=\"og:image:width\" content=\"1250\" \/>\n\t<meta property=\"og:image:height\" content=\"832\" \/>\n\t<meta property=\"og:image:type\" content=\"image\/jpeg\" \/>\n<meta name=\"author\" content=\"Van\u011bk Miroslav\" \/>\n<meta name=\"twitter:card\" content=\"summary_large_image\" \/>\n<meta name=\"twitter:label1\" content=\"Napsal(a)\" \/>\n\t<meta name=\"twitter:data1\" content=\"Van\u011bk Miroslav\" \/>\n\t<meta name=\"twitter:label2\" content=\"Odhadovan\u00e1 doba \u010dten\u00ed\" \/>\n\t<meta name=\"twitter:data2\" content=\"4 minuty\" \/>\n<script type=\"application\/ld+json\" class=\"yoast-schema-graph\">{\"@context\":\"https:\/\/schema.org\",\"@graph\":[{\"@type\":\"Article\",\"@id\":\"https:\/\/hotelhouse.cz\/index.php\/2026\/03\/16\/prazske-prikopy-restaurace-the-artisan-zve-na-jarni-menu-i-svatecni-brunche\/#article\",\"isPartOf\":{\"@id\":\"https:\/\/hotelhouse.cz\/index.php\/2026\/03\/16\/prazske-prikopy-restaurace-the-artisan-zve-na-jarni-menu-i-svatecni-brunche\/\"},\"author\":{\"name\":\"Van\u011bk Miroslav\",\"@id\":\"https:\/\/hotelhouse.cz\/#\/schema\/person\/fa8caee3f0a9c6134afed3c541204812\"},\"headline\":\"Pra\u017esk\u00e9 P\u0159\u00edkopy: Restaurace The Artisan zve na jarn\u00ed menu i sv\u00e1te\u010dn\u00ed brunche\",\"datePublished\":\"2026-03-15T23:01:00+00:00\",\"dateModified\":\"2026-03-14T01:45:56+00:00\",\"mainEntityOfPage\":{\"@id\":\"https:\/\/hotelhouse.cz\/index.php\/2026\/03\/16\/prazske-prikopy-restaurace-the-artisan-zve-na-jarni-menu-i-svatecni-brunche\/\"},\"wordCount\":597,\"publisher\":{\"@id\":\"https:\/\/hotelhouse.cz\/#organization\"},\"keywords\":[\"gastro\",\"Pra\u017esk\u00e1 Metropole\",\"pra\u017esk\u00e9 p\u0159\u00edkopy\",\"restaurace\",\"The Artisan\",\"V centru Prahy\"],\"articleSection\":[\"GASTRO TIPY\",\"N\u00e1dhern\u00e1M\u00edsta.cz\",\"NaDovolenouDoPrahy.cz\",\"NEWS\",\"PRA\u017dSK\u00c1 METROPOLE\",\"PRA\u017dSK\u00c9 P\u0158\u00cdKOPY\",\"RESTAURACE &amp; BISTRA\",\"TIPY NA J\u00cdDLO\"],\"inLanguage\":\"cs\"},{\"@type\":\"WebPage\",\"@id\":\"https:\/\/hotelhouse.cz\/index.php\/2026\/03\/16\/prazske-prikopy-restaurace-the-artisan-zve-na-jarni-menu-i-svatecni-brunche\/\",\"url\":\"https:\/\/hotelhouse.cz\/index.php\/2026\/03\/16\/prazske-prikopy-restaurace-the-artisan-zve-na-jarni-menu-i-svatecni-brunche\/\",\"name\":\"Pra\u017esk\u00e9 P\u0159\u00edkopy: Restaurace The Artisan zve na jarn\u00ed menu i sv\u00e1te\u010dn\u00ed brunche - HOTELHOUSE.cz\",\"isPartOf\":{\"@id\":\"https:\/\/hotelhouse.cz\/#website\"},\"datePublished\":\"2026-03-15T23:01:00+00:00\",\"dateModified\":\"2026-03-14T01:45:56+00:00\",\"breadcrumb\":{\"@id\":\"https:\/\/hotelhouse.cz\/index.php\/2026\/03\/16\/prazske-prikopy-restaurace-the-artisan-zve-na-jarni-menu-i-svatecni-brunche\/#breadcrumb\"},\"inLanguage\":\"cs\",\"potentialAction\":[{\"@type\":\"ReadAction\",\"target\":[\"https:\/\/hotelhouse.cz\/index.php\/2026\/03\/16\/prazske-prikopy-restaurace-the-artisan-zve-na-jarni-menu-i-svatecni-brunche\/\"]}]},{\"@type\":\"BreadcrumbList\",\"@id\":\"https:\/\/hotelhouse.cz\/index.php\/2026\/03\/16\/prazske-prikopy-restaurace-the-artisan-zve-na-jarni-menu-i-svatecni-brunche\/#breadcrumb\",\"itemListElement\":[{\"@type\":\"ListItem\",\"position\":1,\"name\":\"Dom\u016f\",\"item\":\"https:\/\/hotelhouse.cz\/\"},{\"@type\":\"ListItem\",\"position\":2,\"name\":\"Pra\u017esk\u00e9 P\u0159\u00edkopy: Restaurace The Artisan zve na jarn\u00ed menu i sv\u00e1te\u010dn\u00ed brunche\"}]},{\"@type\":\"WebSite\",\"@id\":\"https:\/\/hotelhouse.cz\/#website\",\"url\":\"https:\/\/hotelhouse.cz\/\",\"name\":\"HOTELHOUSE.cz\",\"description\":\"Port\u00e1l o hotelech, pensionech, spa resortech a restaurac\u00edch...\",\"publisher\":{\"@id\":\"https:\/\/hotelhouse.cz\/#organization\"},\"potentialAction\":[{\"@type\":\"SearchAction\",\"target\":{\"@type\":\"EntryPoint\",\"urlTemplate\":\"https:\/\/hotelhouse.cz\/?s={search_term_string}\"},\"query-input\":\"required name=search_term_string\"}],\"inLanguage\":\"cs\"},{\"@type\":\"Organization\",\"@id\":\"https:\/\/hotelhouse.cz\/#organization\",\"name\":\"HOTELHOUSE.cz\",\"url\":\"https:\/\/hotelhouse.cz\/\",\"logo\":{\"@type\":\"ImageObject\",\"inLanguage\":\"cs\",\"@id\":\"https:\/\/hotelhouse.cz\/#\/schema\/logo\/image\/\",\"url\":\"https:\/\/hotelhouse.cz\/wp-content\/uploads\/2024\/12\/cropped-Logo_HotelHouse-2.jpg\",\"contentUrl\":\"https:\/\/hotelhouse.cz\/wp-content\/uploads\/2024\/12\/cropped-Logo_HotelHouse-2.jpg\",\"width\":933,\"height\":516,\"caption\":\"HOTELHOUSE.cz\"},\"image\":{\"@id\":\"https:\/\/hotelhouse.cz\/#\/schema\/logo\/image\/\"},\"sameAs\":[\"https:\/\/www.instagram.com\/hotelhousecz\/\"]},{\"@type\":\"Person\",\"@id\":\"https:\/\/hotelhouse.cz\/#\/schema\/person\/fa8caee3f0a9c6134afed3c541204812\",\"name\":\"Van\u011bk Miroslav\",\"image\":{\"@type\":\"ImageObject\",\"inLanguage\":\"cs\",\"@id\":\"https:\/\/hotelhouse.cz\/#\/schema\/person\/image\/\",\"url\":\"https:\/\/secure.gravatar.com\/avatar\/cc93dbecbfc820d69a964ea4a1c72377?s=96&d=mm&r=g\",\"contentUrl\":\"https:\/\/secure.gravatar.com\/avatar\/cc93dbecbfc820d69a964ea4a1c72377?s=96&d=mm&r=g\",\"caption\":\"Van\u011bk Miroslav\"},\"sameAs\":[\"http:\/\/www.hotelhouse.cz\"],\"url\":\"https:\/\/hotelhouse.cz\/index.php\/author\/mirvan\/\"}]}<\/script>\n<!-- \/ Yoast SEO plugin. -->","yoast_head_json":{"title":"Pra\u017esk\u00e9 P\u0159\u00edkopy: Restaurace The Artisan zve na jarn\u00ed menu i sv\u00e1te\u010dn\u00ed brunche - HOTELHOUSE.cz","robots":{"index":"index","follow":"follow","max-snippet":"max-snippet:-1","max-image-preview":"max-image-preview:large","max-video-preview":"max-video-preview:-1"},"canonical":"https:\/\/hotelhouse.cz\/index.php\/2026\/03\/16\/prazske-prikopy-restaurace-the-artisan-zve-na-jarni-menu-i-svatecni-brunche\/","og_locale":"cs_CZ","og_type":"article","og_title":"Pra\u017esk\u00e9 P\u0159\u00edkopy: Restaurace The Artisan zve na jarn\u00ed menu i sv\u00e1te\u010dn\u00ed brunche - HOTELHOUSE.cz","og_description":"Jaro p\u0159in\u00e1\u0161\u00ed do kuchyn\u011b restaurace&nbsp;The Artisan&nbsp;v pra\u017esk\u00e9m hotelu Marriott sv\u011b\u017e\u00ed chut\u011b, mlad\u00e9 bylinky a suroviny, kter\u00e9 k t\u00e9to sez\u00f3n\u011b neodmysliteln\u011b pat\u0159\u00ed. Od&nbsp;30. b\u0159ezna do 4. dubna&nbsp;nab\u00eddne v centru Prahy speci\u00e1ln\u00ed jarn\u00ed menu inspirovan\u00e9 \u010desk\u00fdmi&#46;&#46;&#46;","og_url":"https:\/\/hotelhouse.cz\/index.php\/2026\/03\/16\/prazske-prikopy-restaurace-the-artisan-zve-na-jarni-menu-i-svatecni-brunche\/","og_site_name":"HOTELHOUSE.cz","article_published_time":"2026-03-15T23:01:00+00:00","article_modified_time":"2026-03-14T01:45:56+00:00","og_image":[{"width":1250,"height":832,"url":"https:\/\/hotelhouse.cz\/wp-content\/uploads\/2026\/03\/The-Artisan-4.jpg","type":"image\/jpeg"}],"author":"Van\u011bk Miroslav","twitter_card":"summary_large_image","twitter_misc":{"Napsal(a)":"Van\u011bk Miroslav","Odhadovan\u00e1 doba \u010dten\u00ed":"4 minuty"},"schema":{"@context":"https:\/\/schema.org","@graph":[{"@type":"Article","@id":"https:\/\/hotelhouse.cz\/index.php\/2026\/03\/16\/prazske-prikopy-restaurace-the-artisan-zve-na-jarni-menu-i-svatecni-brunche\/#article","isPartOf":{"@id":"https:\/\/hotelhouse.cz\/index.php\/2026\/03\/16\/prazske-prikopy-restaurace-the-artisan-zve-na-jarni-menu-i-svatecni-brunche\/"},"author":{"name":"Van\u011bk Miroslav","@id":"https:\/\/hotelhouse.cz\/#\/schema\/person\/fa8caee3f0a9c6134afed3c541204812"},"headline":"Pra\u017esk\u00e9 P\u0159\u00edkopy: Restaurace The Artisan zve na jarn\u00ed menu i sv\u00e1te\u010dn\u00ed brunche","datePublished":"2026-03-15T23:01:00+00:00","dateModified":"2026-03-14T01:45:56+00:00","mainEntityOfPage":{"@id":"https:\/\/hotelhouse.cz\/index.php\/2026\/03\/16\/prazske-prikopy-restaurace-the-artisan-zve-na-jarni-menu-i-svatecni-brunche\/"},"wordCount":597,"publisher":{"@id":"https:\/\/hotelhouse.cz\/#organization"},"keywords":["gastro","Pra\u017esk\u00e1 Metropole","pra\u017esk\u00e9 p\u0159\u00edkopy","restaurace","The Artisan","V centru Prahy"],"articleSection":["GASTRO TIPY","N\u00e1dhern\u00e1M\u00edsta.cz","NaDovolenouDoPrahy.cz","NEWS","PRA\u017dSK\u00c1 METROPOLE","PRA\u017dSK\u00c9 P\u0158\u00cdKOPY","RESTAURACE &amp; BISTRA","TIPY NA J\u00cdDLO"],"inLanguage":"cs"},{"@type":"WebPage","@id":"https:\/\/hotelhouse.cz\/index.php\/2026\/03\/16\/prazske-prikopy-restaurace-the-artisan-zve-na-jarni-menu-i-svatecni-brunche\/","url":"https:\/\/hotelhouse.cz\/index.php\/2026\/03\/16\/prazske-prikopy-restaurace-the-artisan-zve-na-jarni-menu-i-svatecni-brunche\/","name":"Pra\u017esk\u00e9 P\u0159\u00edkopy: Restaurace The Artisan zve na jarn\u00ed menu i sv\u00e1te\u010dn\u00ed brunche - HOTELHOUSE.cz","isPartOf":{"@id":"https:\/\/hotelhouse.cz\/#website"},"datePublished":"2026-03-15T23:01:00+00:00","dateModified":"2026-03-14T01:45:56+00:00","breadcrumb":{"@id":"https:\/\/hotelhouse.cz\/index.php\/2026\/03\/16\/prazske-prikopy-restaurace-the-artisan-zve-na-jarni-menu-i-svatecni-brunche\/#breadcrumb"},"inLanguage":"cs","potentialAction":[{"@type":"ReadAction","target":["https:\/\/hotelhouse.cz\/index.php\/2026\/03\/16\/prazske-prikopy-restaurace-the-artisan-zve-na-jarni-menu-i-svatecni-brunche\/"]}]},{"@type":"BreadcrumbList","@id":"https:\/\/hotelhouse.cz\/index.php\/2026\/03\/16\/prazske-prikopy-restaurace-the-artisan-zve-na-jarni-menu-i-svatecni-brunche\/#breadcrumb","itemListElement":[{"@type":"ListItem","position":1,"name":"Dom\u016f","item":"https:\/\/hotelhouse.cz\/"},{"@type":"ListItem","position":2,"name":"Pra\u017esk\u00e9 P\u0159\u00edkopy: Restaurace The Artisan zve na jarn\u00ed menu i sv\u00e1te\u010dn\u00ed brunche"}]},{"@type":"WebSite","@id":"https:\/\/hotelhouse.cz\/#website","url":"https:\/\/hotelhouse.cz\/","name":"HOTELHOUSE.cz","description":"Port\u00e1l o hotelech, pensionech, spa resortech a restaurac\u00edch...","publisher":{"@id":"https:\/\/hotelhouse.cz\/#organization"},"potentialAction":[{"@type":"SearchAction","target":{"@type":"EntryPoint","urlTemplate":"https:\/\/hotelhouse.cz\/?s={search_term_string}"},"query-input":"required name=search_term_string"}],"inLanguage":"cs"},{"@type":"Organization","@id":"https:\/\/hotelhouse.cz\/#organization","name":"HOTELHOUSE.cz","url":"https:\/\/hotelhouse.cz\/","logo":{"@type":"ImageObject","inLanguage":"cs","@id":"https:\/\/hotelhouse.cz\/#\/schema\/logo\/image\/","url":"https:\/\/hotelhouse.cz\/wp-content\/uploads\/2024\/12\/cropped-Logo_HotelHouse-2.jpg","contentUrl":"https:\/\/hotelhouse.cz\/wp-content\/uploads\/2024\/12\/cropped-Logo_HotelHouse-2.jpg","width":933,"height":516,"caption":"HOTELHOUSE.cz"},"image":{"@id":"https:\/\/hotelhouse.cz\/#\/schema\/logo\/image\/"},"sameAs":["https:\/\/www.instagram.com\/hotelhousecz\/"]},{"@type":"Person","@id":"https:\/\/hotelhouse.cz\/#\/schema\/person\/fa8caee3f0a9c6134afed3c541204812","name":"Van\u011bk Miroslav","image":{"@type":"ImageObject","inLanguage":"cs","@id":"https:\/\/hotelhouse.cz\/#\/schema\/person\/image\/","url":"https:\/\/secure.gravatar.com\/avatar\/cc93dbecbfc820d69a964ea4a1c72377?s=96&d=mm&r=g","contentUrl":"https:\/\/secure.gravatar.com\/avatar\/cc93dbecbfc820d69a964ea4a1c72377?s=96&d=mm&r=g","caption":"Van\u011bk Miroslav"},"sameAs":["http:\/\/www.hotelhouse.cz"],"url":"https:\/\/hotelhouse.cz\/index.php\/author\/mirvan\/"}]}},"_links":{"self":[{"href":"https:\/\/hotelhouse.cz\/index.php\/wp-json\/wp\/v2\/posts\/8660"}],"collection":[{"href":"https:\/\/hotelhouse.cz\/index.php\/wp-json\/wp\/v2\/posts"}],"about":[{"href":"https:\/\/hotelhouse.cz\/index.php\/wp-json\/wp\/v2\/types\/post"}],"author":[{"embeddable":true,"href":"https:\/\/hotelhouse.cz\/index.php\/wp-json\/wp\/v2\/users\/3"}],"replies":[{"embeddable":true,"href":"https:\/\/hotelhouse.cz\/index.php\/wp-json\/wp\/v2\/comments?post=8660"}],"version-history":[{"count":1,"href":"https:\/\/hotelhouse.cz\/index.php\/wp-json\/wp\/v2\/posts\/8660\/revisions"}],"predecessor-version":[{"id":8662,"href":"https:\/\/hotelhouse.cz\/index.php\/wp-json\/wp\/v2\/posts\/8660\/revisions\/8662"}],"wp:featuredmedia":[{"embeddable":true,"href":"https:\/\/hotelhouse.cz\/index.php\/wp-json\/wp\/v2\/media\/8661"}],"wp:attachment":[{"href":"https:\/\/hotelhouse.cz\/index.php\/wp-json\/wp\/v2\/media?parent=8660"}],"wp:term":[{"taxonomy":"category","embeddable":true,"href":"https:\/\/hotelhouse.cz\/index.php\/wp-json\/wp\/v2\/categories?post=8660"},{"taxonomy":"post_tag","embeddable":true,"href":"https:\/\/hotelhouse.cz\/index.php\/wp-json\/wp\/v2\/tags?post=8660"}],"curies":[{"name":"wp","href":"https:\/\/api.w.org\/{rel}","templated":true}]}}