{"id":8698,"date":"2026-04-27T00:01:00","date_gmt":"2026-04-26T22:01:00","guid":{"rendered":"https:\/\/hotelhouse.cz\/?p=8698"},"modified":"2026-04-21T00:35:15","modified_gmt":"2026-04-20T22:35:15","slug":"mladi-pekari-se-utkali-v-soutezi-pekar-roku-2026-junior","status":"publish","type":"post","link":"https:\/\/hotelhouse.cz\/index.php\/2026\/04\/27\/mladi-pekari-se-utkali-v-soutezi-pekar-roku-2026-junior\/","title":{"rendered":"Mlad\u00ed peka\u0159i se utkali v sout\u011b\u017ei Peka\u0159 roku 2026 Junior"},"content":{"rendered":"\n<div style=\"height:45px\" aria-hidden=\"true\" class=\"wp-block-spacer\"><\/div>\n\n\n\n<p class=\"has-medium-font-size\"><strong>Patn\u00e1ct nejtalentovan\u011bj\u0161\u00edch mlad\u00fdch peka\u0159\u016f z cel\u00e9 \u010cesk\u00e9 republiky zm\u011b\u0159ilo sv\u00e9 s\u00edly ve 28. ro\u010dn\u00edku presti\u017en\u00ed sout\u011b\u017ee Peka\u0159 roku Junior, kter\u00e1 se uskute\u010dnila ve dnech 24.\u201325. b\u0159ezna v&nbsp;prostor\u00e1ch \u010cesk\u00e9 zem\u011bd\u011blsk\u00e9 univerzity v Praze-Suchdole. Akci organizuje Svaz peka\u0159\u016f a&nbsp;cukr\u00e1\u0159\u016f v \u010cR ve spolupr\u00e1ci s gener\u00e1ln\u00edm partnerem, obchodn\u00edm \u0159et\u011bzcem Albert. Z\u00e1\u0161titu nad sout\u011b\u017e\u00ed p\u0159evzal ministr zem\u011bd\u011blstv\u00ed Martin \u0160ebesty\u00e1n.<\/strong><\/p>\n\n\n\n<div style=\"height:45px\" aria-hidden=\"true\" class=\"wp-block-spacer\"><\/div>\n\n\n<div class=\"wp-block-image\">\n<figure class=\"aligncenter size-large\"><img decoding=\"async\" src=\"https:\/\/celebrityhouse.cz\/wp-content\/uploads\/2026\/03\/Foto_4-1024x768.jpg\" alt=\"Svaz peka\u0159\u016f a cukr\u00e1\u0159\u016f v \u010cR\" class=\"wp-image-13867\" \/><\/figure><\/div>\n\n\n<div style=\"height:45px\" aria-hidden=\"true\" class=\"wp-block-spacer\"><\/div>\n\n\n\n<p class=\"has-medium-font-size\">Sout\u011b\u017e\u00edc\u00ed studenti se utkali v discipl\u00edn\u00e1ch p\u0159\u00edpravy jemn\u00e9ho pe\u010diva (pleten\u00e1 a&nbsp;skl\u00e1dan\u00e1 v\u00e1no\u010dka) a kol\u00e1\u010d\u016f, pe\u010den\u00ed b\u011b\u017en\u00e9ho rohl\u00edku a&nbsp;v&nbsp;neposledn\u00ed \u0159ad\u011b p\u0161eni\u010dno-\u017eitn\u00e9ho konzumn\u00edho chleba. Odborn\u00e1 porota hodnotila dovednosti, zru\u010dnost, n\u00e1paditost a originalitu zpracov\u00e1n\u00ed sout\u011b\u017en\u00edch peka\u0159sk\u00fdch v\u00fdrobk\u016f. V\u00edt\u011bzkou se stala Blanka Maurerov\u00e1 ze St\u0159edn\u00ed \u0161koly designu a \u0159emesel Kladno. Ta si krom\u011b titulu Peka\u0159 roku 2026 Junior odnesla tak\u00e9 sklen\u011bn\u00fd chl\u00e9b a&nbsp;nezapomenuteln\u00fd sout\u011b\u017en\u00ed z\u00e1\u017eitek. Druh\u00e9 m\u00edsto obsadila Valeriia Roshynets z&nbsp;brn\u011bnsk\u00e9 St\u0159edn\u00ed \u0161koly Charbulova a na t\u0159et\u00edm m\u00edst\u011b skon\u010dil Mykhailo Kosiuk ze St\u0159edn\u00ed \u0161koly obchodn\u00ed \u010cesk\u00e9 Bud\u011bjovice, Husova 9.<\/p>\n\n\n\n<div style=\"height:45px\" aria-hidden=\"true\" class=\"wp-block-spacer\"><\/div>\n\n\n\n<figure class=\"wp-block-gallery has-nested-images columns-default is-cropped wp-block-gallery-1 is-layout-flex wp-block-gallery-is-layout-flex\">\n<figure class=\"wp-block-image size-large\"><img decoding=\"async\" data-id=\"13871\" src=\"https:\/\/celebrityhouse.cz\/wp-content\/uploads\/2026\/03\/FOTO_1-817x1024.jpeg\" alt=\"Svaz peka\u0159\u016f a cukr\u00e1\u0159\u016f v \u010cR\" class=\"wp-image-13871\" \/><\/figure>\n\n\n\n<figure class=\"wp-block-image size-large\"><img decoding=\"async\" data-id=\"13868\" src=\"https:\/\/celebrityhouse.cz\/wp-content\/uploads\/2026\/03\/FOTO_2-768x1024.jpeg\" alt=\"Svaz peka\u0159\u016f a cukr\u00e1\u0159\u016f v \u010cR\" class=\"wp-image-13868\" \/><\/figure>\n<\/figure>\n\n\n\n<div style=\"height:45px\" aria-hidden=\"true\" class=\"wp-block-spacer\"><\/div>\n\n\n\n<p class=\"has-medium-font-size\">Sout\u011b\u017e Peka\u0159 roku Junior se letos konala ji\u017e poosmadvac\u00e1t\u00e9 a&nbsp;jako tradi\u010dn\u011b ji po\u0159\u00e1dal Svaz peka\u0159\u016f a cukr\u00e1\u0159\u016f v&nbsp;\u010cR. Svaz podporuje studenty peka\u0159sk\u00fdch obor\u016f speci\u00e1ln\u00edm stipendiem, vyd\u00e1v\u00e1 odborn\u00e9 publikace a propaguje peka\u0159sk\u00fd obor u odborn\u00e9 i&nbsp;\u0161irok\u00e9 ve\u0159ejnosti. <em>\u201eSout\u011b\u017e Peka\u0159 roku Junior m\u00e1 jasn\u00fd c\u00edl \u2013 podporovat mlad\u00e9 talenty a posilovat presti\u017e peka\u0159sk\u00e9ho \u0159emesla. Velmi n\u00e1s t\u011b\u0161\u00ed, \u017ee ji m\u016f\u017eeme ve spolupr\u00e1ci s partnery student\u016fm ka\u017edoro\u010dn\u011b nab\u00eddnout, motivovat je v jejich pr\u00e1ci a zprost\u0159edkovat jim cenn\u00e9 setk\u00e1n\u00ed s&nbsp;profesion\u00e1ly z oboru. Letos n\u00e1s nav\u00edc pot\u011b\u0161ila rekordn\u00ed \u00fa\u010dast ze strany \u0161kol,\u201c&nbsp;<\/em><strong>\u0159\u00edk\u00e1&nbsp;Bohumil Hlavat\u00fd, v\u00fdkonn\u00fd \u0159editel Svazu peka\u0159\u016f a cukr\u00e1\u0159\u016f v \u010cR, a dod\u00e1v\u00e1:<em>&nbsp;<\/em><\/strong><em>\u201eLeto\u0161n\u00edm v\u00edt\u011bz\u016fm srde\u010dn\u011b gratulujeme a p\u0159ejeme jim mnoho \u00fasp\u011bch\u016f na cest\u011b k profesn\u00ed kari\u00e9\u0159e.\u201c<\/em><\/p>\n\n\n\n<div style=\"height:45px\" aria-hidden=\"true\" class=\"wp-block-spacer\"><\/div>\n\n\n\n<figure class=\"wp-block-gallery has-nested-images columns-default is-cropped wp-block-gallery-3 is-layout-flex wp-block-gallery-is-layout-flex\">\n<figure class=\"wp-block-image size-large\"><img decoding=\"async\" data-id=\"13872\" src=\"https:\/\/celebrityhouse.cz\/wp-content\/uploads\/2026\/03\/FOTO_5l-1024x631.jpeg\" alt=\"Svaz peka\u0159\u016f a cukr\u00e1\u0159\u016f v \u010cR\" class=\"wp-image-13872\" \/><\/figure>\n\n\n\n<figure class=\"wp-block-image size-large\"><img decoding=\"async\" data-id=\"13869\" src=\"https:\/\/celebrityhouse.cz\/wp-content\/uploads\/2026\/03\/FOTO_3-768x1024.jpeg\" alt=\"Svaz peka\u0159\u016f a cukr\u00e1\u0159\u016f v \u010cR\" class=\"wp-image-13869\" \/><\/figure>\n<\/figure>\n\n\n\n<div style=\"height:45px\" aria-hidden=\"true\" class=\"wp-block-spacer\"><\/div>\n\n\n\n<p class=\"has-medium-font-size\">Gener\u00e1ln\u00edm partnerem sout\u011b\u017ee je ji\u017e osm let obchodn\u00ed \u0159et\u011bzec Albert. <em>\u201ePodpora mlad\u00fdch talent\u016f a peka\u0159sk\u00e9ho \u0159emesla je pro n\u00e1s v Albertu d\u016fle\u017eit\u00e1. Proto jsme hrd\u00ed, \u017ee m\u016f\u017eeme b\u00fdt ji\u017e osm\u00fdm rokem gener\u00e1ln\u00edm partnerem sout\u011b\u017ee Peka\u0159 roku Junior, kter\u00e1 pom\u00e1h\u00e1 mlad\u00fdm peka\u0159\u016fm z\u00edsk\u00e1vat cenn\u00e9 zku\u0161enosti a dovednosti. Student\u016fm peka\u0159iny v Albertu nab\u00edz\u00edme mo\u017enost praxe i profesn\u00edho uplatn\u011bn\u00ed po \u0161kole, aby mohli sv\u00e9 nad\u00e1n\u00ed realizovat i d\u00e1le rozv\u00edjet ve skute\u010dn\u00e9m provozu. Gratulujeme v\u00edt\u011bzce i v\u0161em sout\u011b\u017e\u00edc\u00edm a p\u0159ejeme jim mnoho \u00fasp\u011bch\u016f na jejich profesn\u00ed cest\u011b,\u201c <\/em><strong>uvedl<\/strong> <strong>Ji\u0159\u00ed Mare\u010dek, \u0159editel komunikace obchod\u016f Albert<\/strong><em><strong>.<\/strong><\/em><\/p>\n\n\n\n<div style=\"height:45px\" aria-hidden=\"true\" class=\"wp-block-spacer\"><\/div>\n\n\n\n<figure class=\"wp-block-gallery has-nested-images columns-2 is-cropped wp-block-gallery-5 is-layout-flex wp-block-gallery-is-layout-flex\">\n<figure class=\"wp-block-image size-large\"><img decoding=\"async\" data-id=\"13871\" src=\"https:\/\/celebrityhouse.cz\/wp-content\/uploads\/2026\/03\/FOTO_1-817x1024.jpeg\" alt=\"Svaz peka\u0159\u016f a cukr\u00e1\u0159\u016f v \u010cR\" class=\"wp-image-13871\" \/><\/figure>\n\n\n\n<figure class=\"wp-block-image size-large\"><img decoding=\"async\" data-id=\"13868\" src=\"https:\/\/celebrityhouse.cz\/wp-content\/uploads\/2026\/03\/FOTO_2-768x1024.jpeg\" alt=\"Svaz peka\u0159\u016f a cukr\u00e1\u0159\u016f v \u010cR\" class=\"wp-image-13868\" \/><\/figure>\n\n\n\n<figure class=\"wp-block-image size-large\"><img decoding=\"async\" data-id=\"13869\" src=\"https:\/\/celebrityhouse.cz\/wp-content\/uploads\/2026\/03\/FOTO_3-768x1024.jpeg\" alt=\"Svaz peka\u0159\u016f a cukr\u00e1\u0159\u016f v \u010cR\" class=\"wp-image-13869\" \/><\/figure>\n\n\n\n<figure class=\"wp-block-image size-large\"><img decoding=\"async\" data-id=\"13870\" src=\"https:\/\/celebrityhouse.cz\/wp-content\/uploads\/2026\/03\/FOTO_5-768x1024.jpeg\" alt=\"Svaz peka\u0159\u016f a cukr\u00e1\u0159\u016f v \u010cR\" class=\"wp-image-13870\" \/><\/figure>\n\n\n\n<figure class=\"wp-block-image size-large\"><img decoding=\"async\" data-id=\"13867\" src=\"https:\/\/celebrityhouse.cz\/wp-content\/uploads\/2026\/03\/Foto_4-1024x768.jpg\" alt=\"Svaz peka\u0159\u016f a cukr\u00e1\u0159\u016f v \u010cR\" class=\"wp-image-13867\" \/><\/figure>\n\n\n\n<figure class=\"wp-block-image size-large\"><img decoding=\"async\" data-id=\"13872\" src=\"https:\/\/celebrityhouse.cz\/wp-content\/uploads\/2026\/03\/FOTO_5l-1024x631.jpeg\" alt=\"Svaz peka\u0159\u016f a cukr\u00e1\u0159\u016f v \u010cR\" class=\"wp-image-13872\" \/><\/figure>\n<\/figure>\n\n\n\n<div style=\"height:45px\" aria-hidden=\"true\" class=\"wp-block-spacer\"><\/div>\n\n\n\n<p class=\"has-medium-font-size\"><strong>Zdroj foto:&nbsp;<\/strong>Svaz peka\u0159\u016f a cukr\u00e1\u0159\u016f v \u010cR<\/p>\n\n\n\n<div style=\"height:45px\" aria-hidden=\"true\" class=\"wp-block-spacer\"><\/div>\n","protected":false},"excerpt":{"rendered":"<p>Patn\u00e1ct nejtalentovan\u011bj\u0161\u00edch mlad\u00fdch peka\u0159\u016f z cel\u00e9 \u010cesk\u00e9 republiky zm\u011b\u0159ilo sv\u00e9 s\u00edly ve 28. ro\u010dn\u00edku presti\u017en\u00ed sout\u011b\u017ee Peka\u0159 roku Junior, kter\u00e1 se uskute\u010dnila ve dnech 24.\u201325. b\u0159ezna v&nbsp;prostor\u00e1ch \u010cesk\u00e9 zem\u011bd\u011blsk\u00e9 univerzity v Praze-Suchdole. Akci organizuje&#46;&#46;&#46;<\/p>\n","protected":false},"author":9,"featured_media":8702,"comment_status":"closed","ping_status":"closed","sticky":false,"template":"","format":"standard","meta":{"_monsterinsights_skip_tracking":false,"_monsterinsights_sitenote_active":false,"_monsterinsights_sitenote_note":"","_monsterinsights_sitenote_category":0,"footnotes":""},"categories":[25,15,2,154,18],"tags":[],"yoast_head":"<!-- This site is optimized with the Yoast SEO plugin v21.5 - https:\/\/yoast.com\/wordpress\/plugins\/seo\/ -->\n<title>Mlad\u00ed peka\u0159i se utkali v sout\u011b\u017ei Peka\u0159 roku 2026 Junior - HOTELHOUSE.cz<\/title>\n<meta name=\"description\" content=\"Patn\u00e1ct nejtalentovan\u011bj\u0161\u00edch mlad\u00fdch peka\u0159\u016f z cel\u00e9 \u010cesk\u00e9 republiky zm\u011b\u0159ilo sv\u00e9 s\u00edly ve 28. ro\u010dn\u00edku presti\u017en\u00ed sout\u011b\u017ee Peka\u0159 roku Junior.\" \/>\n<meta name=\"robots\" content=\"index, follow, max-snippet:-1, max-image-preview:large, max-video-preview:-1\" \/>\n<link rel=\"canonical\" href=\"https:\/\/hotelhouse.cz\/index.php\/2026\/04\/27\/mladi-pekari-se-utkali-v-soutezi-pekar-roku-2026-junior\/\" \/>\n<meta property=\"og:locale\" content=\"cs_CZ\" \/>\n<meta property=\"og:type\" content=\"article\" \/>\n<meta property=\"og:title\" content=\"Mlad\u00ed peka\u0159i se utkali v sout\u011b\u017ei Peka\u0159 roku 2026 Junior - HOTELHOUSE.cz\" \/>\n<meta property=\"og:description\" content=\"Patn\u00e1ct nejtalentovan\u011bj\u0161\u00edch mlad\u00fdch peka\u0159\u016f z cel\u00e9 \u010cesk\u00e9 republiky zm\u011b\u0159ilo sv\u00e9 s\u00edly ve 28. ro\u010dn\u00edku presti\u017en\u00ed sout\u011b\u017ee Peka\u0159 roku Junior.\" \/>\n<meta property=\"og:url\" content=\"https:\/\/hotelhouse.cz\/index.php\/2026\/04\/27\/mladi-pekari-se-utkali-v-soutezi-pekar-roku-2026-junior\/\" \/>\n<meta property=\"og:site_name\" content=\"HOTELHOUSE.cz\" \/>\n<meta property=\"article:published_time\" content=\"2026-04-26T22:01:00+00:00\" \/>\n<meta property=\"article:modified_time\" content=\"2026-04-20T22:35:15+00:00\" \/>\n<meta property=\"og:image\" content=\"https:\/\/hotelhouse.cz\/wp-content\/uploads\/2026\/03\/Foto_4.jpg\" \/>\n\t<meta property=\"og:image:width\" content=\"2000\" \/>\n\t<meta property=\"og:image:height\" content=\"1500\" \/>\n\t<meta property=\"og:image:type\" content=\"image\/jpeg\" \/>\n<meta name=\"author\" content=\"Martina Pechov\u00e1\" \/>\n<meta name=\"twitter:card\" content=\"summary_large_image\" \/>\n<meta name=\"twitter:label1\" content=\"Napsal(a)\" \/>\n\t<meta name=\"twitter:data1\" content=\"Martina Pechov\u00e1\" \/>\n<script type=\"application\/ld+json\" class=\"yoast-schema-graph\">{\"@context\":\"https:\/\/schema.org\",\"@graph\":[{\"@type\":\"Article\",\"@id\":\"https:\/\/hotelhouse.cz\/index.php\/2026\/04\/27\/mladi-pekari-se-utkali-v-soutezi-pekar-roku-2026-junior\/#article\",\"isPartOf\":{\"@id\":\"https:\/\/hotelhouse.cz\/index.php\/2026\/04\/27\/mladi-pekari-se-utkali-v-soutezi-pekar-roku-2026-junior\/\"},\"author\":{\"name\":\"Martina Pechov\u00e1\",\"@id\":\"https:\/\/hotelhouse.cz\/#\/schema\/person\/def44b172d589b89b7d95d5df5bf4495\"},\"headline\":\"Mlad\u00ed peka\u0159i se utkali v sout\u011b\u017ei Peka\u0159 roku 2026 Junior\",\"datePublished\":\"2026-04-26T22:01:00+00:00\",\"dateModified\":\"2026-04-20T22:35:15+00:00\",\"mainEntityOfPage\":{\"@id\":\"https:\/\/hotelhouse.cz\/index.php\/2026\/04\/27\/mladi-pekari-se-utkali-v-soutezi-pekar-roku-2026-junior\/\"},\"wordCount\":531,\"publisher\":{\"@id\":\"https:\/\/hotelhouse.cz\/#organization\"},\"articleSection\":[\"DEGUSTUJEME &amp; TESTUJEME\",\"FOTOREPORTY\",\"NEWS\",\"PRA\u017dSK\u00c1 METROPOLE\",\"SOUT\u011a\u017dE\"],\"inLanguage\":\"cs\"},{\"@type\":\"WebPage\",\"@id\":\"https:\/\/hotelhouse.cz\/index.php\/2026\/04\/27\/mladi-pekari-se-utkali-v-soutezi-pekar-roku-2026-junior\/\",\"url\":\"https:\/\/hotelhouse.cz\/index.php\/2026\/04\/27\/mladi-pekari-se-utkali-v-soutezi-pekar-roku-2026-junior\/\",\"name\":\"Mlad\u00ed peka\u0159i se utkali v sout\u011b\u017ei Peka\u0159 roku 2026 Junior - HOTELHOUSE.cz\",\"isPartOf\":{\"@id\":\"https:\/\/hotelhouse.cz\/#website\"},\"datePublished\":\"2026-04-26T22:01:00+00:00\",\"dateModified\":\"2026-04-20T22:35:15+00:00\",\"description\":\"Patn\u00e1ct nejtalentovan\u011bj\u0161\u00edch mlad\u00fdch peka\u0159\u016f z cel\u00e9 \u010cesk\u00e9 republiky zm\u011b\u0159ilo sv\u00e9 s\u00edly ve 28. ro\u010dn\u00edku presti\u017en\u00ed sout\u011b\u017ee Peka\u0159 roku Junior.\",\"breadcrumb\":{\"@id\":\"https:\/\/hotelhouse.cz\/index.php\/2026\/04\/27\/mladi-pekari-se-utkali-v-soutezi-pekar-roku-2026-junior\/#breadcrumb\"},\"inLanguage\":\"cs\",\"potentialAction\":[{\"@type\":\"ReadAction\",\"target\":[\"https:\/\/hotelhouse.cz\/index.php\/2026\/04\/27\/mladi-pekari-se-utkali-v-soutezi-pekar-roku-2026-junior\/\"]}]},{\"@type\":\"BreadcrumbList\",\"@id\":\"https:\/\/hotelhouse.cz\/index.php\/2026\/04\/27\/mladi-pekari-se-utkali-v-soutezi-pekar-roku-2026-junior\/#breadcrumb\",\"itemListElement\":[{\"@type\":\"ListItem\",\"position\":1,\"name\":\"Dom\u016f\",\"item\":\"https:\/\/hotelhouse.cz\/\"},{\"@type\":\"ListItem\",\"position\":2,\"name\":\"Mlad\u00ed peka\u0159i se utkali v sout\u011b\u017ei Peka\u0159 roku 2026 Junior\"}]},{\"@type\":\"WebSite\",\"@id\":\"https:\/\/hotelhouse.cz\/#website\",\"url\":\"https:\/\/hotelhouse.cz\/\",\"name\":\"HOTELHOUSE.cz\",\"description\":\"Port\u00e1l o hotelech, pensionech, spa resortech a restaurac\u00edch...\",\"publisher\":{\"@id\":\"https:\/\/hotelhouse.cz\/#organization\"},\"potentialAction\":[{\"@type\":\"SearchAction\",\"target\":{\"@type\":\"EntryPoint\",\"urlTemplate\":\"https:\/\/hotelhouse.cz\/?s={search_term_string}\"},\"query-input\":\"required name=search_term_string\"}],\"inLanguage\":\"cs\"},{\"@type\":\"Organization\",\"@id\":\"https:\/\/hotelhouse.cz\/#organization\",\"name\":\"HOTELHOUSE.cz\",\"url\":\"https:\/\/hotelhouse.cz\/\",\"logo\":{\"@type\":\"ImageObject\",\"inLanguage\":\"cs\",\"@id\":\"https:\/\/hotelhouse.cz\/#\/schema\/logo\/image\/\",\"url\":\"https:\/\/hotelhouse.cz\/wp-content\/uploads\/2024\/12\/cropped-Logo_HotelHouse-2.jpg\",\"contentUrl\":\"https:\/\/hotelhouse.cz\/wp-content\/uploads\/2024\/12\/cropped-Logo_HotelHouse-2.jpg\",\"width\":933,\"height\":516,\"caption\":\"HOTELHOUSE.cz\"},\"image\":{\"@id\":\"https:\/\/hotelhouse.cz\/#\/schema\/logo\/image\/\"},\"sameAs\":[\"https:\/\/www.instagram.com\/hotelhousecz\/\"]},{\"@type\":\"Person\",\"@id\":\"https:\/\/hotelhouse.cz\/#\/schema\/person\/def44b172d589b89b7d95d5df5bf4495\",\"name\":\"Martina Pechov\u00e1\",\"image\":{\"@type\":\"ImageObject\",\"inLanguage\":\"cs\",\"@id\":\"https:\/\/hotelhouse.cz\/#\/schema\/person\/image\/\",\"url\":\"https:\/\/secure.gravatar.com\/avatar\/f0b7849f9f82bc20952396010e3c9adb?s=96&d=mm&r=g\",\"contentUrl\":\"https:\/\/secure.gravatar.com\/avatar\/f0b7849f9f82bc20952396010e3c9adb?s=96&d=mm&r=g\",\"caption\":\"Martina Pechov\u00e1\"},\"sameAs\":[\"http:\/\/HOTELHOUSE.cz\"],\"url\":\"https:\/\/hotelhouse.cz\/index.php\/author\/marpech\/\"}]}<\/script>\n<!-- \/ Yoast SEO plugin. -->","yoast_head_json":{"title":"Mlad\u00ed peka\u0159i se utkali v sout\u011b\u017ei Peka\u0159 roku 2026 Junior - HOTELHOUSE.cz","description":"Patn\u00e1ct nejtalentovan\u011bj\u0161\u00edch mlad\u00fdch peka\u0159\u016f z cel\u00e9 \u010cesk\u00e9 republiky zm\u011b\u0159ilo sv\u00e9 s\u00edly ve 28. ro\u010dn\u00edku presti\u017en\u00ed sout\u011b\u017ee Peka\u0159 roku Junior.","robots":{"index":"index","follow":"follow","max-snippet":"max-snippet:-1","max-image-preview":"max-image-preview:large","max-video-preview":"max-video-preview:-1"},"canonical":"https:\/\/hotelhouse.cz\/index.php\/2026\/04\/27\/mladi-pekari-se-utkali-v-soutezi-pekar-roku-2026-junior\/","og_locale":"cs_CZ","og_type":"article","og_title":"Mlad\u00ed peka\u0159i se utkali v sout\u011b\u017ei Peka\u0159 roku 2026 Junior - HOTELHOUSE.cz","og_description":"Patn\u00e1ct nejtalentovan\u011bj\u0161\u00edch mlad\u00fdch peka\u0159\u016f z cel\u00e9 \u010cesk\u00e9 republiky zm\u011b\u0159ilo sv\u00e9 s\u00edly ve 28. ro\u010dn\u00edku presti\u017en\u00ed sout\u011b\u017ee Peka\u0159 roku Junior.","og_url":"https:\/\/hotelhouse.cz\/index.php\/2026\/04\/27\/mladi-pekari-se-utkali-v-soutezi-pekar-roku-2026-junior\/","og_site_name":"HOTELHOUSE.cz","article_published_time":"2026-04-26T22:01:00+00:00","article_modified_time":"2026-04-20T22:35:15+00:00","og_image":[{"width":2000,"height":1500,"url":"https:\/\/hotelhouse.cz\/wp-content\/uploads\/2026\/03\/Foto_4.jpg","type":"image\/jpeg"}],"author":"Martina Pechov\u00e1","twitter_card":"summary_large_image","twitter_misc":{"Napsal(a)":"Martina Pechov\u00e1"},"schema":{"@context":"https:\/\/schema.org","@graph":[{"@type":"Article","@id":"https:\/\/hotelhouse.cz\/index.php\/2026\/04\/27\/mladi-pekari-se-utkali-v-soutezi-pekar-roku-2026-junior\/#article","isPartOf":{"@id":"https:\/\/hotelhouse.cz\/index.php\/2026\/04\/27\/mladi-pekari-se-utkali-v-soutezi-pekar-roku-2026-junior\/"},"author":{"name":"Martina Pechov\u00e1","@id":"https:\/\/hotelhouse.cz\/#\/schema\/person\/def44b172d589b89b7d95d5df5bf4495"},"headline":"Mlad\u00ed peka\u0159i se utkali v sout\u011b\u017ei Peka\u0159 roku 2026 Junior","datePublished":"2026-04-26T22:01:00+00:00","dateModified":"2026-04-20T22:35:15+00:00","mainEntityOfPage":{"@id":"https:\/\/hotelhouse.cz\/index.php\/2026\/04\/27\/mladi-pekari-se-utkali-v-soutezi-pekar-roku-2026-junior\/"},"wordCount":531,"publisher":{"@id":"https:\/\/hotelhouse.cz\/#organization"},"articleSection":["DEGUSTUJEME &amp; TESTUJEME","FOTOREPORTY","NEWS","PRA\u017dSK\u00c1 METROPOLE","SOUT\u011a\u017dE"],"inLanguage":"cs"},{"@type":"WebPage","@id":"https:\/\/hotelhouse.cz\/index.php\/2026\/04\/27\/mladi-pekari-se-utkali-v-soutezi-pekar-roku-2026-junior\/","url":"https:\/\/hotelhouse.cz\/index.php\/2026\/04\/27\/mladi-pekari-se-utkali-v-soutezi-pekar-roku-2026-junior\/","name":"Mlad\u00ed peka\u0159i se utkali v sout\u011b\u017ei Peka\u0159 roku 2026 Junior - HOTELHOUSE.cz","isPartOf":{"@id":"https:\/\/hotelhouse.cz\/#website"},"datePublished":"2026-04-26T22:01:00+00:00","dateModified":"2026-04-20T22:35:15+00:00","description":"Patn\u00e1ct nejtalentovan\u011bj\u0161\u00edch mlad\u00fdch peka\u0159\u016f z cel\u00e9 \u010cesk\u00e9 republiky zm\u011b\u0159ilo sv\u00e9 s\u00edly ve 28. ro\u010dn\u00edku presti\u017en\u00ed sout\u011b\u017ee Peka\u0159 roku Junior.","breadcrumb":{"@id":"https:\/\/hotelhouse.cz\/index.php\/2026\/04\/27\/mladi-pekari-se-utkali-v-soutezi-pekar-roku-2026-junior\/#breadcrumb"},"inLanguage":"cs","potentialAction":[{"@type":"ReadAction","target":["https:\/\/hotelhouse.cz\/index.php\/2026\/04\/27\/mladi-pekari-se-utkali-v-soutezi-pekar-roku-2026-junior\/"]}]},{"@type":"BreadcrumbList","@id":"https:\/\/hotelhouse.cz\/index.php\/2026\/04\/27\/mladi-pekari-se-utkali-v-soutezi-pekar-roku-2026-junior\/#breadcrumb","itemListElement":[{"@type":"ListItem","position":1,"name":"Dom\u016f","item":"https:\/\/hotelhouse.cz\/"},{"@type":"ListItem","position":2,"name":"Mlad\u00ed peka\u0159i se utkali v sout\u011b\u017ei Peka\u0159 roku 2026 Junior"}]},{"@type":"WebSite","@id":"https:\/\/hotelhouse.cz\/#website","url":"https:\/\/hotelhouse.cz\/","name":"HOTELHOUSE.cz","description":"Port\u00e1l o hotelech, pensionech, spa resortech a restaurac\u00edch...","publisher":{"@id":"https:\/\/hotelhouse.cz\/#organization"},"potentialAction":[{"@type":"SearchAction","target":{"@type":"EntryPoint","urlTemplate":"https:\/\/hotelhouse.cz\/?s={search_term_string}"},"query-input":"required name=search_term_string"}],"inLanguage":"cs"},{"@type":"Organization","@id":"https:\/\/hotelhouse.cz\/#organization","name":"HOTELHOUSE.cz","url":"https:\/\/hotelhouse.cz\/","logo":{"@type":"ImageObject","inLanguage":"cs","@id":"https:\/\/hotelhouse.cz\/#\/schema\/logo\/image\/","url":"https:\/\/hotelhouse.cz\/wp-content\/uploads\/2024\/12\/cropped-Logo_HotelHouse-2.jpg","contentUrl":"https:\/\/hotelhouse.cz\/wp-content\/uploads\/2024\/12\/cropped-Logo_HotelHouse-2.jpg","width":933,"height":516,"caption":"HOTELHOUSE.cz"},"image":{"@id":"https:\/\/hotelhouse.cz\/#\/schema\/logo\/image\/"},"sameAs":["https:\/\/www.instagram.com\/hotelhousecz\/"]},{"@type":"Person","@id":"https:\/\/hotelhouse.cz\/#\/schema\/person\/def44b172d589b89b7d95d5df5bf4495","name":"Martina Pechov\u00e1","image":{"@type":"ImageObject","inLanguage":"cs","@id":"https:\/\/hotelhouse.cz\/#\/schema\/person\/image\/","url":"https:\/\/secure.gravatar.com\/avatar\/f0b7849f9f82bc20952396010e3c9adb?s=96&d=mm&r=g","contentUrl":"https:\/\/secure.gravatar.com\/avatar\/f0b7849f9f82bc20952396010e3c9adb?s=96&d=mm&r=g","caption":"Martina Pechov\u00e1"},"sameAs":["http:\/\/HOTELHOUSE.cz"],"url":"https:\/\/hotelhouse.cz\/index.php\/author\/marpech\/"}]}},"_links":{"self":[{"href":"https:\/\/hotelhouse.cz\/index.php\/wp-json\/wp\/v2\/posts\/8698"}],"collection":[{"href":"https:\/\/hotelhouse.cz\/index.php\/wp-json\/wp\/v2\/posts"}],"about":[{"href":"https:\/\/hotelhouse.cz\/index.php\/wp-json\/wp\/v2\/types\/post"}],"author":[{"embeddable":true,"href":"https:\/\/hotelhouse.cz\/index.php\/wp-json\/wp\/v2\/users\/9"}],"replies":[{"embeddable":true,"href":"https:\/\/hotelhouse.cz\/index.php\/wp-json\/wp\/v2\/comments?post=8698"}],"version-history":[{"count":2,"href":"https:\/\/hotelhouse.cz\/index.php\/wp-json\/wp\/v2\/posts\/8698\/revisions"}],"predecessor-version":[{"id":8710,"href":"https:\/\/hotelhouse.cz\/index.php\/wp-json\/wp\/v2\/posts\/8698\/revisions\/8710"}],"wp:featuredmedia":[{"embeddable":true,"href":"https:\/\/hotelhouse.cz\/index.php\/wp-json\/wp\/v2\/media\/8702"}],"wp:attachment":[{"href":"https:\/\/hotelhouse.cz\/index.php\/wp-json\/wp\/v2\/media?parent=8698"}],"wp:term":[{"taxonomy":"category","embeddable":true,"href":"https:\/\/hotelhouse.cz\/index.php\/wp-json\/wp\/v2\/categories?post=8698"},{"taxonomy":"post_tag","embeddable":true,"href":"https:\/\/hotelhouse.cz\/index.php\/wp-json\/wp\/v2\/tags?post=8698"}],"curies":[{"name":"wp","href":"https:\/\/api.w.org\/{rel}","templated":true}]}}