{"id":8783,"date":"2026-04-29T00:01:00","date_gmt":"2026-04-28T22:01:00","guid":{"rendered":"https:\/\/hotelhouse.cz\/?p=8783"},"modified":"2026-04-21T00:35:34","modified_gmt":"2026-04-20T22:35:34","slug":"snowfood-mattias-v-livignu-gastronomicky-den-mezi-snehem-a-michelinskymi-hvezdami","status":"publish","type":"post","link":"https:\/\/hotelhouse.cz\/index.php\/2026\/04\/29\/snowfood-mattias-v-livignu-gastronomicky-den-mezi-snehem-a-michelinskymi-hvezdami\/","title":{"rendered":"Snowfood Mattias v Livignu: gastronomick\u00fd den mezi sn\u011bhem a michelinsk\u00fdmi hv\u011bzdami"},"content":{"rendered":"\n<div style=\"height:35px\" aria-hidden=\"true\" class=\"wp-block-spacer\"><\/div>\n\n\n\n<p class=\"has-medium-font-size\"><strong>K\u0159up\u00e1n\u00ed sn\u011bhu pod nohama, sv\u011b\u017e\u00ed horsk\u00fd vzduch a v\u016fn\u011b pokrm\u016f vznikaj\u00edc\u00edch pod rukama italsk\u00fdch \u0161\u00e9fkucha\u0159\u016f p\u0159\u00edmo uprost\u0159ed alpsk\u00e9 krajiny. Snowfood Mattias, kter\u00fd se uskute\u010dn\u00ed u\u017e v pond\u011bl\u00ed 27. dubna, nen\u00ed jen gastronomickou ud\u00e1lost\u00ed, ale pe\u010dliv\u011b komponovan\u00fdm z\u00e1\u017eitkem, v n\u011bm\u017e se p\u0159irozen\u011b propojuj\u00ed p\u0159\u00edroda, pohyb i \u0161pi\u010dkov\u00e1 kuchyn\u011b.<\/strong><\/p>\n\n\n\n<div style=\"height:35px\" aria-hidden=\"true\" class=\"wp-block-spacer\"><\/div>\n\n\n<div class=\"wp-block-image\">\n<figure class=\"aligncenter size-large\"><img decoding=\"async\" src=\"https:\/\/vcentru.cz\/wp-content\/uploads\/2026\/04\/3-1-1024x576.jpg\" alt=\"Snowfood Mattias v Livignu: gastronomick\u00fd den mezi sn\u011bhem a michelinsk\u00fdmi hv\u011bzdami\" class=\"wp-image-9353\" \/><\/figure><\/div>\n\n\n<div style=\"height:35px\" aria-hidden=\"true\" class=\"wp-block-spacer\"><\/div>\n\n\n\n<h2 class=\"wp-block-heading\">Haute cuisine v objet\u00ed hor<\/h2>\n\n\n\n<div style=\"height:35px\" aria-hidden=\"true\" class=\"wp-block-spacer\"><\/div>\n\n\n\n<p class=\"has-medium-font-size\">Na tento jedine\u010dn\u00fd koncept navazuje samotn\u00e9 d\u011bn\u00ed v \u00fadol\u00ed Val Federia, kter\u00e9 se <strong>27. dubna prom\u011bn\u00ed v kulin\u00e1\u0159skou sc\u00e9nu pod \u0161ir\u00fdm nebem<\/strong>. <em>Snowfood Mattias<\/em> je m\u00edsto, kde se fine dining p\u0159irozen\u011b prol\u00edn\u00e1 s krajinou. Snowfood Mattias p\u0159in\u00e1\u0161\u00ed haute cuisine tam, kde byste ji mo\u017en\u00e1 ne\u010dekali \u2013 do historick\u00fdch horsk\u00fdch chat zvan\u00fdch&nbsp;<em>Tee<\/em>, rozeset\u00fdch v zasn\u011b\u017een\u00e9 p\u0159\u00edrod\u011b.<\/p>\n\n\n\n<p class=\"has-medium-font-size\">Pr\u00e1v\u011b zde p\u0159iprav\u00ed p\u0159edn\u00ed osobnosti italsk\u00e9 kuchyn\u011b p\u011btichodov\u00e9 menu dopln\u011bn\u00e9 pe\u010dliv\u011b vybran\u00fdmi v\u00edny i pivy. Ka\u017ed\u00fd chod je promy\u0161len\u00fd do detailu, ale z\u00e1rove\u0148 citliv\u011b odr\u00e1\u017e\u00ed prost\u0159ed\u00ed, ve kter\u00e9m vznik\u00e1. V\u00fdsledkem je kulin\u00e1\u0159sk\u00fd z\u00e1\u017eitek, kter\u00fd nep\u016fsob\u00ed ok\u00e1zale, ale p\u0159irozen\u011b spl\u00fdv\u00e1 s tichem a rytmem hor.<\/p>\n\n\n\n<p class=\"has-medium-font-size\">Cel\u00fd koncept je postaven\u00fd na pohybu. Nejde o klasick\u00e9 stolov\u00e1n\u00ed, ale o organizovanou t\u00faru s pr\u016fvodcem, kter\u00e1 \u00fa\u010dastn\u00edky prov\u00e1z\u00ed p\u0159ibli\u017en\u011b p\u011btikilometrovou trasou \u00fadol\u00edm. Jednotliv\u00e9 chody se serv\u00edruj\u00ed postupn\u011b v r\u016fzn\u00fdch chat\u00e1ch pod\u00e9l cesty. Mezi nimi vznik\u00e1 prostor nejen pro p\u0159esun, ale i pro zastaven\u00ed, vn\u00edm\u00e1n\u00ed krajiny a sd\u00edlen\u00ed okam\u017eiku. Tempo je klidn\u00e9 a p\u0159irozen\u00e9 \u2013 stejn\u011b jako cel\u00fd z\u00e1\u017eitek.<\/p>\n\n\n\n<div style=\"height:35px\" aria-hidden=\"true\" class=\"wp-block-spacer\"><\/div>\n\n\n<div class=\"wp-block-image\">\n<figure class=\"aligncenter size-large\"><img decoding=\"async\" src=\"https:\/\/vcentru.cz\/wp-content\/uploads\/2026\/04\/4-1-1024x576.jpg\" alt=\"Snowfood Mattias v Livignu: gastronomick\u00fd den mezi sn\u011bhem a michelinsk\u00fdmi hv\u011bzdami\" class=\"wp-image-9355\" \/><\/figure><\/div>\n\n\n<div style=\"height:35px\" aria-hidden=\"true\" class=\"wp-block-spacer\"><\/div>\n\n\n\n<h2 class=\"wp-block-heading\">V\u00edce ne\u017e jen gastronomie<\/h2>\n\n\n\n<div style=\"height:35px\" aria-hidden=\"true\" class=\"wp-block-spacer\"><\/div>\n\n\n\n<p class=\"has-medium-font-size\">Snowfood Mattias ale nen\u00ed jen o j\u00eddle. Pr\u016fvodci b\u011bhem t\u00fary p\u0159ibli\u017euj\u00ed nejen samotnou trasu a prost\u0159ed\u00ed, ale i my\u0161lenku, kter\u00e1 za akc\u00ed stoj\u00ed. Ud\u00e1lost nese odkaz \u0161\u00e9fkucha\u0159e Mattia Periho \u2013 prvn\u00edho kucha\u0159e z Livigna ocen\u011bn\u00e9ho Michelinovou hv\u011bzdou \u2013 a sdru\u017een\u00ed Associazione Mattias, kter\u00e9 dlouhodob\u011b zd\u016fraz\u0148uje hodnoty jako sd\u00edlen\u00ed, autenticita a respekt k p\u0159\u00edrod\u011b.<\/p>\n\n\n\n<p class=\"has-medium-font-size\">Sdru\u017een\u00ed z\u00e1rove\u0148 podporuje mlad\u00e9 talenty v kuchyni a uchov\u00e1v\u00e1 tradici horsk\u00e9 gastronomie, nap\u0159\u00edklad prost\u0159ednictv\u00edm sout\u011b\u017e\u00ed a stipendijn\u00edch program\u016f, kter\u00e9 umo\u017e\u0148uj\u00ed nad\u011bjn\u00fdm kucha\u0159\u016fm rozv\u00edjet sv\u00e9 dovednosti pod veden\u00edm zku\u0161en\u00fdch mistr\u016f.<\/p>\n\n\n\n<p class=\"has-medium-font-size\">J\u00eddlo se tak st\u00e1v\u00e1 prost\u0159edkem, nikoli c\u00edlem. Propojuje lidi, m\u00edsto i emoce a d\u00e1v\u00e1 ka\u017ed\u00e9mu chodu hlub\u0161\u00ed v\u00fdznam. Cel\u00fd den tak p\u016fsob\u00ed jako ucelen\u00fd p\u0159\u00edb\u011bh, kter\u00fd p\u0159esahuje b\u011b\u017en\u00e9 vn\u00edm\u00e1n\u00ed fine diningu.<\/p>\n\n\n\n<p class=\"has-medium-font-size\">Nem\u00e9n\u011b d\u016fle\u017eitou roli hraje samotn\u00e9 prost\u0159ed\u00ed. \u00dadol\u00ed Val Federia pat\u0159\u00ed k nejp\u016fsobiv\u011bj\u0161\u00edm kout\u016fm Livigna \u2013 nab\u00edz\u00ed otev\u0159en\u00e9 zasn\u011b\u017een\u00e9 pl\u00e1n\u011b, ticho horsk\u00e9 krajiny i v\u00fdhledy na okoln\u00ed vrcholy. Minimalismus horsk\u00fdch chat nech\u00e1v\u00e1 vyniknout nejen precizn\u011b p\u0159ipraven\u00fdm pokrm\u016fm, ale i okoln\u00ed scen\u00e9rii, kter\u00e1 se st\u00e1v\u00e1 p\u0159irozenou sou\u010d\u00e1st\u00ed cel\u00e9ho z\u00e1\u017eitku.<\/p>\n\n\n\n<div style=\"height:35px\" aria-hidden=\"true\" class=\"wp-block-spacer\"><\/div>\n\n\n<div class=\"wp-block-image\">\n<figure class=\"aligncenter size-large\"><img decoding=\"async\" src=\"https:\/\/vcentru.cz\/wp-content\/uploads\/2026\/04\/1-3-1024x576.jpg\" alt=\"Snowfood Mattias v Livignu: gastronomick\u00fd den mezi sn\u011bhem a michelinsk\u00fdmi hv\u011bzdami\" class=\"wp-image-9352\" \/><\/figure><\/div>\n\n\n<div style=\"height:35px\" aria-hidden=\"true\" class=\"wp-block-spacer\"><\/div>\n\n\n\n<h2 class=\"wp-block-heading\">Prakticky a bez komplikac\u00ed<\/h2>\n\n\n\n<div style=\"height:35px\" aria-hidden=\"true\" class=\"wp-block-spacer\"><\/div>\n\n\n\n<p class=\"has-medium-font-size\">Akce je otev\u0159en\u00e1 \u0161irok\u00e9 ve\u0159ejnosti a je navr\u017eena tak, aby byla dostupn\u00e1 i t\u011bm, kte\u0159\u00ed nemaj\u00ed zku\u0161enosti s horskou turistikou. Sta\u010d\u00ed zvolit vhodn\u00e9 oble\u010den\u00ed a pohodlnou obuv \u2013 o zbytek je postar\u00e1no.<\/p>\n\n\n\n<p class=\"has-medium-font-size\"><strong>\u00da\u010dast stoj\u00ed 80 \u20ac na osobu a rezervace je povinn\u00e1 prost\u0159ednictv\u00edm aplikace MyLivignoPass (registrace byly spu\u0161t\u011bny 30. b\u0159ezna).<\/strong><\/p>\n\n\n\n<div style=\"height:35px\" aria-hidden=\"true\" class=\"wp-block-spacer\"><\/div>\n\n\n<div class=\"wp-block-image\">\n<figure class=\"aligncenter size-large\"><img decoding=\"async\" src=\"https:\/\/vcentru.cz\/wp-content\/uploads\/2026\/04\/5-1-1024x576.jpg\" alt=\"Snowfood Mattias v Livignu: gastronomick\u00fd den mezi sn\u011bhem a michelinsk\u00fdmi hv\u011bzdami\" class=\"wp-image-9354\" \/><\/figure><\/div>\n\n\n<div style=\"height:35px\" aria-hidden=\"true\" class=\"wp-block-spacer\"><\/div>\n\n\n\n<p class=\"has-medium-font-size\">Na leto\u0161n\u00edm ro\u010dn\u00edku se p\u0159edstav\u00ed \u0159ada v\u00fdrazn\u00fdch jmen italsk\u00e9 i mezin\u00e1rodn\u00ed gastronomick\u00e9 sc\u00e9ny, v\u010detn\u011b \u0161\u00e9fkucha\u0159\u016f ocen\u011bn\u00fdch pr\u016fvodcem Michelin i dal\u0161\u00edmi presti\u017en\u00edmi organizacemi. <strong>Mezi \u00fa\u010dastn\u00edky pat\u0159\u00ed<\/strong> nap\u0159\u00edklad <strong>Michele Tallarico, Alessandro Gilmozzi \u010di Luca Mozzanica.<\/strong><\/p>\n\n\n\n<div style=\"height:100px\" aria-hidden=\"true\" class=\"wp-block-spacer\"><\/div>\n\n\n\n<figure class=\"wp-block-gallery has-nested-images columns-2 is-cropped wp-block-gallery-1 is-layout-flex wp-block-gallery-is-layout-flex\">\n<figure class=\"wp-block-image size-large\"><img decoding=\"async\" data-id=\"9351\" src=\"https:\/\/vcentru.cz\/wp-content\/uploads\/2026\/04\/2-1-1024x576.jpg\" alt=\"Snowfood Mattias v Livignu: gastronomick\u00fd den mezi sn\u011bhem a michelinsk\u00fdmi hv\u011bzdami\" class=\"wp-image-9351\" \/><\/figure>\n\n\n\n<figure class=\"wp-block-image size-large\"><img decoding=\"async\" data-id=\"9352\" src=\"https:\/\/vcentru.cz\/wp-content\/uploads\/2026\/04\/1-3-1024x576.jpg\" alt=\"Snowfood Mattias v Livignu: gastronomick\u00fd den mezi sn\u011bhem a michelinsk\u00fdmi hv\u011bzdami\" class=\"wp-image-9352\" \/><\/figure>\n\n\n\n<figure class=\"wp-block-image size-large\"><img decoding=\"async\" data-id=\"9355\" src=\"https:\/\/vcentru.cz\/wp-content\/uploads\/2026\/04\/4-1-1024x576.jpg\" alt=\"Snowfood Mattias v Livignu: gastronomick\u00fd den mezi sn\u011bhem a michelinsk\u00fdmi hv\u011bzdami\" class=\"wp-image-9355\" \/><\/figure>\n\n\n\n<figure class=\"wp-block-image size-large\"><img decoding=\"async\" data-id=\"9354\" src=\"https:\/\/vcentru.cz\/wp-content\/uploads\/2026\/04\/5-1-1024x576.jpg\" alt=\"Snowfood Mattias v Livignu: gastronomick\u00fd den mezi sn\u011bhem a michelinsk\u00fdmi hv\u011bzdami\" class=\"wp-image-9354\" \/><\/figure>\n\n\n\n<figure class=\"wp-block-image size-large\"><img decoding=\"async\" data-id=\"9353\" src=\"https:\/\/vcentru.cz\/wp-content\/uploads\/2026\/04\/3-1-1024x576.jpg\" alt=\"Snowfood Mattias v Livignu: gastronomick\u00fd den mezi sn\u011bhem a michelinsk\u00fdmi hv\u011bzdami\" class=\"wp-image-9353\" \/><\/figure>\n<\/figure>\n\n\n\n<div style=\"height:35px\" aria-hidden=\"true\" class=\"wp-block-spacer\"><\/div>\n\n\n\n<p class=\"has-medium-font-size\"><strong>Zdroj foto:<\/strong> Snowfood Mattias, Livigno<\/p>\n\n\n\n<div style=\"height:65px\" aria-hidden=\"true\" class=\"wp-block-spacer\"><\/div>\n","protected":false},"excerpt":{"rendered":"<p>K\u0159up\u00e1n\u00ed sn\u011bhu pod nohama, sv\u011b\u017e\u00ed horsk\u00fd vzduch a v\u016fn\u011b pokrm\u016f vznikaj\u00edc\u00edch pod rukama italsk\u00fdch \u0161\u00e9fkucha\u0159\u016f p\u0159\u00edmo uprost\u0159ed alpsk\u00e9 krajiny. Snowfood Mattias, kter\u00fd se uskute\u010dn\u00ed u\u017e v pond\u011bl\u00ed 27. dubna, nen\u00ed jen gastronomickou ud\u00e1lost\u00ed, ale&#46;&#46;&#46;<\/p>\n","protected":false},"author":10,"featured_media":8784,"comment_status":"closed","ping_status":"closed","sticky":false,"template":"","format":"standard","meta":{"_monsterinsights_skip_tracking":false,"_monsterinsights_sitenote_active":false,"_monsterinsights_sitenote_note":"","_monsterinsights_sitenote_category":0,"footnotes":""},"categories":[163,26,2,23],"tags":[],"yoast_head":"<!-- This site is optimized with the Yoast SEO plugin v21.5 - https:\/\/yoast.com\/wordpress\/plugins\/seo\/ -->\n<title>Snowfood Mattias v Livignu: gastronomick\u00fd den mezi sn\u011bhem a michelinsk\u00fdmi hv\u011bzdami - HOTELHOUSE.cz<\/title>\n<meta name=\"description\" content=\"K\u0159up\u00e1n\u00ed sn\u011bhu pod nohama, sv\u011b\u017e\u00ed horsk\u00fd vzduch a v\u016fn\u011b pokrm\u016f vznikaj\u00edc\u00edch pod rukama italsk\u00fdch \u0161\u00e9fkucha\u0159\u016f p\u0159\u00edmo uprost\u0159ed alpsk\u00e9 krajiny.\" \/>\n<meta name=\"robots\" content=\"index, follow, max-snippet:-1, max-image-preview:large, max-video-preview:-1\" \/>\n<link rel=\"canonical\" href=\"https:\/\/hotelhouse.cz\/index.php\/2026\/04\/29\/snowfood-mattias-v-livignu-gastronomicky-den-mezi-snehem-a-michelinskymi-hvezdami\/\" \/>\n<meta property=\"og:locale\" content=\"cs_CZ\" \/>\n<meta property=\"og:type\" content=\"article\" \/>\n<meta property=\"og:title\" content=\"Snowfood Mattias v Livignu: gastronomick\u00fd den mezi sn\u011bhem a michelinsk\u00fdmi hv\u011bzdami - HOTELHOUSE.cz\" \/>\n<meta property=\"og:description\" content=\"K\u0159up\u00e1n\u00ed sn\u011bhu pod nohama, sv\u011b\u017e\u00ed horsk\u00fd vzduch a v\u016fn\u011b pokrm\u016f vznikaj\u00edc\u00edch pod rukama italsk\u00fdch \u0161\u00e9fkucha\u0159\u016f p\u0159\u00edmo uprost\u0159ed alpsk\u00e9 krajiny.\" \/>\n<meta property=\"og:url\" content=\"https:\/\/hotelhouse.cz\/index.php\/2026\/04\/29\/snowfood-mattias-v-livignu-gastronomicky-den-mezi-snehem-a-michelinskymi-hvezdami\/\" \/>\n<meta property=\"og:site_name\" content=\"HOTELHOUSE.cz\" \/>\n<meta property=\"article:published_time\" content=\"2026-04-28T22:01:00+00:00\" \/>\n<meta property=\"article:modified_time\" content=\"2026-04-20T22:35:34+00:00\" \/>\n<meta property=\"og:image\" content=\"https:\/\/hotelhouse.cz\/wp-content\/uploads\/2026\/04\/2.jpg\" \/>\n\t<meta property=\"og:image:width\" content=\"1450\" \/>\n\t<meta property=\"og:image:height\" content=\"816\" \/>\n\t<meta property=\"og:image:type\" content=\"image\/jpeg\" \/>\n<meta name=\"author\" content=\"Helen Guardian\" \/>\n<meta name=\"twitter:card\" content=\"summary_large_image\" \/>\n<meta name=\"twitter:label1\" content=\"Napsal(a)\" \/>\n\t<meta name=\"twitter:data1\" content=\"Helen Guardian\" \/>\n\t<meta name=\"twitter:label2\" content=\"Odhadovan\u00e1 doba \u010dten\u00ed\" \/>\n\t<meta name=\"twitter:data2\" content=\"5 minut\" \/>\n<script type=\"application\/ld+json\" class=\"yoast-schema-graph\">{\"@context\":\"https:\/\/schema.org\",\"@graph\":[{\"@type\":\"Article\",\"@id\":\"https:\/\/hotelhouse.cz\/index.php\/2026\/04\/29\/snowfood-mattias-v-livignu-gastronomicky-den-mezi-snehem-a-michelinskymi-hvezdami\/#article\",\"isPartOf\":{\"@id\":\"https:\/\/hotelhouse.cz\/index.php\/2026\/04\/29\/snowfood-mattias-v-livignu-gastronomicky-den-mezi-snehem-a-michelinskymi-hvezdami\/\"},\"author\":{\"name\":\"Helen Guardian\",\"@id\":\"https:\/\/hotelhouse.cz\/#\/schema\/person\/d632b16c6b63077400f5e36aa5488072\"},\"headline\":\"Snowfood Mattias v Livignu: gastronomick\u00fd den mezi sn\u011bhem a michelinsk\u00fdmi hv\u011bzdami\",\"datePublished\":\"2026-04-28T22:01:00+00:00\",\"dateModified\":\"2026-04-20T22:35:34+00:00\",\"mainEntityOfPage\":{\"@id\":\"https:\/\/hotelhouse.cz\/index.php\/2026\/04\/29\/snowfood-mattias-v-livignu-gastronomicky-den-mezi-snehem-a-michelinskymi-hvezdami\/\"},\"wordCount\":655,\"publisher\":{\"@id\":\"https:\/\/hotelhouse.cz\/#organization\"},\"articleSection\":[\"GASTRO TIPY\",\"N\u00e1dhern\u00e1M\u00edsta.cz\",\"NEWS\",\"TIPY NA CESTOV\u00c1N\u00cd\"],\"inLanguage\":\"cs\"},{\"@type\":\"WebPage\",\"@id\":\"https:\/\/hotelhouse.cz\/index.php\/2026\/04\/29\/snowfood-mattias-v-livignu-gastronomicky-den-mezi-snehem-a-michelinskymi-hvezdami\/\",\"url\":\"https:\/\/hotelhouse.cz\/index.php\/2026\/04\/29\/snowfood-mattias-v-livignu-gastronomicky-den-mezi-snehem-a-michelinskymi-hvezdami\/\",\"name\":\"Snowfood Mattias v Livignu: gastronomick\u00fd den mezi sn\u011bhem a michelinsk\u00fdmi hv\u011bzdami - HOTELHOUSE.cz\",\"isPartOf\":{\"@id\":\"https:\/\/hotelhouse.cz\/#website\"},\"datePublished\":\"2026-04-28T22:01:00+00:00\",\"dateModified\":\"2026-04-20T22:35:34+00:00\",\"description\":\"K\u0159up\u00e1n\u00ed sn\u011bhu pod nohama, sv\u011b\u017e\u00ed horsk\u00fd vzduch a v\u016fn\u011b pokrm\u016f vznikaj\u00edc\u00edch pod rukama italsk\u00fdch \u0161\u00e9fkucha\u0159\u016f p\u0159\u00edmo uprost\u0159ed alpsk\u00e9 krajiny.\",\"breadcrumb\":{\"@id\":\"https:\/\/hotelhouse.cz\/index.php\/2026\/04\/29\/snowfood-mattias-v-livignu-gastronomicky-den-mezi-snehem-a-michelinskymi-hvezdami\/#breadcrumb\"},\"inLanguage\":\"cs\",\"potentialAction\":[{\"@type\":\"ReadAction\",\"target\":[\"https:\/\/hotelhouse.cz\/index.php\/2026\/04\/29\/snowfood-mattias-v-livignu-gastronomicky-den-mezi-snehem-a-michelinskymi-hvezdami\/\"]}]},{\"@type\":\"BreadcrumbList\",\"@id\":\"https:\/\/hotelhouse.cz\/index.php\/2026\/04\/29\/snowfood-mattias-v-livignu-gastronomicky-den-mezi-snehem-a-michelinskymi-hvezdami\/#breadcrumb\",\"itemListElement\":[{\"@type\":\"ListItem\",\"position\":1,\"name\":\"Dom\u016f\",\"item\":\"https:\/\/hotelhouse.cz\/\"},{\"@type\":\"ListItem\",\"position\":2,\"name\":\"Snowfood Mattias v Livignu: gastronomick\u00fd den mezi sn\u011bhem a michelinsk\u00fdmi hv\u011bzdami\"}]},{\"@type\":\"WebSite\",\"@id\":\"https:\/\/hotelhouse.cz\/#website\",\"url\":\"https:\/\/hotelhouse.cz\/\",\"name\":\"HOTELHOUSE.cz\",\"description\":\"Port\u00e1l o hotelech, pensionech, spa resortech a restaurac\u00edch...\",\"publisher\":{\"@id\":\"https:\/\/hotelhouse.cz\/#organization\"},\"potentialAction\":[{\"@type\":\"SearchAction\",\"target\":{\"@type\":\"EntryPoint\",\"urlTemplate\":\"https:\/\/hotelhouse.cz\/?s={search_term_string}\"},\"query-input\":\"required name=search_term_string\"}],\"inLanguage\":\"cs\"},{\"@type\":\"Organization\",\"@id\":\"https:\/\/hotelhouse.cz\/#organization\",\"name\":\"HOTELHOUSE.cz\",\"url\":\"https:\/\/hotelhouse.cz\/\",\"logo\":{\"@type\":\"ImageObject\",\"inLanguage\":\"cs\",\"@id\":\"https:\/\/hotelhouse.cz\/#\/schema\/logo\/image\/\",\"url\":\"https:\/\/hotelhouse.cz\/wp-content\/uploads\/2024\/12\/cropped-Logo_HotelHouse-2.jpg\",\"contentUrl\":\"https:\/\/hotelhouse.cz\/wp-content\/uploads\/2024\/12\/cropped-Logo_HotelHouse-2.jpg\",\"width\":933,\"height\":516,\"caption\":\"HOTELHOUSE.cz\"},\"image\":{\"@id\":\"https:\/\/hotelhouse.cz\/#\/schema\/logo\/image\/\"},\"sameAs\":[\"https:\/\/www.instagram.com\/hotelhousecz\/\"]},{\"@type\":\"Person\",\"@id\":\"https:\/\/hotelhouse.cz\/#\/schema\/person\/d632b16c6b63077400f5e36aa5488072\",\"name\":\"Helen Guardian\",\"image\":{\"@type\":\"ImageObject\",\"inLanguage\":\"cs\",\"@id\":\"https:\/\/hotelhouse.cz\/#\/schema\/person\/image\/\",\"url\":\"https:\/\/secure.gravatar.com\/avatar\/f62c76287ccbbd3f899549a169c0e6aa?s=96&d=mm&r=g\",\"contentUrl\":\"https:\/\/secure.gravatar.com\/avatar\/f62c76287ccbbd3f899549a169c0e6aa?s=96&d=mm&r=g\",\"caption\":\"Helen Guardian\"},\"sameAs\":[\"http:\/\/HOTELHOUSE.cz\"],\"url\":\"https:\/\/hotelhouse.cz\/index.php\/author\/helgu\/\"}]}<\/script>\n<!-- \/ Yoast SEO plugin. -->","yoast_head_json":{"title":"Snowfood Mattias v Livignu: gastronomick\u00fd den mezi sn\u011bhem a michelinsk\u00fdmi hv\u011bzdami - HOTELHOUSE.cz","description":"K\u0159up\u00e1n\u00ed sn\u011bhu pod nohama, sv\u011b\u017e\u00ed horsk\u00fd vzduch a v\u016fn\u011b pokrm\u016f vznikaj\u00edc\u00edch pod rukama italsk\u00fdch \u0161\u00e9fkucha\u0159\u016f p\u0159\u00edmo uprost\u0159ed alpsk\u00e9 krajiny.","robots":{"index":"index","follow":"follow","max-snippet":"max-snippet:-1","max-image-preview":"max-image-preview:large","max-video-preview":"max-video-preview:-1"},"canonical":"https:\/\/hotelhouse.cz\/index.php\/2026\/04\/29\/snowfood-mattias-v-livignu-gastronomicky-den-mezi-snehem-a-michelinskymi-hvezdami\/","og_locale":"cs_CZ","og_type":"article","og_title":"Snowfood Mattias v Livignu: gastronomick\u00fd den mezi sn\u011bhem a michelinsk\u00fdmi hv\u011bzdami - HOTELHOUSE.cz","og_description":"K\u0159up\u00e1n\u00ed sn\u011bhu pod nohama, sv\u011b\u017e\u00ed horsk\u00fd vzduch a v\u016fn\u011b pokrm\u016f vznikaj\u00edc\u00edch pod rukama italsk\u00fdch \u0161\u00e9fkucha\u0159\u016f p\u0159\u00edmo uprost\u0159ed alpsk\u00e9 krajiny.","og_url":"https:\/\/hotelhouse.cz\/index.php\/2026\/04\/29\/snowfood-mattias-v-livignu-gastronomicky-den-mezi-snehem-a-michelinskymi-hvezdami\/","og_site_name":"HOTELHOUSE.cz","article_published_time":"2026-04-28T22:01:00+00:00","article_modified_time":"2026-04-20T22:35:34+00:00","og_image":[{"width":1450,"height":816,"url":"https:\/\/hotelhouse.cz\/wp-content\/uploads\/2026\/04\/2.jpg","type":"image\/jpeg"}],"author":"Helen Guardian","twitter_card":"summary_large_image","twitter_misc":{"Napsal(a)":"Helen Guardian","Odhadovan\u00e1 doba \u010dten\u00ed":"5 minut"},"schema":{"@context":"https:\/\/schema.org","@graph":[{"@type":"Article","@id":"https:\/\/hotelhouse.cz\/index.php\/2026\/04\/29\/snowfood-mattias-v-livignu-gastronomicky-den-mezi-snehem-a-michelinskymi-hvezdami\/#article","isPartOf":{"@id":"https:\/\/hotelhouse.cz\/index.php\/2026\/04\/29\/snowfood-mattias-v-livignu-gastronomicky-den-mezi-snehem-a-michelinskymi-hvezdami\/"},"author":{"name":"Helen Guardian","@id":"https:\/\/hotelhouse.cz\/#\/schema\/person\/d632b16c6b63077400f5e36aa5488072"},"headline":"Snowfood Mattias v Livignu: gastronomick\u00fd den mezi sn\u011bhem a michelinsk\u00fdmi hv\u011bzdami","datePublished":"2026-04-28T22:01:00+00:00","dateModified":"2026-04-20T22:35:34+00:00","mainEntityOfPage":{"@id":"https:\/\/hotelhouse.cz\/index.php\/2026\/04\/29\/snowfood-mattias-v-livignu-gastronomicky-den-mezi-snehem-a-michelinskymi-hvezdami\/"},"wordCount":655,"publisher":{"@id":"https:\/\/hotelhouse.cz\/#organization"},"articleSection":["GASTRO TIPY","N\u00e1dhern\u00e1M\u00edsta.cz","NEWS","TIPY NA CESTOV\u00c1N\u00cd"],"inLanguage":"cs"},{"@type":"WebPage","@id":"https:\/\/hotelhouse.cz\/index.php\/2026\/04\/29\/snowfood-mattias-v-livignu-gastronomicky-den-mezi-snehem-a-michelinskymi-hvezdami\/","url":"https:\/\/hotelhouse.cz\/index.php\/2026\/04\/29\/snowfood-mattias-v-livignu-gastronomicky-den-mezi-snehem-a-michelinskymi-hvezdami\/","name":"Snowfood Mattias v Livignu: gastronomick\u00fd den mezi sn\u011bhem a michelinsk\u00fdmi hv\u011bzdami - HOTELHOUSE.cz","isPartOf":{"@id":"https:\/\/hotelhouse.cz\/#website"},"datePublished":"2026-04-28T22:01:00+00:00","dateModified":"2026-04-20T22:35:34+00:00","description":"K\u0159up\u00e1n\u00ed sn\u011bhu pod nohama, sv\u011b\u017e\u00ed horsk\u00fd vzduch a v\u016fn\u011b pokrm\u016f vznikaj\u00edc\u00edch pod rukama italsk\u00fdch \u0161\u00e9fkucha\u0159\u016f p\u0159\u00edmo uprost\u0159ed alpsk\u00e9 krajiny.","breadcrumb":{"@id":"https:\/\/hotelhouse.cz\/index.php\/2026\/04\/29\/snowfood-mattias-v-livignu-gastronomicky-den-mezi-snehem-a-michelinskymi-hvezdami\/#breadcrumb"},"inLanguage":"cs","potentialAction":[{"@type":"ReadAction","target":["https:\/\/hotelhouse.cz\/index.php\/2026\/04\/29\/snowfood-mattias-v-livignu-gastronomicky-den-mezi-snehem-a-michelinskymi-hvezdami\/"]}]},{"@type":"BreadcrumbList","@id":"https:\/\/hotelhouse.cz\/index.php\/2026\/04\/29\/snowfood-mattias-v-livignu-gastronomicky-den-mezi-snehem-a-michelinskymi-hvezdami\/#breadcrumb","itemListElement":[{"@type":"ListItem","position":1,"name":"Dom\u016f","item":"https:\/\/hotelhouse.cz\/"},{"@type":"ListItem","position":2,"name":"Snowfood Mattias v Livignu: gastronomick\u00fd den mezi sn\u011bhem a michelinsk\u00fdmi hv\u011bzdami"}]},{"@type":"WebSite","@id":"https:\/\/hotelhouse.cz\/#website","url":"https:\/\/hotelhouse.cz\/","name":"HOTELHOUSE.cz","description":"Port\u00e1l o hotelech, pensionech, spa resortech a restaurac\u00edch...","publisher":{"@id":"https:\/\/hotelhouse.cz\/#organization"},"potentialAction":[{"@type":"SearchAction","target":{"@type":"EntryPoint","urlTemplate":"https:\/\/hotelhouse.cz\/?s={search_term_string}"},"query-input":"required name=search_term_string"}],"inLanguage":"cs"},{"@type":"Organization","@id":"https:\/\/hotelhouse.cz\/#organization","name":"HOTELHOUSE.cz","url":"https:\/\/hotelhouse.cz\/","logo":{"@type":"ImageObject","inLanguage":"cs","@id":"https:\/\/hotelhouse.cz\/#\/schema\/logo\/image\/","url":"https:\/\/hotelhouse.cz\/wp-content\/uploads\/2024\/12\/cropped-Logo_HotelHouse-2.jpg","contentUrl":"https:\/\/hotelhouse.cz\/wp-content\/uploads\/2024\/12\/cropped-Logo_HotelHouse-2.jpg","width":933,"height":516,"caption":"HOTELHOUSE.cz"},"image":{"@id":"https:\/\/hotelhouse.cz\/#\/schema\/logo\/image\/"},"sameAs":["https:\/\/www.instagram.com\/hotelhousecz\/"]},{"@type":"Person","@id":"https:\/\/hotelhouse.cz\/#\/schema\/person\/d632b16c6b63077400f5e36aa5488072","name":"Helen Guardian","image":{"@type":"ImageObject","inLanguage":"cs","@id":"https:\/\/hotelhouse.cz\/#\/schema\/person\/image\/","url":"https:\/\/secure.gravatar.com\/avatar\/f62c76287ccbbd3f899549a169c0e6aa?s=96&d=mm&r=g","contentUrl":"https:\/\/secure.gravatar.com\/avatar\/f62c76287ccbbd3f899549a169c0e6aa?s=96&d=mm&r=g","caption":"Helen Guardian"},"sameAs":["http:\/\/HOTELHOUSE.cz"],"url":"https:\/\/hotelhouse.cz\/index.php\/author\/helgu\/"}]}},"_links":{"self":[{"href":"https:\/\/hotelhouse.cz\/index.php\/wp-json\/wp\/v2\/posts\/8783"}],"collection":[{"href":"https:\/\/hotelhouse.cz\/index.php\/wp-json\/wp\/v2\/posts"}],"about":[{"href":"https:\/\/hotelhouse.cz\/index.php\/wp-json\/wp\/v2\/types\/post"}],"author":[{"embeddable":true,"href":"https:\/\/hotelhouse.cz\/index.php\/wp-json\/wp\/v2\/users\/10"}],"replies":[{"embeddable":true,"href":"https:\/\/hotelhouse.cz\/index.php\/wp-json\/wp\/v2\/comments?post=8783"}],"version-history":[{"count":1,"href":"https:\/\/hotelhouse.cz\/index.php\/wp-json\/wp\/v2\/posts\/8783\/revisions"}],"predecessor-version":[{"id":8785,"href":"https:\/\/hotelhouse.cz\/index.php\/wp-json\/wp\/v2\/posts\/8783\/revisions\/8785"}],"wp:featuredmedia":[{"embeddable":true,"href":"https:\/\/hotelhouse.cz\/index.php\/wp-json\/wp\/v2\/media\/8784"}],"wp:attachment":[{"href":"https:\/\/hotelhouse.cz\/index.php\/wp-json\/wp\/v2\/media?parent=8783"}],"wp:term":[{"taxonomy":"category","embeddable":true,"href":"https:\/\/hotelhouse.cz\/index.php\/wp-json\/wp\/v2\/categories?post=8783"},{"taxonomy":"post_tag","embeddable":true,"href":"https:\/\/hotelhouse.cz\/index.php\/wp-json\/wp\/v2\/tags?post=8783"}],"curies":[{"name":"wp","href":"https:\/\/api.w.org\/{rel}","templated":true}]}}