{"id":8933,"date":"2026-09-04T00:01:00","date_gmt":"2026-09-03T22:01:00","guid":{"rendered":"https:\/\/hotelhouse.cz\/?p=8933"},"modified":"2026-09-03T20:20:58","modified_gmt":"2026-09-03T18:20:58","slug":"na-prazskych-prikopech-vzniklo-dalsi-dilo-pro-akci-cihla-kolemjdouci-mohli-vcera-sledovat-praci-predniho-ceskeho-vytvarnika-jakuba-tytykala","status":"publish","type":"post","link":"https:\/\/hotelhouse.cz\/index.php\/2026\/09\/04\/na-prazskych-prikopech-vzniklo-dalsi-dilo-pro-akci-cihla-kolemjdouci-mohli-vcera-sledovat-praci-predniho-ceskeho-vytvarnika-jakuba-tytykala\/","title":{"rendered":"Na pra\u017esk\u00fdch P\u0159\u00edkopech vzniklo dal\u0161\u00ed d\u00edlo pro AKCI CIHLA: Kolemjdouc\u00ed mohli v\u010dera sledovat pr\u00e1ci p\u0159edn\u00edho \u010desk\u00e9ho v\u00fdtvarn\u00edka Jakuba Tytykala"},"content":{"rendered":"\n<div style=\"height:46px\" aria-hidden=\"true\" class=\"wp-block-spacer\"><\/div>\n\n\n\n<p class=\"has-medium-font-size\"><strong>Velmi osobn\u00ed vyj\u00e1d\u0159en\u00ed p\u0159\u00edmo p\u0159ed zraky kolemjdouc\u00edch na <a href=\"https:\/\/prazskeprikopy.cz\/\" data-type=\"link\" data-id=\"https:\/\/prazskeprikopy.cz\/\">Pra\u017esk\u00fdch P\u0159\u00edkopech<\/a>, p\u0159enesl na pl\u00e1tno Jakub Tytykalo. Cen\u011bn\u00fd mal\u00ed\u0159 tak roz\u0161\u00ed\u0159il kolekci d\u011bl tvo\u0159enou pro AKCI CIHLA. Osobit\u00e9mu um\u011blci nen\u00ed street art ciz\u00ed, tentokr\u00e1t ale ve voln\u00e9m prostoru tvo\u0159il v r\u00e1mci benefice, jej\u00edm\u017e c\u00edlem je podpo\u0159it modern\u00ed soci\u00e1ln\u00ed slu\u017eby pro lidi s ment\u00e1ln\u00edm znev\u00fdhodn\u011bn\u00edm. A to vlastn\u011b hned dvakr\u00e1t. Jednou p\u0159i samotn\u00e9 v\u00fdtvarn\u00e9 akci na st\u00e1nku AKCE CIHLA, kter\u00fd funguje jako solid\u00e1rn\u00ed, komunika\u010dn\u00ed prostor. Podruh\u00e9 se tak stane ve form\u011b v\u00fdt\u011b\u017eku z prodeje d\u00edla.<\/strong><\/p>\n\n\n\n<div style=\"height:46px\" aria-hidden=\"true\" class=\"wp-block-spacer\"><\/div>\n\n\n<div class=\"wp-block-image\">\n<figure class=\"aligncenter size-large\"><img decoding=\"async\" src=\"https:\/\/vcentruprahy.cz\/wp-content\/uploads\/2026\/09\/www.mareknovotny.com-9801-1024x683.jpg\" alt=\"Na pra\u017esk\u00fdch P\u0159\u00edkopech vzniklo dal\u0161\u00ed d\u00edlo pro AKCI CIHLA: Kolemjdouc\u00ed mohli v\u010dera sledovat pr\u00e1ci p\u0159edn\u00edho \u010desk\u00e9ho v\u00fdtvarn\u00edka Jakuba Tytykala\" class=\"wp-image-9581\"\/><\/figure><\/div>\n\n\n<div style=\"height:46px\" aria-hidden=\"true\" class=\"wp-block-spacer\"><\/div>\n\n\n\n<p class=\"has-medium-font-size\"><strong>AKCI CIHLA<\/strong> po\u0159\u00e1d\u00e1 u\u017e 27 let <strong>Portus Praha z.\u00fa<\/strong>. Teprve podruh\u00e9 v dlouh\u00e9 historii benefice se ale s n\u00ed spojen\u00e9 v\u00fdtvarn\u00e9 aktivity rozrostly o profesion\u00e1ln\u00ed rozm\u011br a vznik\u00e1 tak \u2013 sama o sob\u011b hodnotn\u00e1 \u2013 kolekce sou\u010dasn\u00e9ho um\u011bn\u00ed. Kur\u00e1torkou leto\u0161n\u00edho ro\u010dn\u00edku je <strong>Barbora Markovsk\u00e1<\/strong> <strong>z galerie a auk\u010dn\u00edho domu European Arts.<\/strong> Pr\u00e1v\u011b ten zah\u00e1j\u00ed charitativn\u00ed A(U)KC\u00cd CIHLA p\u011bti v\u00fdznamn\u00fdch sou\u010dasn\u00fdch v\u00fdtvarn\u00edk\u016f podzimn\u00ed Velkou s\u00e1lovou aukci v Lucern\u011b. <\/p>\n\n\n\n<p class=\"has-medium-font-size\">Cel\u00fd v\u00fdt\u011b\u017eek z prodeje bude v\u011bnov\u00e1n Portusu Praha na podporu klient\u016f s ment\u00e1ln\u00edm znev\u00fdhodn\u011bn\u00edm.<\/p>\n\n\n\n<div style=\"height:46px\" aria-hidden=\"true\" class=\"wp-block-spacer\"><\/div>\n\n\n<div class=\"wp-block-image\">\n<figure class=\"aligncenter size-large\"><img decoding=\"async\" src=\"https:\/\/vcentruprahy.cz\/wp-content\/uploads\/2026\/09\/www.mareknovotny.com-9813-1024x683.jpg\" alt=\"Na pra\u017esk\u00fdch P\u0159\u00edkopech vzniklo dal\u0161\u00ed d\u00edlo pro AKCI CIHLA: Kolemjdouc\u00ed mohli v\u010dera sledovat pr\u00e1ci p\u0159edn\u00edho \u010desk\u00e9ho v\u00fdtvarn\u00edka Jakuba Tytykala\" class=\"wp-image-9583\"\/><\/figure><\/div>\n\n\n<div style=\"height:46px\" aria-hidden=\"true\" class=\"wp-block-spacer\"><\/div>\n\n\n\n<p class=\"has-medium-font-size\"><strong>V\u00fdtrus<\/strong>, jak sv\u00e9 d\u00edlo Tytykalo pojmenoval, p\u016fsob\u00ed jemn\u011b, ale z\u00e1rove\u0148 drsn\u011b, vtipn\u011b i pravdiv\u011b. <\/p>\n\n\n\n<p class=\"has-medium-font-size\"><strong>S\u00e1m autor V\u00fdtrus komentuje: <\/strong><\/p>\n\n\n\n<p class=\"has-medium-font-size\">\u201eVn\u00edm\u00e1n\u00ed um\u011bleck\u00e9ho d\u00edla je ot\u00e1zkou individu\u00e1ln\u00ed perspektivy div\u00e1ka, jeho osobn\u00edho uchopen\u00ed a interpretace. Obraz sice reflektuje aktu\u00e1ln\u00ed spole\u010densk\u00e9 d\u011bn\u00ed, ale v\u011bdom\u011b ho otev\u00edr\u00e1m pluralit\u011b v\u00fdznam\u016f. Co se t\u00fd\u010de m\u00e9ho osobn\u00edho pohledu, z\u00e1m\u011brn\u011b ho nepojmenov\u00e1v\u00e1m. Tento prostor pln\u011b p\u0159enech\u00e1v\u00e1m div\u00e1kovi.\u201c<\/p>\n\n\n\n<div style=\"height:46px\" aria-hidden=\"true\" class=\"wp-block-spacer\"><\/div>\n\n\n<div class=\"wp-block-image\">\n<figure class=\"aligncenter size-large\"><img decoding=\"async\" src=\"https:\/\/vcentruprahy.cz\/wp-content\/uploads\/2026\/09\/www.mareknovotny.com-9839-1024x683.jpg\" alt=\"Na pra\u017esk\u00fdch P\u0159\u00edkopech vzniklo dal\u0161\u00ed d\u00edlo pro AKCI CIHLA: Kolemjdouc\u00ed mohli v\u010dera sledovat pr\u00e1ci p\u0159edn\u00edho \u010desk\u00e9ho v\u00fdtvarn\u00edka Jakuba Tytykala\" class=\"wp-image-9584\"\/><\/figure><\/div>\n\n\n<div style=\"height:46px\" aria-hidden=\"true\" class=\"wp-block-spacer\"><\/div>\n\n\n\n<p class=\"has-medium-font-size\"><strong>V\u00fdtrus Jakuba Tytykala bude na st\u00e1nku AKCE CIHLA k vid\u011bn\u00ed do poloviny<\/strong> <strong>z\u00e1\u0159\u00ed v ulici Na P\u0159\u00edkopech (Praha 1). Cel\u00e1 kolekce (Marek \u010c\u00edhal, Eli\u00e1\u0161 Urban, Maatty, Jakub Tytykalo a Ji\u0159\u00ed Macht) bude k vid\u011bn\u00ed na p\u0159edauk\u010dn\u00ed v\u00fdstav\u011b European Arts ve Vodi\u010dkov\u011b 33 (Praha 1) od 2. listopadu do p\u00e1tku 20. listopadu 2026. <\/strong><\/p>\n\n\n\n<p class=\"has-medium-font-size\"><strong>Aukce se odehraje v Mramorov\u00e9m s\u00e1le pal\u00e1ce Lucerna 21. listopadu 2026 od 13 hodin.<\/strong><\/p>\n\n\n\n<div style=\"height:46px\" aria-hidden=\"true\" class=\"wp-block-spacer\"><\/div>\n\n\n<div class=\"wp-block-image\">\n<figure class=\"aligncenter size-large\"><img decoding=\"async\" src=\"https:\/\/vcentruprahy.cz\/wp-content\/uploads\/2026\/09\/www.mareknovotny.com-9853-1024x683.jpg\" alt=\"Na pra\u017esk\u00fdch P\u0159\u00edkopech vzniklo dal\u0161\u00ed d\u00edlo pro AKCI CIHLA: Kolemjdouc\u00ed mohli v\u010dera sledovat pr\u00e1ci p\u0159edn\u00edho \u010desk\u00e9ho v\u00fdtvarn\u00edka Jakuba Tytykala\" class=\"wp-image-9580\"\/><\/figure><\/div>\n\n\n<div style=\"height:46px\" aria-hidden=\"true\" class=\"wp-block-spacer\"><\/div>\n\n\n\n<p class=\"has-medium-font-size\"><strong>Jakub Tytykalo<\/strong> je absolventem AVU, kde studoval v ateli\u00e9ru Grafiky Ji\u0159\u00edho Lindovsk\u00e9ho. B\u011bhem studia se \u00fa\u010dastnil st\u00e1\u017ee v ateli\u00e9ru Kresby Ji\u0159\u00edho Petrboka a ateli\u00e9ru socha\u0159stv\u00ed Jaroslava R\u00f3ny a v r\u00e1mci programu Erasmus p\u016fsobil v ateli\u00e9ru malby na univerzit\u011b v Madridu. Ve sv\u00e9 tvorb\u011b dlouhodob\u011b pracuje na hranici konkr\u00e9tnosti a abstrakce, v\u00fdslednou podobu motivu nech\u00e1v\u00e1 vznikat p\u0159\u00edmo v pr\u016fb\u011bhu mal\u00ed\u0159sk\u00e9ho procesu. K \u010dast\u00fdm motiv\u016fm jeho obraz\u016f pat\u0159\u00ed fragmenty bytost\u00ed, z\u00e1ti\u0161\u00ed, krajiny a tak\u00e9 m\u011bstsk\u00e9 v\u00fdjevy, kter\u00e9 redukuje na v\u00fdrazn\u00e9 tvary a osobitou barevnou skladbu. Charakteristick\u00e1 je pro n\u011bj ur\u010dit\u00e1 sakralizace p\u0159edm\u011bt\u016f a bytost\u00ed, jejich\u017e podoba osciluje mezi konkr\u00e9tn\u00edm a fantaskn\u00edm sv\u011btem. Tytykalo neusiluje o jednozna\u010dn\u00e9 \u010dten\u00ed sv\u00fdch obraz\u016f, ale naopak z\u00e1m\u011brn\u011b z\u016fst\u00e1v\u00e1 na hranici popisnosti a ponech\u00e1v\u00e1 prostor na div\u00e1kov\u011b p\u0159edstavivosti.<\/p>\n\n\n\n<div style=\"height:46px\" aria-hidden=\"true\" class=\"wp-block-spacer\"><\/div>\n\n\n\n<p class=\"has-medium-font-size\"><strong>Portus Praha z.\u00fa.<\/strong> V r\u00e1mci sv\u00fdch aktivit pokr\u00fdv\u00e1 \u0161irok\u00e9 spektrum soci\u00e1ln\u00edch slu\u017eeb pro osoby s ment\u00e1ln\u00edm znev\u00fdhodn\u011bn\u00edm a pom\u00e1h\u00e1 tak sv\u00fdm klient\u016fm v mnoha aspektech jejich \u017eivota. Poskytuje pobytov\u00e9 a ter\u00e9nn\u00ed soci\u00e1ln\u00ed slu\u017eby, organizuje osv\u011btov\u00e9 programy a provozuje soci\u00e1ln\u00ed podnik Dobroty s p\u0159\u00edb\u011bhem, kde lid\u00e9 s ment\u00e1ln\u00edm a zdravotn\u00edm znev\u00fdhodn\u011bn\u00edm mohou nal\u00e9zt pracovn\u00ed p\u0159\u00edle\u017eitosti. V\u00fdraznou aktivitou pom\u00e1haj\u00edc\u00ed financovat slu\u017eby organizace je AKCE CIHLA, kter\u00e1 tak\u00e9 p\u0159ip\u00edv\u00e1 k roz\u0161\u00ed\u0159en\u00ed pov\u011bdom\u00ed o ment\u00e1ln\u00edch znev\u00fdhodn\u011bn\u00edch.<\/p>\n\n\n\n<p class=\"has-medium-font-size\"><strong>European Arts<\/strong> pat\u0159\u00ed mezi p\u0159edn\u00ed auk\u010dn\u00ed s\u00edn\u011b a galerie na trhu s v\u00fdtvarn\u00fdm um\u011bn\u00edm. D\u00edky spolupr\u00e1ci s renomovan\u00fdmi znalci a historiky um\u011bn\u00ed je dlouhodob\u011b hodnocena jako nejspolehliv\u011bj\u0161\u00ed partner v oboru. Dlouhodob\u011b se European Arts auk\u010dn\u00edmi v\u00fdsledky \u0159ad\u00ed k tuzemsk\u00e9 \u0161pi\u010dce, v pov\u00e1le\u010dn\u00e9m um\u011bn\u00ed dominuje. AKCI CIHLA podporuje nejen kur\u00e1torsky, bere na sebe tak\u00e9 ve\u0161ker\u00e9 n\u00e1klady spojen\u00e9 s aukc\u00ed.<\/p>\n\n\n\n<p class=\"has-medium-font-size\">Z\u00e1\u0161titu nad AKC\u00cd CIHLA p\u0159evzal prezident republiky, pan Petr Pavel.<\/p>\n\n\n\n<div style=\"height:25px\" aria-hidden=\"true\" class=\"wp-block-spacer\"><\/div>\n\n\n\n<p class=\"has-medium-font-size\"><strong>V\u00edce informac\u00ed o AKCI CIHLA a mo\u017enostech podpory najdete na <\/strong><a href=\"http:\/\/www.akcecihla.cz\/\"><strong>www.akcecihla.cz<\/strong><\/a>.<\/p>\n\n\n\n<div style=\"height:115px\" aria-hidden=\"true\" class=\"wp-block-spacer\"><\/div>\n\n\n\n<figure class=\"wp-block-gallery has-nested-images columns-2 is-cropped wp-block-gallery-1 is-layout-flex wp-block-gallery-is-layout-flex\">\n<figure class=\"wp-block-image size-large\"><img decoding=\"async\" data-id=\"9581\" src=\"https:\/\/vcentruprahy.cz\/wp-content\/uploads\/2026\/09\/www.mareknovotny.com-9801-1024x683.jpg\" alt=\"Na pra\u017esk\u00fdch P\u0159\u00edkopech vzniklo dal\u0161\u00ed d\u00edlo pro AKCI CIHLA: Kolemjdouc\u00ed mohli v\u010dera sledovat pr\u00e1ci p\u0159edn\u00edho \u010desk\u00e9ho v\u00fdtvarn\u00edka Jakuba Tytykala\" class=\"wp-image-9581\"\/><\/figure>\n\n\n\n<figure class=\"wp-block-image size-large\"><img decoding=\"async\" data-id=\"9583\" src=\"https:\/\/vcentruprahy.cz\/wp-content\/uploads\/2026\/09\/www.mareknovotny.com-9813-1024x683.jpg\" alt=\"Na pra\u017esk\u00fdch P\u0159\u00edkopech vzniklo dal\u0161\u00ed d\u00edlo pro AKCI CIHLA: Kolemjdouc\u00ed mohli v\u010dera sledovat pr\u00e1ci p\u0159edn\u00edho \u010desk\u00e9ho v\u00fdtvarn\u00edka Jakuba Tytykala\" class=\"wp-image-9583\"\/><\/figure>\n\n\n\n<figure class=\"wp-block-image size-large\"><img decoding=\"async\" data-id=\"9584\" src=\"https:\/\/vcentruprahy.cz\/wp-content\/uploads\/2026\/09\/www.mareknovotny.com-9839-1024x683.jpg\" alt=\"Na pra\u017esk\u00fdch P\u0159\u00edkopech vzniklo dal\u0161\u00ed d\u00edlo pro AKCI CIHLA: Kolemjdouc\u00ed mohli v\u010dera sledovat pr\u00e1ci p\u0159edn\u00edho \u010desk\u00e9ho v\u00fdtvarn\u00edka Jakuba Tytykala\" class=\"wp-image-9584\"\/><\/figure>\n\n\n\n<figure class=\"wp-block-image size-large\"><img decoding=\"async\" data-id=\"9580\" src=\"https:\/\/vcentruprahy.cz\/wp-content\/uploads\/2026\/09\/www.mareknovotny.com-9853-1024x683.jpg\" alt=\"Na pra\u017esk\u00fdch P\u0159\u00edkopech vzniklo dal\u0161\u00ed d\u00edlo pro AKCI CIHLA: Kolemjdouc\u00ed mohli v\u010dera sledovat pr\u00e1ci p\u0159edn\u00edho \u010desk\u00e9ho v\u00fdtvarn\u00edka Jakuba Tytykala\" class=\"wp-image-9580\"\/><\/figure>\n\n\n\n<figure class=\"wp-block-image size-large\"><img decoding=\"async\" data-id=\"9582\" src=\"https:\/\/vcentruprahy.cz\/wp-content\/uploads\/2026\/09\/V1-1024x576.jpeg\" alt=\"Na pra\u017esk\u00fdch P\u0159\u00edkopech vzniklo dal\u0161\u00ed d\u00edlo pro AKCI CIHLA: Kolemjdouc\u00ed mohli v\u010dera sledovat pr\u00e1ci p\u0159edn\u00edho \u010desk\u00e9ho v\u00fdtvarn\u00edka Jakuba Tytykala\" class=\"wp-image-9582\"\/><\/figure>\n<\/figure>\n\n\n\n<div style=\"height:35px\" aria-hidden=\"true\" class=\"wp-block-spacer\"><\/div>\n\n\n\n<p class=\"has-medium-font-size\"><strong>Zdroj foto:<\/strong> AKCI CIHLA, Marek Novotn\u00fd<\/p>\n\n\n\n<div style=\"height:100px\" aria-hidden=\"true\" class=\"wp-block-spacer\"><\/div>\n","protected":false},"excerpt":{"rendered":"<p>Velmi osobn\u00ed vyj\u00e1d\u0159en\u00ed p\u0159\u00edmo p\u0159ed zraky kolemjdouc\u00edch na Pra\u017esk\u00fdch P\u0159\u00edkopech, p\u0159enesl na pl\u00e1tno Jakub Tytykalo. Cen\u011bn\u00fd mal\u00ed\u0159 tak roz\u0161\u00ed\u0159il kolekci d\u011bl tvo\u0159enou pro AKCI CIHLA. Osobit\u00e9mu um\u011blci nen\u00ed street art ciz\u00ed, tentokr\u00e1t ale ve&#46;&#46;&#46;<\/p>\n","protected":false},"author":11,"featured_media":8934,"comment_status":"closed","ping_status":"closed","sticky":false,"template":"","format":"standard","meta":{"_monsterinsights_skip_tracking":false,"_monsterinsights_sitenote_active":false,"_monsterinsights_sitenote_note":"","_monsterinsights_sitenote_category":0,"footnotes":""},"categories":[15,22,2,154,156],"tags":[30,212,102,42,106],"yoast_head":"<!-- This site is optimized with the Yoast SEO plugin v21.5 - https:\/\/yoast.com\/wordpress\/plugins\/seo\/ -->\n<title>Na pra\u017esk\u00fdch P\u0159\u00edkopech vzniklo dal\u0161\u00ed d\u00edlo pro AKCI CIHLA: Kolemjdouc\u00ed mohli v\u010dera sledovat pr\u00e1ci p\u0159edn\u00edho \u010desk\u00e9ho v\u00fdtvarn\u00edka Jakuba Tytykala - HOTELHOUSE.cz<\/title>\n<meta name=\"description\" content=\"Velmi osobn\u00ed vyj\u00e1d\u0159en\u00ed p\u0159\u00edmo p\u0159ed zraky kolemjdouc\u00edch, p\u0159enesl na pl\u00e1tno Jakub Tytykalo. Mal\u00ed\u0159 tak roz\u0161\u00ed\u0159il kolekci d\u011bl pro AKCI CIHLA.\" \/>\n<meta name=\"robots\" content=\"index, follow, max-snippet:-1, max-image-preview:large, max-video-preview:-1\" \/>\n<link rel=\"canonical\" href=\"https:\/\/hotelhouse.cz\/index.php\/2026\/09\/04\/na-prazskych-prikopech-vzniklo-dalsi-dilo-pro-akci-cihla-kolemjdouci-mohli-vcera-sledovat-praci-predniho-ceskeho-vytvarnika-jakuba-tytykala\/\" \/>\n<meta property=\"og:locale\" content=\"cs_CZ\" \/>\n<meta property=\"og:type\" content=\"article\" \/>\n<meta property=\"og:title\" content=\"Na pra\u017esk\u00fdch P\u0159\u00edkopech vzniklo dal\u0161\u00ed d\u00edlo pro AKCI CIHLA: Kolemjdouc\u00ed mohli v\u010dera sledovat pr\u00e1ci p\u0159edn\u00edho \u010desk\u00e9ho v\u00fdtvarn\u00edka Jakuba Tytykala - HOTELHOUSE.cz\" \/>\n<meta property=\"og:description\" content=\"Velmi osobn\u00ed vyj\u00e1d\u0159en\u00ed p\u0159\u00edmo p\u0159ed zraky kolemjdouc\u00edch, p\u0159enesl na pl\u00e1tno Jakub Tytykalo. Mal\u00ed\u0159 tak roz\u0161\u00ed\u0159il kolekci d\u011bl pro AKCI CIHLA.\" \/>\n<meta property=\"og:url\" content=\"https:\/\/hotelhouse.cz\/index.php\/2026\/09\/04\/na-prazskych-prikopech-vzniklo-dalsi-dilo-pro-akci-cihla-kolemjdouci-mohli-vcera-sledovat-praci-predniho-ceskeho-vytvarnika-jakuba-tytykala\/\" \/>\n<meta property=\"og:site_name\" content=\"HOTELHOUSE.cz\" \/>\n<meta property=\"article:published_time\" content=\"2026-09-03T22:01:00+00:00\" \/>\n<meta property=\"article:modified_time\" content=\"2026-09-03T18:20:58+00:00\" \/>\n<meta property=\"og:image\" content=\"https:\/\/hotelhouse.cz\/wp-content\/uploads\/2026\/09\/V1.jpeg\" \/>\n\t<meta property=\"og:image:width\" content=\"1420\" \/>\n\t<meta property=\"og:image:height\" content=\"799\" \/>\n\t<meta property=\"og:image:type\" content=\"image\/jpeg\" \/>\n<meta name=\"author\" content=\"Jan \u0160m\u00edd\" \/>\n<meta name=\"twitter:card\" content=\"summary_large_image\" \/>\n<meta name=\"twitter:label1\" content=\"Napsal(a)\" \/>\n\t<meta name=\"twitter:data1\" content=\"Jan \u0160m\u00edd\" \/>\n\t<meta name=\"twitter:label2\" content=\"Odhadovan\u00e1 doba \u010dten\u00ed\" \/>\n\t<meta name=\"twitter:data2\" content=\"5 minut\" \/>\n<script type=\"application\/ld+json\" class=\"yoast-schema-graph\">{\"@context\":\"https:\/\/schema.org\",\"@graph\":[{\"@type\":\"Article\",\"@id\":\"https:\/\/hotelhouse.cz\/index.php\/2026\/09\/04\/na-prazskych-prikopech-vzniklo-dalsi-dilo-pro-akci-cihla-kolemjdouci-mohli-vcera-sledovat-praci-predniho-ceskeho-vytvarnika-jakuba-tytykala\/#article\",\"isPartOf\":{\"@id\":\"https:\/\/hotelhouse.cz\/index.php\/2026\/09\/04\/na-prazskych-prikopech-vzniklo-dalsi-dilo-pro-akci-cihla-kolemjdouci-mohli-vcera-sledovat-praci-predniho-ceskeho-vytvarnika-jakuba-tytykala\/\"},\"author\":{\"name\":\"Jan \u0160m\u00edd\",\"@id\":\"https:\/\/hotelhouse.cz\/#\/schema\/person\/093d95f6bd9a39355cef51e6227a7a8f\"},\"headline\":\"Na pra\u017esk\u00fdch P\u0159\u00edkopech vzniklo dal\u0161\u00ed d\u00edlo pro AKCI CIHLA: Kolemjdouc\u00ed mohli v\u010dera sledovat pr\u00e1ci p\u0159edn\u00edho \u010desk\u00e9ho v\u00fdtvarn\u00edka Jakuba Tytykala\",\"datePublished\":\"2026-09-03T22:01:00+00:00\",\"dateModified\":\"2026-09-03T18:20:58+00:00\",\"mainEntityOfPage\":{\"@id\":\"https:\/\/hotelhouse.cz\/index.php\/2026\/09\/04\/na-prazskych-prikopech-vzniklo-dalsi-dilo-pro-akci-cihla-kolemjdouci-mohli-vcera-sledovat-praci-predniho-ceskeho-vytvarnika-jakuba-tytykala\/\"},\"wordCount\":817,\"publisher\":{\"@id\":\"https:\/\/hotelhouse.cz\/#organization\"},\"keywords\":[\"gastro\",\"Metropole\",\"Pra\u017esk\u00e1 Metropole\",\"pra\u017esk\u00e9 p\u0159\u00edkopy\",\"V centru Prahy\"],\"articleSection\":[\"FOTOREPORTY\",\"NaDovolenouDoPrahy.cz\",\"NEWS\",\"PRA\u017dSK\u00c1 METROPOLE\",\"PRA\u017dSK\u00c9 P\u0158\u00cdKOPY\"],\"inLanguage\":\"cs\"},{\"@type\":\"WebPage\",\"@id\":\"https:\/\/hotelhouse.cz\/index.php\/2026\/09\/04\/na-prazskych-prikopech-vzniklo-dalsi-dilo-pro-akci-cihla-kolemjdouci-mohli-vcera-sledovat-praci-predniho-ceskeho-vytvarnika-jakuba-tytykala\/\",\"url\":\"https:\/\/hotelhouse.cz\/index.php\/2026\/09\/04\/na-prazskych-prikopech-vzniklo-dalsi-dilo-pro-akci-cihla-kolemjdouci-mohli-vcera-sledovat-praci-predniho-ceskeho-vytvarnika-jakuba-tytykala\/\",\"name\":\"Na pra\u017esk\u00fdch P\u0159\u00edkopech vzniklo dal\u0161\u00ed d\u00edlo pro AKCI CIHLA: Kolemjdouc\u00ed mohli v\u010dera sledovat pr\u00e1ci p\u0159edn\u00edho \u010desk\u00e9ho v\u00fdtvarn\u00edka Jakuba Tytykala - HOTELHOUSE.cz\",\"isPartOf\":{\"@id\":\"https:\/\/hotelhouse.cz\/#website\"},\"datePublished\":\"2026-09-03T22:01:00+00:00\",\"dateModified\":\"2026-09-03T18:20:58+00:00\",\"description\":\"Velmi osobn\u00ed vyj\u00e1d\u0159en\u00ed p\u0159\u00edmo p\u0159ed zraky kolemjdouc\u00edch, p\u0159enesl na pl\u00e1tno Jakub Tytykalo. Mal\u00ed\u0159 tak roz\u0161\u00ed\u0159il kolekci d\u011bl pro AKCI CIHLA.\",\"breadcrumb\":{\"@id\":\"https:\/\/hotelhouse.cz\/index.php\/2026\/09\/04\/na-prazskych-prikopech-vzniklo-dalsi-dilo-pro-akci-cihla-kolemjdouci-mohli-vcera-sledovat-praci-predniho-ceskeho-vytvarnika-jakuba-tytykala\/#breadcrumb\"},\"inLanguage\":\"cs\",\"potentialAction\":[{\"@type\":\"ReadAction\",\"target\":[\"https:\/\/hotelhouse.cz\/index.php\/2026\/09\/04\/na-prazskych-prikopech-vzniklo-dalsi-dilo-pro-akci-cihla-kolemjdouci-mohli-vcera-sledovat-praci-predniho-ceskeho-vytvarnika-jakuba-tytykala\/\"]}]},{\"@type\":\"BreadcrumbList\",\"@id\":\"https:\/\/hotelhouse.cz\/index.php\/2026\/09\/04\/na-prazskych-prikopech-vzniklo-dalsi-dilo-pro-akci-cihla-kolemjdouci-mohli-vcera-sledovat-praci-predniho-ceskeho-vytvarnika-jakuba-tytykala\/#breadcrumb\",\"itemListElement\":[{\"@type\":\"ListItem\",\"position\":1,\"name\":\"Dom\u016f\",\"item\":\"https:\/\/hotelhouse.cz\/\"},{\"@type\":\"ListItem\",\"position\":2,\"name\":\"Na pra\u017esk\u00fdch P\u0159\u00edkopech vzniklo dal\u0161\u00ed d\u00edlo pro AKCI CIHLA: Kolemjdouc\u00ed mohli v\u010dera sledovat pr\u00e1ci p\u0159edn\u00edho \u010desk\u00e9ho v\u00fdtvarn\u00edka Jakuba Tytykala\"}]},{\"@type\":\"WebSite\",\"@id\":\"https:\/\/hotelhouse.cz\/#website\",\"url\":\"https:\/\/hotelhouse.cz\/\",\"name\":\"HOTELHOUSE.cz\",\"description\":\"Port\u00e1l o hotelech, pensionech, spa resortech a restaurac\u00edch...\",\"publisher\":{\"@id\":\"https:\/\/hotelhouse.cz\/#organization\"},\"potentialAction\":[{\"@type\":\"SearchAction\",\"target\":{\"@type\":\"EntryPoint\",\"urlTemplate\":\"https:\/\/hotelhouse.cz\/?s={search_term_string}\"},\"query-input\":\"required name=search_term_string\"}],\"inLanguage\":\"cs\"},{\"@type\":\"Organization\",\"@id\":\"https:\/\/hotelhouse.cz\/#organization\",\"name\":\"HOTELHOUSE.cz\",\"url\":\"https:\/\/hotelhouse.cz\/\",\"logo\":{\"@type\":\"ImageObject\",\"inLanguage\":\"cs\",\"@id\":\"https:\/\/hotelhouse.cz\/#\/schema\/logo\/image\/\",\"url\":\"https:\/\/hotelhouse.cz\/wp-content\/uploads\/2024\/12\/cropped-Logo_HotelHouse-2.jpg\",\"contentUrl\":\"https:\/\/hotelhouse.cz\/wp-content\/uploads\/2024\/12\/cropped-Logo_HotelHouse-2.jpg\",\"width\":933,\"height\":516,\"caption\":\"HOTELHOUSE.cz\"},\"image\":{\"@id\":\"https:\/\/hotelhouse.cz\/#\/schema\/logo\/image\/\"},\"sameAs\":[\"https:\/\/www.instagram.com\/hotelhousecz\/\"]},{\"@type\":\"Person\",\"@id\":\"https:\/\/hotelhouse.cz\/#\/schema\/person\/093d95f6bd9a39355cef51e6227a7a8f\",\"name\":\"Jan \u0160m\u00edd\",\"image\":{\"@type\":\"ImageObject\",\"inLanguage\":\"cs\",\"@id\":\"https:\/\/hotelhouse.cz\/#\/schema\/person\/image\/\",\"url\":\"https:\/\/secure.gravatar.com\/avatar\/70f8b575525c369952d0b7a7cdfa779b?s=96&d=mm&r=g\",\"contentUrl\":\"https:\/\/secure.gravatar.com\/avatar\/70f8b575525c369952d0b7a7cdfa779b?s=96&d=mm&r=g\",\"caption\":\"Jan \u0160m\u00edd\"},\"sameAs\":[\"http:\/\/HOTELHOUSE.cz\"],\"url\":\"https:\/\/hotelhouse.cz\/index.php\/author\/sjan\/\"}]}<\/script>\n<!-- \/ Yoast SEO plugin. -->","yoast_head_json":{"title":"Na pra\u017esk\u00fdch P\u0159\u00edkopech vzniklo dal\u0161\u00ed d\u00edlo pro AKCI CIHLA: Kolemjdouc\u00ed mohli v\u010dera sledovat pr\u00e1ci p\u0159edn\u00edho \u010desk\u00e9ho v\u00fdtvarn\u00edka Jakuba Tytykala - HOTELHOUSE.cz","description":"Velmi osobn\u00ed vyj\u00e1d\u0159en\u00ed p\u0159\u00edmo p\u0159ed zraky kolemjdouc\u00edch, p\u0159enesl na pl\u00e1tno Jakub Tytykalo. Mal\u00ed\u0159 tak roz\u0161\u00ed\u0159il kolekci d\u011bl pro AKCI CIHLA.","robots":{"index":"index","follow":"follow","max-snippet":"max-snippet:-1","max-image-preview":"max-image-preview:large","max-video-preview":"max-video-preview:-1"},"canonical":"https:\/\/hotelhouse.cz\/index.php\/2026\/09\/04\/na-prazskych-prikopech-vzniklo-dalsi-dilo-pro-akci-cihla-kolemjdouci-mohli-vcera-sledovat-praci-predniho-ceskeho-vytvarnika-jakuba-tytykala\/","og_locale":"cs_CZ","og_type":"article","og_title":"Na pra\u017esk\u00fdch P\u0159\u00edkopech vzniklo dal\u0161\u00ed d\u00edlo pro AKCI CIHLA: Kolemjdouc\u00ed mohli v\u010dera sledovat pr\u00e1ci p\u0159edn\u00edho \u010desk\u00e9ho v\u00fdtvarn\u00edka Jakuba Tytykala - HOTELHOUSE.cz","og_description":"Velmi osobn\u00ed vyj\u00e1d\u0159en\u00ed p\u0159\u00edmo p\u0159ed zraky kolemjdouc\u00edch, p\u0159enesl na pl\u00e1tno Jakub Tytykalo. Mal\u00ed\u0159 tak roz\u0161\u00ed\u0159il kolekci d\u011bl pro AKCI CIHLA.","og_url":"https:\/\/hotelhouse.cz\/index.php\/2026\/09\/04\/na-prazskych-prikopech-vzniklo-dalsi-dilo-pro-akci-cihla-kolemjdouci-mohli-vcera-sledovat-praci-predniho-ceskeho-vytvarnika-jakuba-tytykala\/","og_site_name":"HOTELHOUSE.cz","article_published_time":"2026-09-03T22:01:00+00:00","article_modified_time":"2026-09-03T18:20:58+00:00","og_image":[{"width":1420,"height":799,"url":"https:\/\/hotelhouse.cz\/wp-content\/uploads\/2026\/09\/V1.jpeg","type":"image\/jpeg"}],"author":"Jan \u0160m\u00edd","twitter_card":"summary_large_image","twitter_misc":{"Napsal(a)":"Jan \u0160m\u00edd","Odhadovan\u00e1 doba \u010dten\u00ed":"5 minut"},"schema":{"@context":"https:\/\/schema.org","@graph":[{"@type":"Article","@id":"https:\/\/hotelhouse.cz\/index.php\/2026\/09\/04\/na-prazskych-prikopech-vzniklo-dalsi-dilo-pro-akci-cihla-kolemjdouci-mohli-vcera-sledovat-praci-predniho-ceskeho-vytvarnika-jakuba-tytykala\/#article","isPartOf":{"@id":"https:\/\/hotelhouse.cz\/index.php\/2026\/09\/04\/na-prazskych-prikopech-vzniklo-dalsi-dilo-pro-akci-cihla-kolemjdouci-mohli-vcera-sledovat-praci-predniho-ceskeho-vytvarnika-jakuba-tytykala\/"},"author":{"name":"Jan \u0160m\u00edd","@id":"https:\/\/hotelhouse.cz\/#\/schema\/person\/093d95f6bd9a39355cef51e6227a7a8f"},"headline":"Na pra\u017esk\u00fdch P\u0159\u00edkopech vzniklo dal\u0161\u00ed d\u00edlo pro AKCI CIHLA: Kolemjdouc\u00ed mohli v\u010dera sledovat pr\u00e1ci p\u0159edn\u00edho \u010desk\u00e9ho v\u00fdtvarn\u00edka Jakuba Tytykala","datePublished":"2026-09-03T22:01:00+00:00","dateModified":"2026-09-03T18:20:58+00:00","mainEntityOfPage":{"@id":"https:\/\/hotelhouse.cz\/index.php\/2026\/09\/04\/na-prazskych-prikopech-vzniklo-dalsi-dilo-pro-akci-cihla-kolemjdouci-mohli-vcera-sledovat-praci-predniho-ceskeho-vytvarnika-jakuba-tytykala\/"},"wordCount":817,"publisher":{"@id":"https:\/\/hotelhouse.cz\/#organization"},"keywords":["gastro","Metropole","Pra\u017esk\u00e1 Metropole","pra\u017esk\u00e9 p\u0159\u00edkopy","V centru Prahy"],"articleSection":["FOTOREPORTY","NaDovolenouDoPrahy.cz","NEWS","PRA\u017dSK\u00c1 METROPOLE","PRA\u017dSK\u00c9 P\u0158\u00cdKOPY"],"inLanguage":"cs"},{"@type":"WebPage","@id":"https:\/\/hotelhouse.cz\/index.php\/2026\/09\/04\/na-prazskych-prikopech-vzniklo-dalsi-dilo-pro-akci-cihla-kolemjdouci-mohli-vcera-sledovat-praci-predniho-ceskeho-vytvarnika-jakuba-tytykala\/","url":"https:\/\/hotelhouse.cz\/index.php\/2026\/09\/04\/na-prazskych-prikopech-vzniklo-dalsi-dilo-pro-akci-cihla-kolemjdouci-mohli-vcera-sledovat-praci-predniho-ceskeho-vytvarnika-jakuba-tytykala\/","name":"Na pra\u017esk\u00fdch P\u0159\u00edkopech vzniklo dal\u0161\u00ed d\u00edlo pro AKCI CIHLA: Kolemjdouc\u00ed mohli v\u010dera sledovat pr\u00e1ci p\u0159edn\u00edho \u010desk\u00e9ho v\u00fdtvarn\u00edka Jakuba Tytykala - HOTELHOUSE.cz","isPartOf":{"@id":"https:\/\/hotelhouse.cz\/#website"},"datePublished":"2026-09-03T22:01:00+00:00","dateModified":"2026-09-03T18:20:58+00:00","description":"Velmi osobn\u00ed vyj\u00e1d\u0159en\u00ed p\u0159\u00edmo p\u0159ed zraky kolemjdouc\u00edch, p\u0159enesl na pl\u00e1tno Jakub Tytykalo. Mal\u00ed\u0159 tak roz\u0161\u00ed\u0159il kolekci d\u011bl pro AKCI CIHLA.","breadcrumb":{"@id":"https:\/\/hotelhouse.cz\/index.php\/2026\/09\/04\/na-prazskych-prikopech-vzniklo-dalsi-dilo-pro-akci-cihla-kolemjdouci-mohli-vcera-sledovat-praci-predniho-ceskeho-vytvarnika-jakuba-tytykala\/#breadcrumb"},"inLanguage":"cs","potentialAction":[{"@type":"ReadAction","target":["https:\/\/hotelhouse.cz\/index.php\/2026\/09\/04\/na-prazskych-prikopech-vzniklo-dalsi-dilo-pro-akci-cihla-kolemjdouci-mohli-vcera-sledovat-praci-predniho-ceskeho-vytvarnika-jakuba-tytykala\/"]}]},{"@type":"BreadcrumbList","@id":"https:\/\/hotelhouse.cz\/index.php\/2026\/09\/04\/na-prazskych-prikopech-vzniklo-dalsi-dilo-pro-akci-cihla-kolemjdouci-mohli-vcera-sledovat-praci-predniho-ceskeho-vytvarnika-jakuba-tytykala\/#breadcrumb","itemListElement":[{"@type":"ListItem","position":1,"name":"Dom\u016f","item":"https:\/\/hotelhouse.cz\/"},{"@type":"ListItem","position":2,"name":"Na pra\u017esk\u00fdch P\u0159\u00edkopech vzniklo dal\u0161\u00ed d\u00edlo pro AKCI CIHLA: Kolemjdouc\u00ed mohli v\u010dera sledovat pr\u00e1ci p\u0159edn\u00edho \u010desk\u00e9ho v\u00fdtvarn\u00edka Jakuba Tytykala"}]},{"@type":"WebSite","@id":"https:\/\/hotelhouse.cz\/#website","url":"https:\/\/hotelhouse.cz\/","name":"HOTELHOUSE.cz","description":"Port\u00e1l o hotelech, pensionech, spa resortech a restaurac\u00edch...","publisher":{"@id":"https:\/\/hotelhouse.cz\/#organization"},"potentialAction":[{"@type":"SearchAction","target":{"@type":"EntryPoint","urlTemplate":"https:\/\/hotelhouse.cz\/?s={search_term_string}"},"query-input":"required name=search_term_string"}],"inLanguage":"cs"},{"@type":"Organization","@id":"https:\/\/hotelhouse.cz\/#organization","name":"HOTELHOUSE.cz","url":"https:\/\/hotelhouse.cz\/","logo":{"@type":"ImageObject","inLanguage":"cs","@id":"https:\/\/hotelhouse.cz\/#\/schema\/logo\/image\/","url":"https:\/\/hotelhouse.cz\/wp-content\/uploads\/2024\/12\/cropped-Logo_HotelHouse-2.jpg","contentUrl":"https:\/\/hotelhouse.cz\/wp-content\/uploads\/2024\/12\/cropped-Logo_HotelHouse-2.jpg","width":933,"height":516,"caption":"HOTELHOUSE.cz"},"image":{"@id":"https:\/\/hotelhouse.cz\/#\/schema\/logo\/image\/"},"sameAs":["https:\/\/www.instagram.com\/hotelhousecz\/"]},{"@type":"Person","@id":"https:\/\/hotelhouse.cz\/#\/schema\/person\/093d95f6bd9a39355cef51e6227a7a8f","name":"Jan \u0160m\u00edd","image":{"@type":"ImageObject","inLanguage":"cs","@id":"https:\/\/hotelhouse.cz\/#\/schema\/person\/image\/","url":"https:\/\/secure.gravatar.com\/avatar\/70f8b575525c369952d0b7a7cdfa779b?s=96&d=mm&r=g","contentUrl":"https:\/\/secure.gravatar.com\/avatar\/70f8b575525c369952d0b7a7cdfa779b?s=96&d=mm&r=g","caption":"Jan \u0160m\u00edd"},"sameAs":["http:\/\/HOTELHOUSE.cz"],"url":"https:\/\/hotelhouse.cz\/index.php\/author\/sjan\/"}]}},"_links":{"self":[{"href":"https:\/\/hotelhouse.cz\/index.php\/wp-json\/wp\/v2\/posts\/8933"}],"collection":[{"href":"https:\/\/hotelhouse.cz\/index.php\/wp-json\/wp\/v2\/posts"}],"about":[{"href":"https:\/\/hotelhouse.cz\/index.php\/wp-json\/wp\/v2\/types\/post"}],"author":[{"embeddable":true,"href":"https:\/\/hotelhouse.cz\/index.php\/wp-json\/wp\/v2\/users\/11"}],"replies":[{"embeddable":true,"href":"https:\/\/hotelhouse.cz\/index.php\/wp-json\/wp\/v2\/comments?post=8933"}],"version-history":[{"count":1,"href":"https:\/\/hotelhouse.cz\/index.php\/wp-json\/wp\/v2\/posts\/8933\/revisions"}],"predecessor-version":[{"id":8935,"href":"https:\/\/hotelhouse.cz\/index.php\/wp-json\/wp\/v2\/posts\/8933\/revisions\/8935"}],"wp:featuredmedia":[{"embeddable":true,"href":"https:\/\/hotelhouse.cz\/index.php\/wp-json\/wp\/v2\/media\/8934"}],"wp:attachment":[{"href":"https:\/\/hotelhouse.cz\/index.php\/wp-json\/wp\/v2\/media?parent=8933"}],"wp:term":[{"taxonomy":"category","embeddable":true,"href":"https:\/\/hotelhouse.cz\/index.php\/wp-json\/wp\/v2\/categories?post=8933"},{"taxonomy":"post_tag","embeddable":true,"href":"https:\/\/hotelhouse.cz\/index.php\/wp-json\/wp\/v2\/tags?post=8933"}],"curies":[{"name":"wp","href":"https:\/\/api.w.org\/{rel}","templated":true}]}}