{"id":923,"date":"2020-02-03T00:14:31","date_gmt":"2020-02-02T23:14:31","guid":{"rendered":"http:\/\/hotelhouse.cz\/?p=923"},"modified":"2020-02-03T00:14:31","modified_gmt":"2020-02-02T23:14:31","slug":"vinarstvim-roku-2019-se-stalo-vican-rodinne-vinarstvi","status":"publish","type":"post","link":"https:\/\/hotelhouse.cz\/index.php\/2020\/02\/03\/vinarstvim-roku-2019-se-stalo-vican-rodinne-vinarstvi\/","title":{"rendered":"Vina\u0159stv\u00edm roku 2019 se stalo VICAN rodinn\u00e9 vina\u0159stv\u00ed"},"content":{"rendered":"\n<p><strong>V\u00edt\u011bzem des\u00e1t\u00e9ho ro\u010dn\u00edku sout\u011b\u017ee Vina\u0159stv\u00ed roku 2019, po\u0159\u00e1dan\u00e9 Svaze<\/strong><strong>m vina\u0159\u016f \u010cR, se stalo VICAN rodinn\u00e9 vina\u0159stv\u00ed, kter\u00e9 z\u00e1rove\u0148 zv\u00edt\u011bzilo v kategorii st\u0159edn\u00ed vina\u0159stv\u00ed s produkc\u00ed do 250.000 litr\u016f za rok. V kategorii mal\u00e9 vina\u0159stv\u00ed do 50.000 l\/rok usp\u011blo Gala Vina\u0159stv\u00ed, a.s. a v kategorii velk\u00e9 vina\u0159stv\u00ed nad 250.000 l\/rok komisi nejv\u00edce zaujal Vladim\u00edr Tetur.<\/strong><\/p>\n\n\n\n<p>Odborn\u00e1 komise nav\u0161t\u00edvila v\u0161ech dev\u011bt vina\u0159stv\u00ed p\u0159\u00edmo v jejich provozech, kde dle nastaven\u00fdch krit\u00e9ri\u00ed a odborn\u00e9ho posouzen\u00ed zhodnotila \u010dinnost vina\u0159stv\u00ed od vinohradu, p\u0159es sklepn\u00ed hospod\u00e1\u0159stv\u00ed a\u017e po reprezenta\u010dn\u00ed prostory v\u010detn\u011b dal\u0161\u00edch aktivit, kter\u00fdmi se vina\u0159stv\u00ed zab\u00fdvaj\u00ed. \u00darove\u0148 vina\u0159stv\u00ed v&nbsp;leto\u0161n\u00edm ro\u010dn\u00edku byla velmi vysok\u00e1 a v&nbsp;r\u00e1mci jednotliv\u00fdch kategori\u00ed i vyrovnan\u00e1. &nbsp;Vyhr\u00e1t ale mohl jen jeden, a t\u00edm je VICAN rodinn\u00e9 vina\u0159stv\u00ed.<\/p>\n\n\n\n<figure class=\"wp-block-image\"><img decoding=\"async\" src=\"http:\/\/gastrohouse.cz\/tmp\/11665_0_800_1580684122.jpg\" alt=\"\"\/><\/figure>\n\n\n\n<p>VICAN rodinn\u00e9 vina\u0159stv\u00ed je mlad\u00e9 a modern\u00ed, barevn\u00e9 a pozitivn\u00ed vina\u0159stv\u00ed, kter\u00e9 se nach\u00e1z\u00ed v Mu\u0161lov\u011b u Mikulova, v sam\u00e9m srdci P\u00e1lavy. Ostatn\u011b s P\u00e1lavou je toto vina\u0159stv\u00ed \u00fazce spjato a hrd\u011b se k n\u00ed hl\u00e1s\u00ed.<\/p>\n\n\n\n<blockquote class=\"wp-block-quote\"><p><em>\u201eNa t\u00e9to sout\u011b\u017ei se mi l\u00edb\u00ed, \u017ee nehodnot\u00ed pouze v\u00edno, ale p\u0159istupuje k&nbsp;oboru vina\u0159stv\u00ed komplexn\u011b. Proto si ceny nesm\u00edrn\u011b v\u00e1\u017e\u00edm. Je to velk\u00e1 odm\u011bna na\u0161\u00ed usilovn\u00e9 pr\u00e1ce a kr\u00e1sn\u00e1 vizitka pro cel\u00fd region P\u00e1lavy,\u201c sd\u011blil hned po vyhl\u00e1\u0161en\u00ed majitel vina\u0159stv\u00ed Tom\u00e1\u0161 Vican.<\/em><\/p><\/blockquote>\n\n\n\n<figure class=\"wp-block-image\"><img decoding=\"async\" src=\"http:\/\/gastrohouse.cz\/tmp\/11672_0_800_1580684577.jpg\" alt=\"\"\/><\/figure>\n\n\n\n<p>Vina\u0159stv\u00ed obhospoda\u0159uje p\u011bt vini\u010dn\u00edch trat\u00ed, kter\u00e9 se nach\u00e1zej\u00ed v&nbsp;mikulovsk\u00e9 vina\u0159sk\u00e9 podoblasti, a pr\u00e1v\u011b s&nbsp;ohledem na terroir kolem Mikulova nesou v\u00edna VICAN vina\u0159stv\u00ed osobit\u00fd a jedine\u010dn\u00fd charakter. Krom\u011b provozn\u00edch kapacit p\u0159\u00edmo v&nbsp;are\u00e1lu vina\u0159stv\u00ed v&nbsp;Mu\u0161lov\u011b disponuje VICAN vina\u0159stv\u00ed tak\u00e9 rekonstruovan\u00fdmi sklepy v&nbsp;obci Bulhary, jich\u017e vyu\u017e\u00edv\u00e1 nejen pro uchov\u00e1n\u00ed v\u00edn v&nbsp;d\u0159ev\u011bn\u00fdch sudech, ale tak\u00e9 v kvevry n\u00e1dob\u00e1ch.<\/p>\n\n\n\n<blockquote class=\"wp-block-quote\"><p><em>\u201eOdborn\u00e1 porota ka\u017edoro\u010dn\u011b vyb\u00edr\u00e1 v\u00edt\u011bze na z\u00e1klad\u011b toho, jak celkov\u011b p\u0159isp\u00edv\u00e1 vina\u0159sk\u00e9mu oboru. V\u00edt\u011bzn\u00e9 vina\u0159stv\u00ed to pln\u00ed hned v&nbsp;n\u011bkolika sm\u011brech. Jedn\u00e1 se o rodinn\u00e9 a z\u00e1rove\u0148 modern\u00ed vina\u0159stv\u00ed orientovan\u00e9 na lidi a s&nbsp;t\u00edm spojenou vina\u0159skou turistiku. Ve v\u0161ech sv\u00fdch \u010dinnostech podporuje a z\u00e1rove\u0148 zachov\u00e1v\u00e1 autenti\u010dnost regionu P\u00e1lavy. Krom\u011b prvot\u0159\u00eddn\u00edch v\u00edn vyr\u00e1b\u00ed i dal\u0161\u00ed produkty, a to prim\u00e1rn\u011b z&nbsp;region\u00e1ln\u00edch surovin,\u201c&nbsp;<\/em>shrnuje hlavn\u00ed d\u016fvody v\u00fdb\u011bru v\u00edt\u011bze JUDr. Tibor Nyitray, prezident Svazu vina\u0159\u016f a dod\u00e1v\u00e1:&nbsp;<em>\u201eZa vina\u0159stv\u00edm je vid\u011bt nejen kus tvrd\u00e9 pr\u00e1ce, ale z\u00e1rove\u0148 nad\u0161en\u00ed, ur\u010dit\u00e1 hravost a l\u00e1ska k&nbsp;oboru. V\u011b\u0159\u00edm, \u017ee leto\u0161n\u00ed v\u00edt\u011bz by se op\u011bt mohl st\u00e1t inspirac\u00ed pro ostatn\u00ed.\u201c<\/em><\/p><\/blockquote>\n\n\n\n<figure class=\"wp-block-image\"><img decoding=\"async\" src=\"http:\/\/gastrohouse.cz\/tmp\/11670_0_800_1580684125.jpg\" alt=\"\"\/><\/figure>\n\n\n\n<p>Kategorii mal\u00e9 vina\u0159stv\u00ed opanovalo&nbsp;<strong>Gala Vina\u0159stv\u00ed<\/strong>. I v&nbsp;tomto p\u0159\u00edpad\u011b jde o rodinnou vina\u0159skou firmu p\u016fsob\u00edc\u00ed nad malebnou obc\u00ed Bavory v&nbsp;centru P\u00e1lavsk\u00fdch vrch\u016f. Rodina kolem Jarom\u00edra Galy si zakl\u00e1d\u00e1 na \u0161etrn\u00e9m p\u0159\u00edstupu k&nbsp;p\u0159\u00edrod\u011b. Referen\u010dn\u00ed odr\u016fdou vina\u0159stv\u00ed je p\u0159edev\u0161\u00edm Ryzlink vla\u0161sk\u00fd. V&nbsp;kategorii velk\u00e9 vina\u0159stv\u00ed z\u00edskalo titul vina\u0159stv\u00ed&nbsp;<strong>Vladim\u00edr Tetur<\/strong>&nbsp;z&nbsp;Velk\u00fdch B\u00edlovic, za kter\u00fdm se skr\u00fdv\u00e1 \u00fasp\u011b\u0161n\u00e1 pr\u00e1ce ji\u017e n\u011bkolik\u00e1t\u00e9 generace Tetur\u016f. Ta sou\u010dasn\u00e1 pov\u00fd\u0161ila vina\u0159stv\u00ed na \u00farove\u0148 modern\u00edho a v\u00fdznamn\u00e9ho tuzemsk\u00e9ho producenta s&nbsp;vyv\u00e1\u017een\u00fdm portfoliem b\u00edl\u00fdch i \u010derven\u00fdch v\u00edn.&nbsp;&nbsp;<\/p>\n\n\n\n<figure class=\"wp-block-image\"><img decoding=\"async\" src=\"http:\/\/gastrohouse.cz\/tmp\/11668_0_800_1580684124.jpg\" alt=\"\"\/><\/figure>\n\n\n\n<p>Krom\u011b hlavn\u00edch cen byly d\u00e1le ud\u011bleny ceny<strong>&nbsp;\u201eKorunn\u00ed \u2013 Enolog roku 2019\u201c<\/strong>&nbsp;\u2013 cena mlad\u00e9mu vina\u0159i, enologovi do 40 let, kterou z\u00edskal&nbsp;<strong>Ing. Bc. Jan St\u00e1vek, Ph.D.<\/strong>&nbsp;Cenu&nbsp;<strong>\u201ePo\u010din roku 2019\u201c<\/strong>&nbsp;z\u00edskal&nbsp;<strong>Ing. Pavel Lacina<\/strong>&nbsp;s rodinou za projekt Vina\u0159i jdou na d\u0159e\u0148.&nbsp;<strong>\u201eCenu prof. Vil\u00e9ma Krause, CSc.\u201c<\/strong>&nbsp;pro v\u00fdznamnou vina\u0159skou osobnost a jej\u00ed celo\u017eivotn\u00ed p\u0159\u00ednos v oboru vinohradnictv\u00ed nebo vina\u0159stv\u00ed obdr\u017eel&nbsp;<strong>Ing. Anton\u00edn \u0160\u0165astn\u00fd<\/strong>.<\/p>\n\n\n\n<figure class=\"wp-block-image\"><img decoding=\"async\" src=\"http:\/\/gastrohouse.cz\/tmp\/11669_0_800_1580684124.jpg\" alt=\"\"\/><\/figure>\n\n\n\n<p>Ve fin\u00e1le se utkalo dev\u011bt vina\u0159stv\u00ed. Za mal\u00e1 vina\u0159stv\u00ed to byla Gala vina\u0159stv\u00ed, a.s., Kr\u00e1sn\u00e1 hora s.r.o., Vina\u0159stv\u00ed Pi\u00e1lek &amp; J\u00e4ger, za st\u0159edn\u00ed Vina\u0159stv\u00ed B\u00edza \u010cejkovice, Vinn\u00e9 sklepy Kutn\u00e1 Hora, s.r.o., VICAN rodinn\u00e9 vina\u0159stv\u00ed a za velk\u00e1 NOV\u00c9 VINA\u0158STV\u00cd, a.s., Vladim\u00edr Tetur a \u0160lechtitelsk\u00e1 stanice vina\u0159sk\u00e1 Velk\u00e9 Pavlovice, a.s. Ta posuzovala odborn\u00e1 komise slo\u017een\u00e1 ze z\u00e1stupc\u016f \u0161ir\u0161\u00ed odborn\u00e9 ve\u0159ejnosti z \u0159ad vinohradn\u00edk\u016f a vina\u0159\u016f, St\u00e1tn\u00ed zem\u011bd\u011blsk\u00e9 a potravin\u00e1\u0159sk\u00e9 inspekce, tisku, enologie, sommelierstv\u00ed, marketingu, prodeje v\u00edna a architektury a designu.<\/p>\n\n\n\n<figure class=\"wp-block-image\"><img decoding=\"async\" src=\"http:\/\/gastrohouse.cz\/tmp\/11671_0_800_1580684125.jpg\" alt=\"\"\/><\/figure>\n\n\n\n<p>V\u00edt\u011bzi titulu Vina\u0159stv\u00ed roku se v minulosti stala vina\u0159stv\u00ed \u0160krob\u00e1k, V\u00edno J. St\u00e1vek, Vinselekt Michlovsk\u00fd a.s., Bohemia Sekt, a.s., Mal\u00fd vina\u0159 \u2013 Franti\u0161ek a Hana M\u00e1dlovi, Znov\u00edn Znojmo, a.s., Sonberk a.s., Ch\u00e2teau Valtice \u2013 Vinn\u00e9 sklepy Valtice a.s. a Z\u00e1meck\u00e9 vina\u0159stv\u00ed Bzenec.<\/p>\n\n\n\n<p>Sout\u011b\u017e vyhla\u0161uje a titul \u201eVina\u0159stv\u00ed roku\u201c ud\u011bluje Svaz vina\u0159\u016f \u010cesk\u00e9 republiky ve spolupr\u00e1ci s N\u00e1rodn\u00edm vina\u0159sk\u00fdm centrem, za v\u00fdznamn\u00e9 podpory Vina\u0159sk\u00e9ho fondu \u010cR, Jihomoravsk\u00e9ho kraje a statut\u00e1rn\u00edho m\u011bsta Brna. Hlavn\u00edmi partnery sout\u011b\u017ee pro ro\u010dn\u00edk 2019 jsou Korunn\u00ed \u2013 certifikovan\u00e1 voda vhodn\u00e1 k&nbsp;v\u00ednu a Albert s nab\u00eddkou v\u00edn finalist\u016f v exkluzivn\u00ed vinot\u00e9ce v Praze na Chodov\u011b.<\/p>\n\n\n\n<p><strong>V\u00edce informac\u00ed naleznete na&nbsp;<a href=\"http:\/\/www.vinarstviroku.cz\/\">www.vinarstviroku.cz<\/a><\/strong><\/p>\n","protected":false},"excerpt":{"rendered":"<p>V\u00edt\u011bzem des\u00e1t\u00e9ho ro\u010dn\u00edku sout\u011b\u017ee Vina\u0159stv\u00ed roku 2019, po\u0159\u00e1dan\u00e9 Svazem vina\u0159\u016f \u010cR, se stalo VICAN rodinn\u00e9 vina\u0159stv\u00ed, kter\u00e9 z\u00e1rove\u0148 zv\u00edt\u011bzilo v kategorii st\u0159edn\u00ed vina\u0159stv\u00ed s produkc\u00ed do 250.000 litr\u016f za rok. V kategorii mal\u00e9 vina\u0159stv\u00ed&#46;&#46;&#46;<\/p>\n","protected":false},"author":2,"featured_media":924,"comment_status":"closed","ping_status":"closed","sticky":false,"template":"","format":"standard","meta":{"_monsterinsights_skip_tracking":false,"_monsterinsights_sitenote_active":false,"_monsterinsights_sitenote_note":"","_monsterinsights_sitenote_category":0,"footnotes":""},"categories":[15,2],"tags":[],"yoast_head":"<!-- This site is optimized with the Yoast SEO plugin v21.5 - https:\/\/yoast.com\/wordpress\/plugins\/seo\/ -->\n<title>Vina\u0159stv\u00edm roku 2019 se stalo VICAN rodinn\u00e9 vina\u0159stv\u00ed - HOTELHOUSE.cz<\/title>\n<meta name=\"robots\" content=\"index, follow, max-snippet:-1, max-image-preview:large, max-video-preview:-1\" \/>\n<link rel=\"canonical\" href=\"https:\/\/hotelhouse.cz\/index.php\/2020\/02\/03\/vinarstvim-roku-2019-se-stalo-vican-rodinne-vinarstvi\/\" \/>\n<meta property=\"og:locale\" content=\"cs_CZ\" \/>\n<meta property=\"og:type\" content=\"article\" \/>\n<meta property=\"og:title\" content=\"Vina\u0159stv\u00edm roku 2019 se stalo VICAN rodinn\u00e9 vina\u0159stv\u00ed - HOTELHOUSE.cz\" \/>\n<meta property=\"og:description\" content=\"V\u00edt\u011bzem des\u00e1t\u00e9ho ro\u010dn\u00edku sout\u011b\u017ee Vina\u0159stv\u00ed roku 2019, po\u0159\u00e1dan\u00e9 Svazem vina\u0159\u016f \u010cR, se stalo VICAN rodinn\u00e9 vina\u0159stv\u00ed, kter\u00e9 z\u00e1rove\u0148 zv\u00edt\u011bzilo v kategorii st\u0159edn\u00ed vina\u0159stv\u00ed s produkc\u00ed do 250.000 litr\u016f za rok. V kategorii mal\u00e9 vina\u0159stv\u00ed&#046;&#046;&#046;\" \/>\n<meta property=\"og:url\" content=\"https:\/\/hotelhouse.cz\/index.php\/2020\/02\/03\/vinarstvim-roku-2019-se-stalo-vican-rodinne-vinarstvi\/\" \/>\n<meta property=\"og:site_name\" content=\"HOTELHOUSE.cz\" \/>\n<meta property=\"article:published_time\" content=\"2020-02-02T23:14:31+00:00\" \/>\n<meta property=\"og:image\" content=\"https:\/\/hotelhouse.cz\/wp-content\/uploads\/2020\/02\/Absolutn\u00ed-\u0161ampion-a-v\u00edt\u011bz-kategorie-st\u0159edn\u00ed-vina\u0159stv\u00ed2.jpg\" \/>\n\t<meta property=\"og:image:width\" content=\"1950\" \/>\n\t<meta property=\"og:image:height\" content=\"1298\" \/>\n\t<meta property=\"og:image:type\" content=\"image\/jpeg\" \/>\n<meta name=\"author\" content=\"Hol\u00e1\u0148ov\u00e1 Jolana\" \/>\n<meta name=\"twitter:card\" content=\"summary_large_image\" \/>\n<meta name=\"twitter:label1\" content=\"Napsal(a)\" \/>\n\t<meta name=\"twitter:data1\" content=\"Hol\u00e1\u0148ov\u00e1 Jolana\" \/>\n\t<meta name=\"twitter:label2\" content=\"Odhadovan\u00e1 doba \u010dten\u00ed\" \/>\n\t<meta name=\"twitter:data2\" content=\"5 minut\" \/>\n<script type=\"application\/ld+json\" class=\"yoast-schema-graph\">{\"@context\":\"https:\/\/schema.org\",\"@graph\":[{\"@type\":\"Article\",\"@id\":\"https:\/\/hotelhouse.cz\/index.php\/2020\/02\/03\/vinarstvim-roku-2019-se-stalo-vican-rodinne-vinarstvi\/#article\",\"isPartOf\":{\"@id\":\"https:\/\/hotelhouse.cz\/index.php\/2020\/02\/03\/vinarstvim-roku-2019-se-stalo-vican-rodinne-vinarstvi\/\"},\"author\":{\"name\":\"Hol\u00e1\u0148ov\u00e1 Jolana\",\"@id\":\"https:\/\/hotelhouse.cz\/#\/schema\/person\/4a69eae39f069d4a695854158f0891cd\"},\"headline\":\"Vina\u0159stv\u00edm roku 2019 se stalo VICAN rodinn\u00e9 vina\u0159stv\u00ed\",\"datePublished\":\"2020-02-02T23:14:31+00:00\",\"dateModified\":\"2020-02-02T23:14:31+00:00\",\"mainEntityOfPage\":{\"@id\":\"https:\/\/hotelhouse.cz\/index.php\/2020\/02\/03\/vinarstvim-roku-2019-se-stalo-vican-rodinne-vinarstvi\/\"},\"wordCount\":1020,\"publisher\":{\"@id\":\"https:\/\/hotelhouse.cz\/#organization\"},\"articleSection\":[\"FOTOREPORTY\",\"NEWS\"],\"inLanguage\":\"cs\"},{\"@type\":\"WebPage\",\"@id\":\"https:\/\/hotelhouse.cz\/index.php\/2020\/02\/03\/vinarstvim-roku-2019-se-stalo-vican-rodinne-vinarstvi\/\",\"url\":\"https:\/\/hotelhouse.cz\/index.php\/2020\/02\/03\/vinarstvim-roku-2019-se-stalo-vican-rodinne-vinarstvi\/\",\"name\":\"Vina\u0159stv\u00edm roku 2019 se stalo VICAN rodinn\u00e9 vina\u0159stv\u00ed - HOTELHOUSE.cz\",\"isPartOf\":{\"@id\":\"https:\/\/hotelhouse.cz\/#website\"},\"datePublished\":\"2020-02-02T23:14:31+00:00\",\"dateModified\":\"2020-02-02T23:14:31+00:00\",\"breadcrumb\":{\"@id\":\"https:\/\/hotelhouse.cz\/index.php\/2020\/02\/03\/vinarstvim-roku-2019-se-stalo-vican-rodinne-vinarstvi\/#breadcrumb\"},\"inLanguage\":\"cs\",\"potentialAction\":[{\"@type\":\"ReadAction\",\"target\":[\"https:\/\/hotelhouse.cz\/index.php\/2020\/02\/03\/vinarstvim-roku-2019-se-stalo-vican-rodinne-vinarstvi\/\"]}]},{\"@type\":\"BreadcrumbList\",\"@id\":\"https:\/\/hotelhouse.cz\/index.php\/2020\/02\/03\/vinarstvim-roku-2019-se-stalo-vican-rodinne-vinarstvi\/#breadcrumb\",\"itemListElement\":[{\"@type\":\"ListItem\",\"position\":1,\"name\":\"Dom\u016f\",\"item\":\"https:\/\/hotelhouse.cz\/\"},{\"@type\":\"ListItem\",\"position\":2,\"name\":\"Vina\u0159stv\u00edm roku 2019 se stalo VICAN rodinn\u00e9 vina\u0159stv\u00ed\"}]},{\"@type\":\"WebSite\",\"@id\":\"https:\/\/hotelhouse.cz\/#website\",\"url\":\"https:\/\/hotelhouse.cz\/\",\"name\":\"HOTELHOUSE.cz\",\"description\":\"Port\u00e1l o hotelech, pensionech, spa resortech a restaurac\u00edch...\",\"publisher\":{\"@id\":\"https:\/\/hotelhouse.cz\/#organization\"},\"potentialAction\":[{\"@type\":\"SearchAction\",\"target\":{\"@type\":\"EntryPoint\",\"urlTemplate\":\"https:\/\/hotelhouse.cz\/?s={search_term_string}\"},\"query-input\":\"required name=search_term_string\"}],\"inLanguage\":\"cs\"},{\"@type\":\"Organization\",\"@id\":\"https:\/\/hotelhouse.cz\/#organization\",\"name\":\"HOTELHOUSE.cz\",\"url\":\"https:\/\/hotelhouse.cz\/\",\"logo\":{\"@type\":\"ImageObject\",\"inLanguage\":\"cs\",\"@id\":\"https:\/\/hotelhouse.cz\/#\/schema\/logo\/image\/\",\"url\":\"https:\/\/hotelhouse.cz\/wp-content\/uploads\/2024\/12\/cropped-Logo_HotelHouse-2.jpg\",\"contentUrl\":\"https:\/\/hotelhouse.cz\/wp-content\/uploads\/2024\/12\/cropped-Logo_HotelHouse-2.jpg\",\"width\":933,\"height\":516,\"caption\":\"HOTELHOUSE.cz\"},\"image\":{\"@id\":\"https:\/\/hotelhouse.cz\/#\/schema\/logo\/image\/\"},\"sameAs\":[\"https:\/\/www.instagram.com\/hotelhousecz\/\"]},{\"@type\":\"Person\",\"@id\":\"https:\/\/hotelhouse.cz\/#\/schema\/person\/4a69eae39f069d4a695854158f0891cd\",\"name\":\"Hol\u00e1\u0148ov\u00e1 Jolana\",\"image\":{\"@type\":\"ImageObject\",\"inLanguage\":\"cs\",\"@id\":\"https:\/\/hotelhouse.cz\/#\/schema\/person\/image\/\",\"url\":\"https:\/\/secure.gravatar.com\/avatar\/5863c504ed89cd419ff3a5e812c722ff?s=96&d=mm&r=g\",\"contentUrl\":\"https:\/\/secure.gravatar.com\/avatar\/5863c504ed89cd419ff3a5e812c722ff?s=96&d=mm&r=g\",\"caption\":\"Hol\u00e1\u0148ov\u00e1 Jolana\"},\"sameAs\":[\"http:\/\/www.hotelhouse.cz\"],\"url\":\"https:\/\/hotelhouse.cz\/index.php\/author\/jolhol\/\"}]}<\/script>\n<!-- \/ Yoast SEO plugin. -->","yoast_head_json":{"title":"Vina\u0159stv\u00edm roku 2019 se stalo VICAN rodinn\u00e9 vina\u0159stv\u00ed - HOTELHOUSE.cz","robots":{"index":"index","follow":"follow","max-snippet":"max-snippet:-1","max-image-preview":"max-image-preview:large","max-video-preview":"max-video-preview:-1"},"canonical":"https:\/\/hotelhouse.cz\/index.php\/2020\/02\/03\/vinarstvim-roku-2019-se-stalo-vican-rodinne-vinarstvi\/","og_locale":"cs_CZ","og_type":"article","og_title":"Vina\u0159stv\u00edm roku 2019 se stalo VICAN rodinn\u00e9 vina\u0159stv\u00ed - HOTELHOUSE.cz","og_description":"V\u00edt\u011bzem des\u00e1t\u00e9ho ro\u010dn\u00edku sout\u011b\u017ee Vina\u0159stv\u00ed roku 2019, po\u0159\u00e1dan\u00e9 Svazem vina\u0159\u016f \u010cR, se stalo VICAN rodinn\u00e9 vina\u0159stv\u00ed, kter\u00e9 z\u00e1rove\u0148 zv\u00edt\u011bzilo v kategorii st\u0159edn\u00ed vina\u0159stv\u00ed s produkc\u00ed do 250.000 litr\u016f za rok. V kategorii mal\u00e9 vina\u0159stv\u00ed&#46;&#46;&#46;","og_url":"https:\/\/hotelhouse.cz\/index.php\/2020\/02\/03\/vinarstvim-roku-2019-se-stalo-vican-rodinne-vinarstvi\/","og_site_name":"HOTELHOUSE.cz","article_published_time":"2020-02-02T23:14:31+00:00","og_image":[{"width":1950,"height":1298,"url":"https:\/\/hotelhouse.cz\/wp-content\/uploads\/2020\/02\/Absolutn\u00ed-\u0161ampion-a-v\u00edt\u011bz-kategorie-st\u0159edn\u00ed-vina\u0159stv\u00ed2.jpg","type":"image\/jpeg"}],"author":"Hol\u00e1\u0148ov\u00e1 Jolana","twitter_card":"summary_large_image","twitter_misc":{"Napsal(a)":"Hol\u00e1\u0148ov\u00e1 Jolana","Odhadovan\u00e1 doba \u010dten\u00ed":"5 minut"},"schema":{"@context":"https:\/\/schema.org","@graph":[{"@type":"Article","@id":"https:\/\/hotelhouse.cz\/index.php\/2020\/02\/03\/vinarstvim-roku-2019-se-stalo-vican-rodinne-vinarstvi\/#article","isPartOf":{"@id":"https:\/\/hotelhouse.cz\/index.php\/2020\/02\/03\/vinarstvim-roku-2019-se-stalo-vican-rodinne-vinarstvi\/"},"author":{"name":"Hol\u00e1\u0148ov\u00e1 Jolana","@id":"https:\/\/hotelhouse.cz\/#\/schema\/person\/4a69eae39f069d4a695854158f0891cd"},"headline":"Vina\u0159stv\u00edm roku 2019 se stalo VICAN rodinn\u00e9 vina\u0159stv\u00ed","datePublished":"2020-02-02T23:14:31+00:00","dateModified":"2020-02-02T23:14:31+00:00","mainEntityOfPage":{"@id":"https:\/\/hotelhouse.cz\/index.php\/2020\/02\/03\/vinarstvim-roku-2019-se-stalo-vican-rodinne-vinarstvi\/"},"wordCount":1020,"publisher":{"@id":"https:\/\/hotelhouse.cz\/#organization"},"articleSection":["FOTOREPORTY","NEWS"],"inLanguage":"cs"},{"@type":"WebPage","@id":"https:\/\/hotelhouse.cz\/index.php\/2020\/02\/03\/vinarstvim-roku-2019-se-stalo-vican-rodinne-vinarstvi\/","url":"https:\/\/hotelhouse.cz\/index.php\/2020\/02\/03\/vinarstvim-roku-2019-se-stalo-vican-rodinne-vinarstvi\/","name":"Vina\u0159stv\u00edm roku 2019 se stalo VICAN rodinn\u00e9 vina\u0159stv\u00ed - HOTELHOUSE.cz","isPartOf":{"@id":"https:\/\/hotelhouse.cz\/#website"},"datePublished":"2020-02-02T23:14:31+00:00","dateModified":"2020-02-02T23:14:31+00:00","breadcrumb":{"@id":"https:\/\/hotelhouse.cz\/index.php\/2020\/02\/03\/vinarstvim-roku-2019-se-stalo-vican-rodinne-vinarstvi\/#breadcrumb"},"inLanguage":"cs","potentialAction":[{"@type":"ReadAction","target":["https:\/\/hotelhouse.cz\/index.php\/2020\/02\/03\/vinarstvim-roku-2019-se-stalo-vican-rodinne-vinarstvi\/"]}]},{"@type":"BreadcrumbList","@id":"https:\/\/hotelhouse.cz\/index.php\/2020\/02\/03\/vinarstvim-roku-2019-se-stalo-vican-rodinne-vinarstvi\/#breadcrumb","itemListElement":[{"@type":"ListItem","position":1,"name":"Dom\u016f","item":"https:\/\/hotelhouse.cz\/"},{"@type":"ListItem","position":2,"name":"Vina\u0159stv\u00edm roku 2019 se stalo VICAN rodinn\u00e9 vina\u0159stv\u00ed"}]},{"@type":"WebSite","@id":"https:\/\/hotelhouse.cz\/#website","url":"https:\/\/hotelhouse.cz\/","name":"HOTELHOUSE.cz","description":"Port\u00e1l o hotelech, pensionech, spa resortech a restaurac\u00edch...","publisher":{"@id":"https:\/\/hotelhouse.cz\/#organization"},"potentialAction":[{"@type":"SearchAction","target":{"@type":"EntryPoint","urlTemplate":"https:\/\/hotelhouse.cz\/?s={search_term_string}"},"query-input":"required name=search_term_string"}],"inLanguage":"cs"},{"@type":"Organization","@id":"https:\/\/hotelhouse.cz\/#organization","name":"HOTELHOUSE.cz","url":"https:\/\/hotelhouse.cz\/","logo":{"@type":"ImageObject","inLanguage":"cs","@id":"https:\/\/hotelhouse.cz\/#\/schema\/logo\/image\/","url":"https:\/\/hotelhouse.cz\/wp-content\/uploads\/2024\/12\/cropped-Logo_HotelHouse-2.jpg","contentUrl":"https:\/\/hotelhouse.cz\/wp-content\/uploads\/2024\/12\/cropped-Logo_HotelHouse-2.jpg","width":933,"height":516,"caption":"HOTELHOUSE.cz"},"image":{"@id":"https:\/\/hotelhouse.cz\/#\/schema\/logo\/image\/"},"sameAs":["https:\/\/www.instagram.com\/hotelhousecz\/"]},{"@type":"Person","@id":"https:\/\/hotelhouse.cz\/#\/schema\/person\/4a69eae39f069d4a695854158f0891cd","name":"Hol\u00e1\u0148ov\u00e1 Jolana","image":{"@type":"ImageObject","inLanguage":"cs","@id":"https:\/\/hotelhouse.cz\/#\/schema\/person\/image\/","url":"https:\/\/secure.gravatar.com\/avatar\/5863c504ed89cd419ff3a5e812c722ff?s=96&d=mm&r=g","contentUrl":"https:\/\/secure.gravatar.com\/avatar\/5863c504ed89cd419ff3a5e812c722ff?s=96&d=mm&r=g","caption":"Hol\u00e1\u0148ov\u00e1 Jolana"},"sameAs":["http:\/\/www.hotelhouse.cz"],"url":"https:\/\/hotelhouse.cz\/index.php\/author\/jolhol\/"}]}},"_links":{"self":[{"href":"https:\/\/hotelhouse.cz\/index.php\/wp-json\/wp\/v2\/posts\/923"}],"collection":[{"href":"https:\/\/hotelhouse.cz\/index.php\/wp-json\/wp\/v2\/posts"}],"about":[{"href":"https:\/\/hotelhouse.cz\/index.php\/wp-json\/wp\/v2\/types\/post"}],"author":[{"embeddable":true,"href":"https:\/\/hotelhouse.cz\/index.php\/wp-json\/wp\/v2\/users\/2"}],"replies":[{"embeddable":true,"href":"https:\/\/hotelhouse.cz\/index.php\/wp-json\/wp\/v2\/comments?post=923"}],"version-history":[{"count":1,"href":"https:\/\/hotelhouse.cz\/index.php\/wp-json\/wp\/v2\/posts\/923\/revisions"}],"predecessor-version":[{"id":925,"href":"https:\/\/hotelhouse.cz\/index.php\/wp-json\/wp\/v2\/posts\/923\/revisions\/925"}],"wp:featuredmedia":[{"embeddable":true,"href":"https:\/\/hotelhouse.cz\/index.php\/wp-json\/wp\/v2\/media\/924"}],"wp:attachment":[{"href":"https:\/\/hotelhouse.cz\/index.php\/wp-json\/wp\/v2\/media?parent=923"}],"wp:term":[{"taxonomy":"category","embeddable":true,"href":"https:\/\/hotelhouse.cz\/index.php\/wp-json\/wp\/v2\/categories?post=923"},{"taxonomy":"post_tag","embeddable":true,"href":"https:\/\/hotelhouse.cz\/index.php\/wp-json\/wp\/v2\/tags?post=923"}],"curies":[{"name":"wp","href":"https:\/\/api.w.org\/{rel}","templated":true}]}}